{"id":46083,"date":"2025-04-15T15:00:23","date_gmt":"2025-04-15T13:00:23","guid":{"rendered":"https:\/\/edublog.educastur.es\/ixuxu\/?p=46083"},"modified":"2025-04-15T21:27:13","modified_gmt":"2025-04-15T19:27:13","slug":"primer-sidre-lanu-2025-en-xixon","status":"publish","type":"post","link":"https:\/\/edublog.educastur.es\/ixuxu\/2025\/04\/primer-sidre-lanu-2025-en-xixon\/","title":{"rendered":"Primer Sidre L\u2019A\u00f1u 2025 en Xix\u00f3n"},"content":{"rendered":"<p style=\"text-align: center\"><a href=\"https:\/\/blog.telecable.es\/embed\/f785a3840607a152e63f179ca8995a24f893e1710761043\/primer-sidre-anu.jpg?imagick=1&amp;size=1200\"><img loading=\"lazy\" decoding=\"async\" class=\"aligncenter size-large\" src=\"https:\/\/blog.telecable.es\/embed\/f785a3840607a152e63f179ca8995a24f893e1710761043\/primer-sidre-anu.jpg?imagick=1&amp;size=1200\" width=\"1200\" height=\"700\" \/><\/a>Imaxe de cabecera: <a href=\"https:\/\/sidradeasturias.es\/\" target=\"_blank\" rel=\"nofollow noopener\">Consejo Regulador de la DOP Sidra de Asturias<\/a><\/p>\n<p>La\u00a0<b>Primer Sidre L\u2019A\u00f1u\u00a02025<\/b> va celebrase en Xix\u00f3n en Selmana Santa, del 17 al 20 d&#8217;abril, con camb\u00e9u d&#8217;allugamientu. Angua\u00f1o va ser la Cortil Ferial Luis Adaro (Feria d&#8217;Amueses) l&#8217;escenariu de la mayor espicha d&#8217;Asturies. La Fundaci\u00f3n Asturies XXI y la revista La Sidra entamen esti eventu que recupera les tradicionales espiches de primavera y epondera la cultura sidrera. Y va facelo con sidra de m\u00e1s de 50 llagares, m\u00fasica, *Cancios de Chigre, cates empuestes, degustaciones, talleres y muncho m\u00e1s. Te cuntamos tol programa de la Primera Sidre L\u2019A\u00f1u 2025.<\/p>\n<h3 class=\"html-h3 x11i5rnm xat24cr x1mh8g0r xexx8yu x4uap5 x18d9i69 xkhd6sd x1vvkbs x1heor9g x1qlqyl8 x1pd3egz x1a2a7pz x1gslohp x1yc453h\" style=\"text-align: center\"><span class=\"xt0psk2\"><span class=\"xjp7ctv\"><a class=\"x1i10hfl xjbqb8w x1ejq31n xd10rxx x1sy0etr x17r0tee x972fbf xcfux6l x1qhh985 xm0m39n x9f619 x1ypdohk xt0psk2 xe8uvvx xdj266r x11i5rnm xat24cr x1mh8g0r xexx8yu x4uap5 x18d9i69 xkhd6sd x16tdsg8 x1hl2dhg xggy1nq x1a2a7pz xkrqix3 x1sur9pj xzsf02u x1s688f\" role=\"link\" href=\"https:\/\/www.facebook.com\/lasidrainfo?__cft__[0]=AZUkLlAglkZwK4l1Ex0tYt0DsrRu2ncQVpvVM-L05N-6-MMgaYzbaHJA2meK78cl2k8iM8zkQNjM2JuTQE9dPnfpvSnSHktvpbQUUxPNQU67vYd28kUSJnqXsVw7KCgGylQ8F7xDisoQwco309rFcjVYHKnDRzpD2EccyLuU6zVv11tiV9bRZTDvyups2J540N8-egFqwBU5aRN1Sy-Q3Vih&amp;__tn__=-UC%2CP-y-R\"><strong class=\"html-strong xdj266r x11i5rnm xat24cr x1mh8g0r xexx8yu x4uap5 x18d9i69 xkhd6sd x1hl2dhg x16tdsg8 x1vvkbs x1s688f\"><span class=\"html-span xdj266r x11i5rnm xat24cr x1mh8g0r xexx8yu x4uap5 x18d9i69 xkhd6sd x1hl2dhg x16tdsg8 x1vvkbs\">LA SIDRA<\/span><\/strong><\/a><\/span><\/span><\/h3>\n<p><!--more--><\/p>\n<h2><b>Primer Sidre L\u2019A\u00f1u<\/b><\/h2>\n<p>Cola Primera Sidre L\u2019A\u00f1u, la<strong> Fundaci\u00f3n Asturies XXI<\/strong> recupera la tradici\u00f3n de les espiches nes que se daba a conocer la sidra nuevo de los llagares al llegar la Selmana Santa. Esta sidra sobro la madre o sidra ensin trasegar ye la que se fa\u00eda antes y que nun se camuda de tonel hasta que s&#8217;embotella.<\/p>\n<p>Cada a\u00f1u la Fundaci\u00f3n Asturies XXI entama&#8217;l<strong> concursu la Meyor Primer Sidre L\u2019A\u00f1u<\/strong>, que va ser la sidra oficial na gran espicha Primer Sidre L\u2019A\u00f1u. El ganador d&#8217;esti 2025 foi&#8217;l *Llagar La Morena, que va recibir el so galard\u00f3n na inauguraci\u00f3n oficial de la Primera Sidre l\u2019A\u00f1u.<\/p>\n<p>Ven a probar el sorprendente sabor de la nueva collecha nesti eventu que marca l&#8217;entamu de la temporada sidrera y que pon en valor la<strong> cultura sidrera asturiana, declarada Bien d&#8217;Inter\u00e9s Cultural y Patrimoniu Mundial Inmaterial.<\/strong><\/p>\n<h2><b>Programa Primer Sidre L\u2019A\u00f1u\u00a02025<\/b><\/h2>\n<figure class=\"img_block\"><img decoding=\"async\" title=\"primer sidre lanu 2025\" src=\"https:\/\/blog.telecable.es\/embed\/b0bb320ff014602629e7692d1a31744617574\/primer-sidre-lanu-2025.jpg?imagick=1&amp;size=750\" alt=\"Primer Sidre L\u2019A\u00f1u 2025\" data-height=\"450\" data-id=\"139760338\" data-width=\"800\" \/><figcaption class=\"img_block-caption\">Imagen:\u00a0<a href=\"https:\/\/www.facebook.com\/lasidrainfo\" target=\"_blank\" rel=\"nofollow noopener\">Revista La Sidra<\/a><\/figcaption><\/figure>\n<p>La Primera Sidre L\u2019A\u00f1u 2025 tresll\u00e1dase angua\u00f1o al Ferial Luis Adaro (Feria d&#8217;Amueses), en cuenta de Cimamilla onde se celebr\u00f3 l&#8217;anterior edici\u00f3n. Ell\u00ed los amantes de la sidra tienen una cita en Selmana Santa, del 17 al 20 d&#8217;abril de 2025.<\/p>\n<p>Pero non y\u00e1 sidra, esta gran espicha que se celebra cada a\u00f1u en Xix\u00f3n, ye tradici\u00f3n, cultura, gastronom\u00eda y muncha diversi\u00f3n.<\/p>\n<p>Na Primera Sidre L\u2019A\u00f1u 2025 va haber m\u00fasica, baille, xuegos, parrilla, sidra\u2026 por qu&#8217;esfrutes de la romer\u00eda de prau m\u00e1s veterana y mayor de Xix\u00f3n, con una parte cubierta en pabell\u00f3n.<\/p>\n<p>Ye la primer edici\u00f3n que se celebra tres la reconocencia de la sidra como Patrimoniu Cultural Inmaterial de la Humanid\u00e1 pola UNESCO. Por eso&#8217;l preg\u00f3n va dalu Luis Benito Garc\u00eda, director de la C\u00e1tedra de la Sidra d&#8217;Asturies de la Universid\u00e1 d&#8217;Uvi\u00e9u.<\/p>\n<p>Am\u00e1s, la Primera Sidre L\u2019A\u00f1u 2025 va cuntar col Espaciu UNESCO, nel que se van desenvolver actividaes alredor de la cultura de la sidra como presentaciones de llibros, conferencies, talleres&#8230;<\/p>\n<p>Bien llueu se va conocer tol programa de la Primera Sidre L\u2019A\u00f1u 2025, que te vamos cuntar pequ\u00ed; mientres te dexamos un resume coles principales actividaes que suelen realizase cada a\u00f1u:<\/p>\n<p><em>Sidra de m\u00e1s de 50 llagares.<\/em><br \/>\n<em>Preg\u00f3n.<\/em><br \/>\n<em>Entrega de premiu la Meyor Primer Sidre L\u2019A\u00f1u 2025.<\/em><br \/>\n<em>Escanci\u00e1u colectivu.<\/em><br \/>\n<em>Exhibiciones d&#8217;escanci\u00e1u.Cates empuestes.<\/em><br \/>\n<em>Deportes y xuegos asturianos.<\/em><br \/>\n<em>Talleres d&#8217;escanci\u00e1u y de *mayado de sidra.<\/em><br \/>\n<em>Showcooking.<\/em><br \/>\n<em>Concursu d&#8217;escanci\u00e1u para aficionaos.<\/em><br \/>\n<em>M\u00fasica y baille.<\/em><\/p>\n<p>El preciu de la entrada ye de 10 \u20ac para tola xornada y l&#8217;entrada para la Primera Sidre L&#8217;A\u00f1u 2025 puede adquirise a la entrada del eventu.<\/p>\n<p>Recuerda, del 17 al 20 d&#8217;abril esfruta de la cultura sidrera en Xix\u00f3n na Primera Sidre L\u2019A\u00f1u 2025.<\/p>\n<p>&nbsp;<\/p>\n","protected":false},"excerpt":{"rendered":"<p>Imaxe de cabecera: Consejo Regulador de la DOP Sidra de Asturias La\u00a0Primer Sidre L\u2019A\u00f1u\u00a02025 va celebrase en Xix\u00f3n en Selmana Santa, del 17 al 20 d&#8217;abril, con camb\u00e9u d&#8217;allugamientu. Angua\u00f1o va ser la Cortil Ferial Luis Adaro (Feria d&#8217;Amueses) l&#8217;escenariu de la mayor espicha d&#8217;Asturies. La Fundaci\u00f3n Asturies XXI y la revista La Sidra entamen [&hellip;]<\/p>\n","protected":false},"author":117,"featured_media":0,"comment_status":"open","ping_status":"open","sticky":false,"template":"","format":"standard","meta":{"footnotes":""},"categories":[156],"tags":[],"class_list":["post-46083","post","type-post","status-publish","format-standard","hentry","category-sidre"],"_links":{"self":[{"href":"https:\/\/edublog.educastur.es\/ixuxu\/wp-json\/wp\/v2\/posts\/46083","targetHints":{"allow":["GET"]}}],"collection":[{"href":"https:\/\/edublog.educastur.es\/ixuxu\/wp-json\/wp\/v2\/posts"}],"about":[{"href":"https:\/\/edublog.educastur.es\/ixuxu\/wp-json\/wp\/v2\/types\/post"}],"author":[{"embeddable":true,"href":"https:\/\/edublog.educastur.es\/ixuxu\/wp-json\/wp\/v2\/users\/117"}],"replies":[{"embeddable":true,"href":"https:\/\/edublog.educastur.es\/ixuxu\/wp-json\/wp\/v2\/comments?post=46083"}],"version-history":[{"count":2,"href":"https:\/\/edublog.educastur.es\/ixuxu\/wp-json\/wp\/v2\/posts\/46083\/revisions"}],"predecessor-version":[{"id":46085,"href":"https:\/\/edublog.educastur.es\/ixuxu\/wp-json\/wp\/v2\/posts\/46083\/revisions\/46085"}],"wp:attachment":[{"href":"https:\/\/edublog.educastur.es\/ixuxu\/wp-json\/wp\/v2\/media?parent=46083"}],"wp:term":[{"taxonomy":"category","embeddable":true,"href":"https:\/\/edublog.educastur.es\/ixuxu\/wp-json\/wp\/v2\/categories?post=46083"},{"taxonomy":"post_tag","embeddable":true,"href":"https:\/\/edublog.educastur.es\/ixuxu\/wp-json\/wp\/v2\/tags?post=46083"}],"curies":[{"name":"wp","href":"https:\/\/api.w.org\/{rel}","templated":true}]}}