{"id":46090,"date":"2025-04-15T10:30:16","date_gmt":"2025-04-15T08:30:16","guid":{"rendered":"https:\/\/edublog.educastur.es\/ixuxu\/?p=46090"},"modified":"2025-04-15T21:43:45","modified_gmt":"2025-04-15T19:43:45","slug":"san-xurde-para-conmemorar-el-dia-del-llibru-nasturies","status":"publish","type":"post","link":"https:\/\/edublog.educastur.es\/ixuxu\/2025\/04\/san-xurde-para-conmemorar-el-dia-del-llibru-nasturies\/","title":{"rendered":"San Xurde para conmemorar el D\u00eda del Llibru n&#8217;Asturies"},"content":{"rendered":"<p style=\"text-align: center\"><a href=\"https:\/\/actualidad.asturias.es\/documents\/537115\/2499193\/2025_04_15+DG+Acci%C3%B3n+Cultural+Presentacio%CC%81n+San+Xurde.jpg\/8455de8c-3df3-1b83-5823-29fe99328f4f?t=1744721823309\"><img loading=\"lazy\" decoding=\"async\" class=\"aligncenter size-large\" src=\"https:\/\/actualidad.asturias.es\/documents\/537115\/2499193\/2025_04_15+DG+Acci%C3%B3n+Cultural+Presentacio%CC%81n+San+Xurde.jpg\/8455de8c-3df3-1b83-5823-29fe99328f4f?t=1744721823309\" width=\"1482\" height=\"849\" \/><\/a><\/p>\n<p>Cultura impulsa la celebraci\u00f3n de San Xurde para conmemorar el D\u00eda del Llibru n&#8217;AsturiesLa iniciativa prop\u00f3n festexar el 23 d&#8217;abril regalando llibros y una rosca, duce o salada, creada para la ocasi\u00f3n. El Princip\u00e1u promueve esta cita en collaboraci\u00f3n con editores, llibrer\u00edes, comercios, confiter\u00edes, panader\u00edes, biblioteques y Miel d&#8217;Asturies IGP.<\/p>\n<ul>\n<li>Fonte: <a href=\"https:\/\/actualidad.asturias.es\/-\/cultura-impulsa-la-celebraci\u00f3n-de-san-xurde-para-conmemorar-el-d\u00eda-del-libro-en-asturias?redirect=%2F\">Actualid\u00e1 Asturies<\/a><\/li>\n<\/ul>\n<p><!--more--><\/p>\n<p>La Conseyer\u00eda de Cultura, Pol\u00edtica Lling\u00fc\u00edstica y Deporte present\u00f3 g\u00fcei <strong>San Xurde<\/strong>, una cita cultural y gastron\u00f3mica para festexar n&#8217;Asturies el D\u00eda del Llibru&#8217;l pr\u00f3ximu 23 d&#8217;abril. Tr\u00e1tase d&#8217;una iniciativa conxunta del Princip\u00e1u colos gremios d&#8217;editores, llibrer\u00edes, comercios, confiter\u00edes, panader\u00edes, biblioteques y Miel d&#8217;Asturies IGP.<\/p>\n<p>Esta nueva propuesta, impulsada por Cultura, <strong>busca convertise n&#8217;una tradici\u00f3n asturiana amestada al D\u00eda Internacional del Llibru<\/strong>. La idea ye regalar llibros y rosques creaes para la ocasi\u00f3n poles confiter\u00edes y panader\u00edes asturianes. D&#8217;esta miente, b\u00fascase realzar la figura de San Xurde, patr\u00f3n de dellos conceyos asturianos y <strong>protagonista de lleendes locales como la del cu\u00e9lebre de Zal\u00f3n (Ayande)<\/strong>, para convertilo nun iconu de la fiesta asturiana del llibru.<\/p>\n<p>La iniciativa, frutu de la collaboraci\u00f3n ente&#8217;l sector editorial, panaderu, confiteru, ap\u00edcola y comercial asturianu, plantega celebrar esta xornada con un xestu doble: regalar un llibru y una rosca de San Xurde, ellabor\u00e1 artesanalmente en dos versiones \u2014salada y dulce\u2014 por panader\u00edes y confiter\u00edes. Les rosques van tar disponibles en tama\u00f1u individual y con ingredientes calidable como&#8217;l miel d&#8217;Asturies IGP.<\/p>\n<p>La nueva festivid\u00e1 busca fomentar la llectura, dinamizar el comerciu local y promover la producci\u00f3n cultural asturiana al travi\u00e9s d&#8217;una celebraci\u00f3n singular y gua\u00f1ao n&#8217;elementos propios de la identid\u00e1 asturiana. Am\u00e1s, pretende crease un venceyu ente&#8217;l llibru y la tradici\u00f3n, facilitando asina la participaci\u00f3n ciudadana en redol a una fecha simb\u00f3lica.<\/p>\n","protected":false},"excerpt":{"rendered":"<p>Cultura impulsa la celebraci\u00f3n de San Xurde para conmemorar el D\u00eda del Llibru n&#8217;AsturiesLa iniciativa prop\u00f3n festexar el 23 d&#8217;abril regalando llibros y una rosca, duce o salada, creada para la ocasi\u00f3n. El Princip\u00e1u promueve esta cita en collaboraci\u00f3n con editores, llibrer\u00edes, comercios, confiter\u00edes, panader\u00edes, biblioteques y Miel d&#8217;Asturies IGP. Fonte: Actualid\u00e1 Asturies<\/p>\n","protected":false},"author":117,"featured_media":0,"comment_status":"open","ping_status":"open","sticky":false,"template":"","format":"standard","meta":{"footnotes":""},"categories":[167,9,10,71],"tags":[],"class_list":["post-46090","post","type-post","status-publish","format-standard","hentry","category-feries","category-libros-adultos","category-llibros-reciella","category-lliteratura"],"_links":{"self":[{"href":"https:\/\/edublog.educastur.es\/ixuxu\/wp-json\/wp\/v2\/posts\/46090","targetHints":{"allow":["GET"]}}],"collection":[{"href":"https:\/\/edublog.educastur.es\/ixuxu\/wp-json\/wp\/v2\/posts"}],"about":[{"href":"https:\/\/edublog.educastur.es\/ixuxu\/wp-json\/wp\/v2\/types\/post"}],"author":[{"embeddable":true,"href":"https:\/\/edublog.educastur.es\/ixuxu\/wp-json\/wp\/v2\/users\/117"}],"replies":[{"embeddable":true,"href":"https:\/\/edublog.educastur.es\/ixuxu\/wp-json\/wp\/v2\/comments?post=46090"}],"version-history":[{"count":4,"href":"https:\/\/edublog.educastur.es\/ixuxu\/wp-json\/wp\/v2\/posts\/46090\/revisions"}],"predecessor-version":[{"id":46094,"href":"https:\/\/edublog.educastur.es\/ixuxu\/wp-json\/wp\/v2\/posts\/46090\/revisions\/46094"}],"wp:attachment":[{"href":"https:\/\/edublog.educastur.es\/ixuxu\/wp-json\/wp\/v2\/media?parent=46090"}],"wp:term":[{"taxonomy":"category","embeddable":true,"href":"https:\/\/edublog.educastur.es\/ixuxu\/wp-json\/wp\/v2\/categories?post=46090"},{"taxonomy":"post_tag","embeddable":true,"href":"https:\/\/edublog.educastur.es\/ixuxu\/wp-json\/wp\/v2\/tags?post=46090"}],"curies":[{"name":"wp","href":"https:\/\/api.w.org\/{rel}","templated":true}]}}