{"id":46098,"date":"2025-04-15T08:30:58","date_gmt":"2025-04-15T06:30:58","guid":{"rendered":"https:\/\/edublog.educastur.es\/ixuxu\/?p=46098"},"modified":"2025-04-15T21:50:49","modified_gmt":"2025-04-15T19:50:49","slug":"el-tiempu-el-comercio-45","status":"publish","type":"post","link":"https:\/\/edublog.educastur.es\/ixuxu\/2025\/04\/el-tiempu-el-comercio-45\/","title":{"rendered":"El tiempu (El Comercio)"},"content":{"rendered":"<p style=\"text-align: center\"><a href=\"https:\/\/s3.ppllstatics.com\/elcomercio\/www\/multimedia\/2025\/04\/14\/previson-tiempo-asturias-kOiG-U2301404163085IHH-1850x840@El%20Comercio.jpg\"><img loading=\"lazy\" decoding=\"async\" class=\"aligncenter size-large\" src=\"https:\/\/s3.ppllstatics.com\/elcomercio\/www\/multimedia\/2025\/04\/14\/previson-tiempo-asturias-kOiG-U2301404163085IHH-1850x840@El%20Comercio.jpg\" width=\"1850\" height=\"840\" \/><\/a><\/p>\n<p style=\"text-align: center\"><em>La probabilid\u00e1 de bastios va ser mayor mientres la segunda met\u00e1 del d\u00eda.<\/em><\/p>\n<p><!--more--><\/p>\n<p>La previsi\u00f3n del tiempu n&#8217;Asturies para esti martes: esperamos intervalos nublos con m\u00e1s nubosid\u00e1 cuanto m\u00e1s movamos escontra&#8217;l cordal.<\/p>\n<p>La probabilid\u00e1 de bastios va ser mayor mientres la segunda met\u00e1 del d\u00eda anque, de forma aisllada, nun se refuguen tami\u00e9n pela ma\u00f1ana. Estes precipitaciones probablemente tean irregularmente part\u00edes pero, a priori, hai una mayor encl\u00edn de qu&#8217;afecten con mayor frecuencia sobremanera a la met\u00e1 sur asturiana.<\/p>\n<p>Los vientos van predominar de componente oeste con intensid\u00e1 moderada.<\/p>\n<p>Tocantes a les temperatures, prevese un descensu notable de les m\u00e1ximes. Van Baxar ente 6 y 8 \u00baC pr\u00e1cticamente en tol Princip\u00e1u. Poro, esperamos una xornada bastante embruscada. La cota de nieve va rondar los 800\/900 metros mientres tol d\u00eda.<\/p>\n<p>El mi\u00e9rcoles esperamos m\u00e1s estabilid\u00e1 pela ma\u00f1ana con momentos inclusive de grandes claros. Pela tarde vamos tener mayor nubosid\u00e1 y precipitaciones d\u00e9biles que van entrar pel oeste y van movese escontra l&#8217;oriente asturianu. Les temperatures, llixeramente, van empezar a recuperase.<\/p>\n","protected":false},"excerpt":{"rendered":"<p>La probabilid\u00e1 de bastios va ser mayor mientres la segunda met\u00e1 del d\u00eda.<\/p>\n","protected":false},"author":117,"featured_media":0,"comment_status":"open","ping_status":"open","sticky":false,"template":"","format":"standard","meta":{"footnotes":""},"categories":[5],"tags":[],"class_list":["post-46098","post","type-post","status-publish","format-standard","hentry","category-tiempu"],"_links":{"self":[{"href":"https:\/\/edublog.educastur.es\/ixuxu\/wp-json\/wp\/v2\/posts\/46098","targetHints":{"allow":["GET"]}}],"collection":[{"href":"https:\/\/edublog.educastur.es\/ixuxu\/wp-json\/wp\/v2\/posts"}],"about":[{"href":"https:\/\/edublog.educastur.es\/ixuxu\/wp-json\/wp\/v2\/types\/post"}],"author":[{"embeddable":true,"href":"https:\/\/edublog.educastur.es\/ixuxu\/wp-json\/wp\/v2\/users\/117"}],"replies":[{"embeddable":true,"href":"https:\/\/edublog.educastur.es\/ixuxu\/wp-json\/wp\/v2\/comments?post=46098"}],"version-history":[{"count":3,"href":"https:\/\/edublog.educastur.es\/ixuxu\/wp-json\/wp\/v2\/posts\/46098\/revisions"}],"predecessor-version":[{"id":46101,"href":"https:\/\/edublog.educastur.es\/ixuxu\/wp-json\/wp\/v2\/posts\/46098\/revisions\/46101"}],"wp:attachment":[{"href":"https:\/\/edublog.educastur.es\/ixuxu\/wp-json\/wp\/v2\/media?parent=46098"}],"wp:term":[{"taxonomy":"category","embeddable":true,"href":"https:\/\/edublog.educastur.es\/ixuxu\/wp-json\/wp\/v2\/categories?post=46098"},{"taxonomy":"post_tag","embeddable":true,"href":"https:\/\/edublog.educastur.es\/ixuxu\/wp-json\/wp\/v2\/tags?post=46098"}],"curies":[{"name":"wp","href":"https:\/\/api.w.org\/{rel}","templated":true}]}}