{"id":46103,"date":"2025-04-16T08:30:27","date_gmt":"2025-04-16T06:30:27","guid":{"rendered":"https:\/\/edublog.educastur.es\/ixuxu\/?p=46103"},"modified":"2025-04-16T11:42:03","modified_gmt":"2025-04-16T09:42:03","slug":"el-tiempu-nasturies-el-comercio-2","status":"publish","type":"post","link":"https:\/\/edublog.educastur.es\/ixuxu\/2025\/04\/el-tiempu-nasturies-el-comercio-2\/","title":{"rendered":"El tiempu n&#8217;Asturies (El Comercio)"},"content":{"rendered":"<p>A lo llargo de la ma\u00f1ana podr\u00eden apaecer les primeres ag\u00fces pel oeste y van dir estendi\u00e9ndose col intre de les hores al restu.<\/p>\n<p style=\"text-align: center\"><a href=\"https:\/\/s1.ppllstatics.com\/elcomercio\/www\/multimedia\/2025\/04\/15\/prevision-tiempo-asturias-k7lB-U2301404163085IHH-1850x840@El%20Comercio.jpg\"><img loading=\"lazy\" decoding=\"async\" class=\"aligncenter size-large\" src=\"https:\/\/s1.ppllstatics.com\/elcomercio\/www\/multimedia\/2025\/04\/15\/prevision-tiempo-asturias-k7lB-U2301404163085IHH-1850x840@El%20Comercio.jpg\" width=\"1850\" height=\"837\" \/><\/a><\/p>\n<p><!--more--><\/p>\n<p>Vamos<strong><span style=\"color: #008080\"> amanecer<\/span><\/strong> con unes condiciones meteorol\u00f3xiques relativamente estables cuidao que la probabilid\u00e1 de precipitaciones va ser bien baxa.\u00a0 A lo llargo de la ma\u00f1ana podr\u00eden apaecer les primeres ag\u00fces pel oeste y van dir estendi\u00e9ndose col intre de les hores al restu. Concretamente, la segunda met\u00e1 del d\u00eda enc\u00e1rase con una mayor probabilid\u00e1 de precipitaciones.<\/p>\n<p>La <span style=\"color: #008080\"><strong>cota de nieve<\/strong><\/span> va rondar los 900 o 1000 metros aprosimao mientres tol d\u00eda. Les temperatures m\u00e1ximes van caltenese al respective de les del martes polo que va ser una xornada un tanto embruscada. Les m\u00ednimes van baxar na met\u00e1 oriental y van caltenese ensin cambeos na occidental.<\/p>\n<p>Los<strong><span style=\"color: #008080\"> vientos<\/span><\/strong> van empezar soplando de suroeste con raches moderaes, anque se van afitar d&#8217;oeste a partir del mediud\u00eda con posibles raches localmente fuertes na mari\u00f1a nel momentu del xiru anque r\u00e1pido va menguar la intensid\u00e1.<\/p>\n<p>Para&#8217;l <strong><span style=\"color: #008080\">Xueves Santu<\/span><\/strong> esperamos bon tiempu con nubes y escamplaes en ll\u00ednees xenerales. Nun se refuguen delles precipitaciones d\u00e9biles nel terciu occidental a la fin del d\u00eda. Les temperatures van xubir gracies a un predominiu de vientos de suroeste.<\/p>\n<p>El <strong><span style=\"color: #008080\">Vienres Santu<\/span><\/strong> vamos tener una ma\u00f1ana estable con temperatures bien prestoses deb\u00edu nuevamente a vientos de componente sur.<\/p>\n<p>Pero preven ag\u00fces xeneralizaes a la fin de la xornada que va ser l&#8217;entamu d&#8217;una fin de selmana inestable n&#8217;Asturies.<\/p>\n","protected":false},"excerpt":{"rendered":"<p>A lo llargo de la ma\u00f1ana podr\u00eden apaecer les primeres ag\u00fces pel oeste y van dir estendi\u00e9ndose col intre de les hores al restu.<\/p>\n","protected":false},"author":117,"featured_media":0,"comment_status":"open","ping_status":"open","sticky":false,"template":"","format":"standard","meta":{"footnotes":""},"categories":[5],"tags":[],"class_list":["post-46103","post","type-post","status-publish","format-standard","hentry","category-tiempu"],"_links":{"self":[{"href":"https:\/\/edublog.educastur.es\/ixuxu\/wp-json\/wp\/v2\/posts\/46103","targetHints":{"allow":["GET"]}}],"collection":[{"href":"https:\/\/edublog.educastur.es\/ixuxu\/wp-json\/wp\/v2\/posts"}],"about":[{"href":"https:\/\/edublog.educastur.es\/ixuxu\/wp-json\/wp\/v2\/types\/post"}],"author":[{"embeddable":true,"href":"https:\/\/edublog.educastur.es\/ixuxu\/wp-json\/wp\/v2\/users\/117"}],"replies":[{"embeddable":true,"href":"https:\/\/edublog.educastur.es\/ixuxu\/wp-json\/wp\/v2\/comments?post=46103"}],"version-history":[{"count":1,"href":"https:\/\/edublog.educastur.es\/ixuxu\/wp-json\/wp\/v2\/posts\/46103\/revisions"}],"predecessor-version":[{"id":46104,"href":"https:\/\/edublog.educastur.es\/ixuxu\/wp-json\/wp\/v2\/posts\/46103\/revisions\/46104"}],"wp:attachment":[{"href":"https:\/\/edublog.educastur.es\/ixuxu\/wp-json\/wp\/v2\/media?parent=46103"}],"wp:term":[{"taxonomy":"category","embeddable":true,"href":"https:\/\/edublog.educastur.es\/ixuxu\/wp-json\/wp\/v2\/categories?post=46103"},{"taxonomy":"post_tag","embeddable":true,"href":"https:\/\/edublog.educastur.es\/ixuxu\/wp-json\/wp\/v2\/tags?post=46103"}],"curies":[{"name":"wp","href":"https:\/\/api.w.org\/{rel}","templated":true}]}}