{"id":46105,"date":"2025-04-15T09:10:44","date_gmt":"2025-04-15T07:10:44","guid":{"rendered":"https:\/\/edublog.educastur.es\/ixuxu\/?p=46105"},"modified":"2025-04-16T14:06:46","modified_gmt":"2025-04-16T12:06:46","slug":"a-el-bosco-gusta-y-el-pozu-santa-barbara","status":"publish","type":"post","link":"https:\/\/edublog.educastur.es\/ixuxu\/2025\/04\/a-el-bosco-gusta-y-el-pozu-santa-barbara\/","title":{"rendered":"A \u00abEl Bosco\u00bb g\u00fasta-y el Pozu Santa B\u00e1rbara"},"content":{"rendered":"<p style=\"text-align: center\"><a href=\"https:\/\/s1.ppllstatics.com\/elcomercio\/www\/multimedia\/2025\/04\/15\/bosco-mieres-R7F4AtTfunhSOywtcCMSaCJ-1200x840@El%20Comercio.jpg\"><img loading=\"lazy\" decoding=\"async\" class=\"aligncenter size-large\" src=\"https:\/\/s1.ppllstatics.com\/elcomercio\/www\/multimedia\/2025\/04\/15\/bosco-mieres-R7F4AtTfunhSOywtcCMSaCJ-1200x840@El%20Comercio.jpg\" width=\"1200\" height=\"840\" \/><\/a><\/p>\n<p>Cientos de persones esfruten estos d\u00edes en Mieres de la reinterpretaci\u00f3n en videoarte de &#8216;El xard\u00edn de les delicies&#8217;.<\/p>\n<ul>\n<li>Fonte: <a href=\"https:\/\/www.elcomercio.es\/area-metropolitana-asturias\/cuencas\/jardin-delicias-bosco-mieres-pozo-santa-barbara-exposicion-videoarte-lev-20250415172102-nt.html\">El Comercio<\/a><\/li>\n<li>Pozu Santa B\u00e1rbara:<a href=\"https:\/\/es.wikipedia.org\/wiki\/Pozo_Santa_B\u00e1rbara\"> wiki<\/a> \/ <a href=\"https:\/\/www.mieres.es\/turismo\/patrimonio\/patrimonio-industrial\/pozu-santa-barbara\/\">info<\/a>\u00a0 \/<\/li>\n<\/ul>\n<p><!--more--><\/p>\n<p>En dexando tras el Pozu Figareo, bien avanzao&#8217;l valle del Tur\u00f3n, al averase a La Rabaldana acol\u00fambrense los dos castilletes del<strong> Pozu Santa B\u00e1rbara, cerr\u00e1u dende 1995, declar\u00e1u Bien d&#8217;Inter\u00e9s Cultural en 2009 y reaprovechada en 2015 la so antigua sala de m\u00e1quines como centru cultural.<\/strong> Cientos de visitantes lleguen estos d\u00edes a esti rinc\u00f3n de la cuenca del Caudal para esfrutar d&#8217;una instalaci\u00f3n de videuarte que reinterpreta la obra d<strong>&#8216;El Bosco &#8216;El xard\u00edn de les delicies&#8217;<\/strong>, una de les estrelles indiscutibles del Mus\u00e9u del Prau.<\/p>\n<p style=\"text-align: center\"><a href=\"https:\/\/s2.ppllstatics.com\/elcomercio\/www\/multimedia\/2025\/04\/15\/bosco-expo-U61467276704DKT-1200x841@El%20Comercio.jpg\"><img loading=\"lazy\" decoding=\"async\" class=\"aligncenter \" src=\"https:\/\/s2.ppllstatics.com\/elcomercio\/www\/multimedia\/2025\/04\/15\/bosco-expo-U61467276704DKT-1200x841@El%20Comercio.jpg\" width=\"645\" height=\"452\" \/><\/a><\/p>\n<ul>\n<li><strong><span style=\"color: #008080\">Pozu Santa B\u00e1rbara<\/span><\/strong>:<a href=\"https:\/\/es.wikipedia.org\/wiki\/Pozo_Santa_B\u00e1rbara\"> wiki<\/a> \/ <a href=\"https:\/\/www.mieres.es\/turismo\/patrimonio\/patrimonio-industrial\/pozu-santa-barbara\/\">info<\/a>\u00a0 \/<\/li>\n<\/ul>\n<p><strong>El Pozu Santa B\u00e1rbara, asiti\u00e1u na cuenca del r\u00edu Tur\u00f3n a 10 kil\u00f3metros de Mieres, foi unu de los mayores pozos mineros d&#8217;Asturies.<\/strong> La empresa Hulleres del Tur\u00f3n abri\u00f3se en 1913 en busca del preci\u00e1u carb\u00f3n y colos sos dos pozos verticales acab\u00f3 siendo la exa d&#8217;un conxuntu empresarial.\u00a0 El <strong>pozu Santa B\u00e1rbara<\/strong> ye una hist\u00f3rica mina de carb\u00f3n asturiano y\u00e1 clausurada asitiada na parroquia de Tur\u00f3n, nel conceyu de Mieres (Espa\u00f1a). Foi declar\u00e1u Bien d&#8217;inter\u00e9s cultural el 29 d&#8217;ochobre de 2009.\u200b Angua\u00f1o funciona como centru cultural.<\/p>\n<p style=\"text-align: center\"><a href=\"https:\/\/upload.wikimedia.org\/wikipedia\/commons\/thumb\/9\/98\/Pozu_Santa_Barbara_%2803%29.jpg\/1280px-Pozu_Santa_Barbara_%2803%29.jpg\"><img loading=\"lazy\" decoding=\"async\" class=\"aligncenter size-large\" src=\"https:\/\/upload.wikimedia.org\/wikipedia\/commons\/thumb\/9\/98\/Pozu_Santa_Barbara_%2803%29.jpg\/1280px-Pozu_Santa_Barbara_%2803%29.jpg\" width=\"1280\" height=\"853\" \/><\/a><\/p>\n<p><strong>Hestoria<\/strong> Foi inaugur\u00e1u 1913 so la titularid\u00e1 d&#8217;Hulleres del Tur\u00f3n, con una fondura de 113 metros. At\u00f3pase asiti\u00e1u na paraxa conocida como La Rabaldana, n&#8217;una franxa de terrenal plana, estrecha y allargada llindada pela carretera actual, el r\u00edu, y la carretera de serviciu d&#8217;Hunosa.<\/p>\n<p style=\"text-align: center\"><a href=\"https:\/\/upload.wikimedia.org\/wikipedia\/commons\/thumb\/1\/11\/Pozu_Santa_Barbara_%2808%29.jpg\/960px-Pozu_Santa_Barbara_%2808%29.jpg\"><img loading=\"lazy\" decoding=\"async\" class=\"aligncenter \" src=\"https:\/\/upload.wikimedia.org\/wikipedia\/commons\/thumb\/1\/11\/Pozu_Santa_Barbara_%2808%29.jpg\/960px-Pozu_Santa_Barbara_%2808%29.jpg\" width=\"513\" height=\"770\" \/><\/a><\/p>\n","protected":false},"excerpt":{"rendered":"<p>Cientos de persones esfruten estos d\u00edes en Mieres de la reinterpretaci\u00f3n en videoarte de &#8216;El xard\u00edn de les delicies&#8217;. Fonte: El Comercio Pozu Santa B\u00e1rbara: wiki \/ info\u00a0 \/<\/p>\n","protected":false},"author":117,"featured_media":0,"comment_status":"open","ping_status":"open","sticky":false,"template":"","format":"standard","meta":{"footnotes":""},"categories":[89,14,320],"tags":[],"class_list":["post-46105","post","type-post","status-publish","format-standard","hentry","category-arte","category-esposiciones","category-mina"],"_links":{"self":[{"href":"https:\/\/edublog.educastur.es\/ixuxu\/wp-json\/wp\/v2\/posts\/46105","targetHints":{"allow":["GET"]}}],"collection":[{"href":"https:\/\/edublog.educastur.es\/ixuxu\/wp-json\/wp\/v2\/posts"}],"about":[{"href":"https:\/\/edublog.educastur.es\/ixuxu\/wp-json\/wp\/v2\/types\/post"}],"author":[{"embeddable":true,"href":"https:\/\/edublog.educastur.es\/ixuxu\/wp-json\/wp\/v2\/users\/117"}],"replies":[{"embeddable":true,"href":"https:\/\/edublog.educastur.es\/ixuxu\/wp-json\/wp\/v2\/comments?post=46105"}],"version-history":[{"count":8,"href":"https:\/\/edublog.educastur.es\/ixuxu\/wp-json\/wp\/v2\/posts\/46105\/revisions"}],"predecessor-version":[{"id":46113,"href":"https:\/\/edublog.educastur.es\/ixuxu\/wp-json\/wp\/v2\/posts\/46105\/revisions\/46113"}],"wp:attachment":[{"href":"https:\/\/edublog.educastur.es\/ixuxu\/wp-json\/wp\/v2\/media?parent=46105"}],"wp:term":[{"taxonomy":"category","embeddable":true,"href":"https:\/\/edublog.educastur.es\/ixuxu\/wp-json\/wp\/v2\/categories?post=46105"},{"taxonomy":"post_tag","embeddable":true,"href":"https:\/\/edublog.educastur.es\/ixuxu\/wp-json\/wp\/v2\/tags?post=46105"}],"curies":[{"name":"wp","href":"https:\/\/api.w.org\/{rel}","templated":true}]}}