{"id":46123,"date":"2025-04-16T11:00:30","date_gmt":"2025-04-16T09:00:30","guid":{"rendered":"https:\/\/edublog.educastur.es\/ixuxu\/?p=46123"},"modified":"2025-04-16T12:31:09","modified_gmt":"2025-04-16T10:31:09","slug":"46123","status":"publish","type":"post","link":"https:\/\/edublog.educastur.es\/ixuxu\/2025\/04\/46123\/","title":{"rendered":"La Central hidroel\u00e9ctrica de Salime"},"content":{"rendered":"<div class=\"xu06os2 x1ok221b\">\n<div class=\"html-div xdj266r x11i5rnm xat24cr x1mh8g0r xexx8yu x4uap5 x18d9i69 xkhd6sd\" data-ad-rendering-role=\"profile_name\">\n<ul>\n<li id=\"\u00abR5alanalqhraillkqismipapd5aq\u00bb\" class=\"html-h4 x11i5rnm xat24cr x1mh8g0r xexx8yu x4uap5 x18d9i69 xkhd6sd x1vvkbs x1heor9g x1qlqyl8 x1pd3egz x1a2a7pz x1gslohp x1yc453h\"><span class=\"xt0psk2\"><span class=\"xjp7ctv\"><a class=\"x1i10hfl xjbqb8w x1ejq31n xd10rxx x1sy0etr x17r0tee x972fbf xcfux6l x1qhh985 xm0m39n x9f619 x1ypdohk xt0psk2 xe8uvvx xdj266r x11i5rnm xat24cr x1mh8g0r xexx8yu x4uap5 x18d9i69 xkhd6sd x16tdsg8 x1hl2dhg xggy1nq x1a2a7pz xkrqix3 x1sur9pj xzsf02u x1s688f\" role=\"link\" href=\"https:\/\/www.facebook.com\/patrimoniuindustrial?__cft__[0]=AZV_OjlA5yOkUr5OyBpSNXeHeArH3wYxiJw_WUErHgriiDzds_fi7OwhRXGkc2aEMgJpoN3FysadSozTx7dE4-6yRvcpnK_By-DI0r8iThBT_q1AOmR-vGoiUSlS0HxYJOO71O-s326y_rh7yjut_J_0Gkc00SLzJ2Y6cDZpNit-ikQucy7OHPnVFw0a4K5YmIGpqJp2FU6ls6mTArb_UP1MbWRhzHkVADTqWME1Gd-1GA&amp;__tn__=-UC%2CP-R\"><strong class=\"html-strong xdj266r x11i5rnm xat24cr x1mh8g0r xexx8yu x4uap5 x18d9i69 xkhd6sd x1hl2dhg x16tdsg8 x1vvkbs x1s688f\"><span class=\"html-span xdj266r x11i5rnm xat24cr x1mh8g0r xexx8yu x4uap5 x18d9i69 xkhd6sd x1hl2dhg x16tdsg8 x1vvkbs\">Patrimoniu Industrial<\/span><\/strong><\/a><\/span><\/span>\/ Natalia Tielve Garc\u00eda \/ <a href=\"https:\/\/espana.edp.com\/es\/edp-spain\/salime\"><strong>EDP<\/strong> <\/a>\/<\/li>\n<li><span class=\"reference-text\"><a class=\"external text\" href=\"http:\/\/www.lne.es\/sociedad-cultura\/2011\/05\/15\/salime-salto-arte-energia\/1074997.html\" rel=\"nofollow\">Salime, un salto de arte y energ\u00eda.<\/a> Art\u00edculu en <a title=\"La Nueva Espa\u00f1a\" href=\"https:\/\/es.wikipedia.org\/wiki\/La_Nueva_Espa%C3%B1a\">La Nueva Espa\u00f1a<\/a> de 15 de mayu de 2011.<br \/>\n<\/span><\/li>\n<\/ul>\n<\/div>\n<\/div>\n<div class=\"html-div xdj266r x11i5rnm xat24cr x1mh8g0r xexx8yu x4uap5 x18d9i69 xkhd6sd x1iyjqo2 xeuugli\">\n<div class=\"x78zum5 xdt5ytf xz62fqu x16ldp7u\">\n<div class=\"xu06os2 x1ok221b\">\n<div id=\"\u00abR5alanalqhraillkqismipapd5aqH1\u00bb\" class=\"html-div xdj266r x11i5rnm xat24cr x1mh8g0r xexx8yu x4uap5 x18d9i69 xkhd6sd x1q0g3np\" style=\"text-align: center\"><a href=\"https:\/\/patrimoniuindustrial.com\/wp-content\/uploads\/2021\/03\/B_A_HDR_09_Murales-de-Salime_12.jpg\"><img loading=\"lazy\" decoding=\"async\" class=\"aligncenter size-large\" src=\"https:\/\/patrimoniuindustrial.com\/wp-content\/uploads\/2021\/03\/B_A_HDR_09_Murales-de-Salime_12.jpg\" width=\"1280\" height=\"720\" \/><\/a><\/div>\n<\/div>\n<\/div>\n<\/div>\n<div class=\"xqcrz7y x78zum5 x1qx5ct2 x1y1aw1k x1sxyh0 xwib8y2 xurb0ha xw4jnvo\">\n<div><\/div>\n<\/div>\n<div class=\"html-div xdj266r x11i5rnm xat24cr x1mh8g0r xexx8yu x4uap5 x18d9i69 xkhd6sd\" dir=\"auto\">\n<div class=\"html-div xdj266r x11i5rnm xat24cr x1mh8g0r xexx8yu x4uap5 x18d9i69 xkhd6sd\" data-ad-rendering-role=\"story_message\">\n<div id=\"\u00abR5alanalqhraillkqismipapd5aqH2\u00bb\" class=\"x1l90r2v x1iorvi4 x1ye3gou xn6708d\" data-ad-comet-preview=\"message\" data-ad-preview=\"message\">\n<div class=\"x78zum5 xdt5ytf xz62fqu x16ldp7u\">\n<div class=\"xu06os2 x1ok221b\">\n<div class=\"x11i5rnm xat24cr x1mh8g0r x1vvkbs xtlvy1s x126k92a\">\n<div dir=\"auto\">\u00bfPue una central hidroel\u00e9ctrica cuntar una hestoria \u00e9pica? La de Salime non solo xenera enerx\u00eda: la so sala de turbines alluga un mural monumental que narra l&#8217;esfuerzu humano y art\u00edstico tres la so construcci\u00f3n. Afaya la hestoria de los sos murales. El monumental aprovechamientu hidroel\u00e9ctricu de Salime, construy\u00edu ente los a\u00f1os 1945 y 1955, ye xuna sobeyosa manifestaci\u00f3n del llabor integrador desenvuelta por <span style=\"color: #008080\"><strong>Joaqu\u00edn Vaquero Palacios<\/strong> <\/span>en collaboraci\u00f3n col so f\u00edu Joaqu\u00edn Vaquero Turcios.<\/div>\n<div dir=\"auto\"><\/div>\n<ul>\n<li dir=\"auto\">Joaqu\u00edn <strong>Vaquero Palacios<\/strong>: Uvi\u00e9u, 9 xunu 1900 &#8211; Madrid, 1998 \/\u00a0 <a href=\"https:\/\/docomomoiberico.com\/autoria\/joaquin-vaquero-palacios\/\">bio<\/a> \/ <a href=\"https:\/\/www.arquitecturaydiseno.es\/arquitectura\/vaquero-palacios-creador-electrico_1443\">info<\/a> \/<a href=\"https:\/\/lacasadelaarquitectura.es\/recurso\/joaquin-vaquero-palacios\/46ba1e6d-a08b-4d93-b633-4d353870128a\">web<\/a> \/\u00a0 <a href=\"https:\/\/www.epdlp.com\/arquitecto.php?id=5781\">medaya d&#8217;oru de l&#8217;arquitectura 1996<\/a> \/<\/li>\n<li dir=\"auto\">Joaqu\u00edn <strong>Vaquero Turcios<\/strong>: <a href=\"https:\/\/www.pintoresasturianos.com\/biografias-de-pintores-asturianos\/joaquin-vaquero-turcios\/\">bio<\/a> \/ <a href=\"https:\/\/es.wikipedia.org\/wiki\/Joaqu%C3%ADn_Vaquero_Turcios\">wiki<\/a> \/<\/li>\n<\/ul>\n<div dir=\"auto\">\n<p><!--more--><\/p>\n<p style=\"text-align: center\"><a href=\"https:\/\/patrimoniuindustrial.com\/wp-content\/uploads\/2021\/03\/B_A_HDR_09_Murales-de-Salime_06.jpg\"><img loading=\"lazy\" decoding=\"async\" class=\"aligncenter size-large\" src=\"https:\/\/patrimoniuindustrial.com\/wp-content\/uploads\/2021\/03\/B_A_HDR_09_Murales-de-Salime_06.jpg\" width=\"1280\" height=\"720\" \/><\/a><\/p>\n<p>Na sala de turbines de la Central de Salime atopamos dos de les intervenciones m\u00e1s interesantes: xuna composici\u00f3n xeom\u00e9trica que reproduz la descarga el\u00e9ctrica ente dos polos y un gran frisu narrativu que da cuenta de l&#8217;aballadora esperiencia constructiva del saltu. La composici\u00f3n, a gran escala, esixe xuna llectura continua para aprehender el relatu, la narraci\u00f3n de los trabayos entamaos dende la x\u00e9nesis del proyectu hasta llegar a les aplicaciones de la eletricid\u00e1 y de los sos protagonistes.<\/p>\n<p style=\"text-align: center\"><a href=\"https:\/\/patrimoniuindustrial.com\/wp-content\/uploads\/2021\/03\/B_A_HDR_01_Central-Hidroelectrica-de-Salime-11.jpg\"><img loading=\"lazy\" decoding=\"async\" class=\"aligncenter size-large\" src=\"https:\/\/patrimoniuindustrial.com\/wp-content\/uploads\/2021\/03\/B_A_HDR_01_Central-Hidroelectrica-de-Salime-11.jpg\" width=\"1267\" height=\"720\" \/><\/a><\/p>\n<p>El relatu pl\u00e1sticu arrinca cola invenci\u00f3n del Saltu y la representaci\u00f3n de los Conseyeros de les empreses promotores -Hidroel\u00e9ctrica del Cant\u00e1bricu S.A. y Electra de Viesgo, S.A.- lo mesmo que de los Inxenieros responsables de los estudios t\u00e9cnicos. A la s\u00edntesis de los trabayos constructivos -accesos, tresporte y edificios\u2013 siguen los Obreros, protagonistes del tramu central del mural; sobrevu\u00e9la-yos la escena de <span style=\"color: #008080\"><strong>la Piet\u00e1, na que xuna muyer apesadumbrada sostien ente los sos brazos a un obreru<\/strong><\/span>, n&#8217;alcordanza de los finaos mientres les obres. Siguen el relatu los\u00a0 Directores y los Artistes: el padre, Vaqueru Palacios, represent\u00e1u como escultor; el f\u00edu, Vaqueru Turcios, como pintor.<\/p>\n<p>M\u00e1s palantre, al pie de l&#8217;alusi\u00f3n a la embalsiadura y el fundimientu de les finques y edificios presistentes, son esquem\u00e1ticamente reproduc\u00edos los elementos qu&#8217;integren el saltu: la presa, l&#8217;alliviaderu, la central, la subestaci\u00f3n d&#8217;abertal, los grupos de turbina-alternador, los mandos y el tresformador. Remata&#8217;l mural col encend\u00edu d&#8217;una bombilla y la producci\u00f3n de la enerx\u00eda, el calor, la fuerza, la lluz y les sos ll\u00ednees de tresporte.<\/p>\n<p>La resultancia ye xuna obra atayante y equilibrada na que queden arm\u00f3nicamente acompasaos verismo y simbolismu. El tratamientu dignu, severu y solemne de les monumentales figures, de porte \u00e9picu, la rotundid\u00e1 pl\u00e1stica, la vivacid\u00e1 crom\u00e1tica ya intensid\u00e1 emotiva dexen enllaz\u00e1noslo coles composiciones del muralismu mexicanu.<\/p>\n<p style=\"text-align: center\"><a href=\"https:\/\/patrimoniuindustrial.com\/wp-content\/uploads\/2021\/03\/B_A_HDR_09_Murales-de-Salime_12.jpg\"><img loading=\"lazy\" decoding=\"async\" class=\"aligncenter size-large\" src=\"https:\/\/patrimoniuindustrial.com\/wp-content\/uploads\/2021\/03\/B_A_HDR_09_Murales-de-Salime_12.jpg\" width=\"1280\" height=\"720\" \/><\/a><\/p>\n<p>&nbsp;<\/p>\n<\/div>\n<\/div>\n<\/div>\n<\/div>\n<\/div>\n<\/div>\n<\/div>\n<p>&nbsp;<\/p>\n","protected":false},"excerpt":{"rendered":"<p>Patrimoniu Industrial\/ Natalia Tielve Garc\u00eda \/ EDP \/ Salime, un salto de arte y energ\u00eda. Art\u00edculu en La Nueva Espa\u00f1a de 15 de mayu de 2011. \u00bfPue una central hidroel\u00e9ctrica cuntar una hestoria \u00e9pica? La de Salime non solo xenera enerx\u00eda: la so sala de turbines alluga un mural monumental que narra l&#8217;esfuerzu humano y [&hellip;]<\/p>\n","protected":false},"author":117,"featured_media":0,"comment_status":"open","ping_status":"open","sticky":false,"template":"","format":"standard","meta":{"footnotes":""},"categories":[119,188],"tags":[],"class_list":["post-46123","post","type-post","status-publish","format-standard","hentry","category-empreses","category-patrimoniu-industrial"],"_links":{"self":[{"href":"https:\/\/edublog.educastur.es\/ixuxu\/wp-json\/wp\/v2\/posts\/46123","targetHints":{"allow":["GET"]}}],"collection":[{"href":"https:\/\/edublog.educastur.es\/ixuxu\/wp-json\/wp\/v2\/posts"}],"about":[{"href":"https:\/\/edublog.educastur.es\/ixuxu\/wp-json\/wp\/v2\/types\/post"}],"author":[{"embeddable":true,"href":"https:\/\/edublog.educastur.es\/ixuxu\/wp-json\/wp\/v2\/users\/117"}],"replies":[{"embeddable":true,"href":"https:\/\/edublog.educastur.es\/ixuxu\/wp-json\/wp\/v2\/comments?post=46123"}],"version-history":[{"count":10,"href":"https:\/\/edublog.educastur.es\/ixuxu\/wp-json\/wp\/v2\/posts\/46123\/revisions"}],"predecessor-version":[{"id":46133,"href":"https:\/\/edublog.educastur.es\/ixuxu\/wp-json\/wp\/v2\/posts\/46123\/revisions\/46133"}],"wp:attachment":[{"href":"https:\/\/edublog.educastur.es\/ixuxu\/wp-json\/wp\/v2\/media?parent=46123"}],"wp:term":[{"taxonomy":"category","embeddable":true,"href":"https:\/\/edublog.educastur.es\/ixuxu\/wp-json\/wp\/v2\/categories?post=46123"},{"taxonomy":"post_tag","embeddable":true,"href":"https:\/\/edublog.educastur.es\/ixuxu\/wp-json\/wp\/v2\/tags?post=46123"}],"curies":[{"name":"wp","href":"https:\/\/api.w.org\/{rel}","templated":true}]}}