{"id":46152,"date":"2025-04-16T13:01:33","date_gmt":"2025-04-16T11:01:33","guid":{"rendered":"https:\/\/edublog.educastur.es\/ixuxu\/?p=46152"},"modified":"2025-04-16T13:38:39","modified_gmt":"2025-04-16T11:38:39","slug":"10-de-mayu-manifestacion-pola-oficialida","status":"publish","type":"post","link":"https:\/\/edublog.educastur.es\/ixuxu\/2025\/04\/10-de-mayu-manifestacion-pola-oficialida\/","title":{"rendered":"10 de mayu: manifestaci\u00f3n pola Oficialid\u00e1"},"content":{"rendered":"<ul>\n<li><a href=\"https:\/\/scontent-bcn1-1.xx.fbcdn.net\/v\/t39.30808-6\/491948153_646775804930887_3348519857781490721_n.jpg?_nc_cat=104&amp;ccb=1-7&amp;_nc_sid=127cfc&amp;_nc_ohc=l5HDcOAJayoQ7kNvwHK_pZI&amp;_nc_oc=Adl7Fo9RLUaS3qj37ZOoFekJGD6fmZ-Beu9HbKTKRfex7-Ev4lXwPQIcuQVLkTW9Ljmzmq8PEbbF4FKH1wQ9mmdN&amp;_nc_zt=23&amp;_nc_ht=scontent-bcn1-1.xx&amp;_nc_gid=DEPOOewkda_bGSD6XtLhuA&amp;oh=00_AfEcolH3Simy2j1FTsoYxMqUWjjyZeY6UhOOgTcnWLkM4A&amp;oe=680555D8\">Cartelu<\/a> \/ <a href=\"https:\/\/x.com\/exunta?ref_src=twsrc%5Egoogle%7Ctwcamp%5Eserp%7Ctwgr%5Eauthor\">X<\/a> \/ <a href=\"https:\/\/www.instagram.com\/oficialida\/\">@exunta<\/a> \/ <span class=\"r-18u37iz\"><a class=\"css-1jxf684 r-bcqeeo r-1ttztb7 r-qvutc0 r-poiln3 r-1ny4l3l r-1ddef8g r-tjvw6i r-1loqt21\" dir=\"ltr\" role=\"link\" href=\"https:\/\/x.com\/hashtag\/oficialid%C3%A1?src=hashtag_click\">#oficialid\u00e1<\/a><\/span><span class=\"css-1jxf684 r-bcqeeo r-1ttztb7 r-qvutc0 r-poiln3\">.<\/span><\/li>\n<\/ul>\n<div class=\"css-175oi2r r-1iusvr4 r-16y2uox r-1777fci r-kzbkwu\">\n<div class=\"css-175oi2r r-zl2h9q\">\n<div class=\"css-175oi2r r-k4xj1c r-18u37iz r-1wtj0ep\">\n<div class=\"css-175oi2r r-1d09ksm r-18u37iz r-1wbh5a2\">\n<div class=\"css-175oi2r r-1wbh5a2 r-dnmrzs r-1ny4l3l\">\n<div id=\"id__m0q78q59gw\" class=\"css-175oi2r r-1wbh5a2 r-dnmrzs r-1ny4l3l r-1awozwy r-18u37iz\" data-testid=\"User-Name\">\n<div class=\"css-175oi2r r-18u37iz r-1wbh5a2 r-1ez5h0i\">\n<div class=\"css-175oi2r r-1d09ksm r-18u37iz r-1wbh5a2\">\n<div class=\"css-175oi2r r-18u37iz r-1q142lx\"><span class=\"css-1jxf684 r-bcqeeo r-1ttztb7 r-qvutc0 r-poiln3\">Les feches se\u00f1alaes nel calendariu reivindicativu acaben llegando y y\u00e1 s&#8217;acolumbra la manifestaci\u00f3n pola <\/span><span class=\"r-18u37iz\"><a class=\"css-1jxf684 r-bcqeeo r-1ttztb7 r-qvutc0 r-poiln3 r-1loqt21\" dir=\"ltr\" role=\"link\" href=\"https:\/\/x.com\/hashtag\/oficialid%C3%A1?src=hashtag_click\">#oficialid\u00e1<\/a><\/span><span class=\"css-1jxf684 r-bcqeeo r-1ttztb7 r-qvutc0 r-poiln3\">. Como tolos a\u00f1os dende hai 38, la<span style=\"color: #008080\"><strong> Xunta pola Defensa de la Llingua Asturiana<\/strong><\/span> fai un llam\u00e1u a reclamar nes cais los nuestros derechos.<\/span><\/div>\n<div><\/div>\n<\/div>\n<div style=\"text-align: center\"><a href=\"https:\/\/pbs.twimg.com\/media\/GoREoy6XsAA_O4r?format=jpg&amp;name=large\"><img loading=\"lazy\" decoding=\"async\" class=\"aligncenter \" src=\"https:\/\/pbs.twimg.com\/media\/GoREoy6XsAA_O4r?format=jpg&amp;name=large\" width=\"552\" height=\"822\" \/><\/a><\/div>\n<div><\/div>\n<\/div>\n<\/div>\n<\/div>\n<\/div>\n<\/div>\n<\/div>\n<\/div>\n<p><!--more--><\/p>\n<p style=\"text-align: center\">\n<!-- iframe plugin v.6.0 wordpress.org\/plugins\/iframe\/ -->\n<iframe loading=\"lazy\" src=\"https:\/\/www.facebook.com\/plugins\/post.php?href=https%3A%2F%2Fwww.facebook.com%2Fpermalink.php%3Fstory_fbid%3Dpfbid0fF4JuSUNAUbUefJnHwSMb1CeKc8HYU2GjD5nsbTy6FQTYMYHEpDkCQqXFSoxuzpxl%26id%3D100087954185585&#038;show_text=false&#038;width=500\" width=\"500\" height=\"498\" style=\"border:none;overflow:hidden\" scrolling=\"no\" frameborder=\"0\" allowfullscreen=\"true\" allow=\"autoplay; clipboard-write; encrypted-media; picture-in-picture; web-share\" 0=\"\/iframe\" class=\"iframe-class\"><\/iframe>\n<\/p>\n","protected":false},"excerpt":{"rendered":"<p>Cartelu \/ X \/ @exunta \/ #oficialid\u00e1. Les feches se\u00f1alaes nel calendariu reivindicativu acaben llegando y y\u00e1 s&#8217;acolumbra la manifestaci\u00f3n pola #oficialid\u00e1. Como tolos a\u00f1os dende hai 38, la Xunta pola Defensa de la Llingua Asturiana fai un llam\u00e1u a reclamar nes cais los nuestros derechos.<\/p>\n","protected":false},"author":117,"featured_media":0,"comment_status":"open","ping_status":"open","sticky":false,"template":"","format":"standard","meta":{"footnotes":""},"categories":[236,51],"tags":[],"class_list":["post-46152","post","type-post","status-publish","format-standard","hentry","category-manifestaciones","category-oficialida"],"_links":{"self":[{"href":"https:\/\/edublog.educastur.es\/ixuxu\/wp-json\/wp\/v2\/posts\/46152","targetHints":{"allow":["GET"]}}],"collection":[{"href":"https:\/\/edublog.educastur.es\/ixuxu\/wp-json\/wp\/v2\/posts"}],"about":[{"href":"https:\/\/edublog.educastur.es\/ixuxu\/wp-json\/wp\/v2\/types\/post"}],"author":[{"embeddable":true,"href":"https:\/\/edublog.educastur.es\/ixuxu\/wp-json\/wp\/v2\/users\/117"}],"replies":[{"embeddable":true,"href":"https:\/\/edublog.educastur.es\/ixuxu\/wp-json\/wp\/v2\/comments?post=46152"}],"version-history":[{"count":7,"href":"https:\/\/edublog.educastur.es\/ixuxu\/wp-json\/wp\/v2\/posts\/46152\/revisions"}],"predecessor-version":[{"id":46159,"href":"https:\/\/edublog.educastur.es\/ixuxu\/wp-json\/wp\/v2\/posts\/46152\/revisions\/46159"}],"wp:attachment":[{"href":"https:\/\/edublog.educastur.es\/ixuxu\/wp-json\/wp\/v2\/media?parent=46152"}],"wp:term":[{"taxonomy":"category","embeddable":true,"href":"https:\/\/edublog.educastur.es\/ixuxu\/wp-json\/wp\/v2\/categories?post=46152"},{"taxonomy":"post_tag","embeddable":true,"href":"https:\/\/edublog.educastur.es\/ixuxu\/wp-json\/wp\/v2\/tags?post=46152"}],"curies":[{"name":"wp","href":"https:\/\/api.w.org\/{rel}","templated":true}]}}