{"id":46246,"date":"2025-04-17T14:12:26","date_gmt":"2025-04-17T12:12:26","guid":{"rendered":"https:\/\/edublog.educastur.es\/ixuxu\/?p=46246"},"modified":"2025-04-17T14:24:56","modified_gmt":"2025-04-17T12:24:56","slug":"lidolo-de-pena-tu-llanes-monumentu-prehistoricu-de-gran-valor","status":"publish","type":"post","link":"https:\/\/edublog.educastur.es\/ixuxu\/2025\/04\/lidolo-de-pena-tu-llanes-monumentu-prehistoricu-de-gran-valor\/","title":{"rendered":"L&#8217;\u00cddolo de Pe\u00f1a T\u00fa (Llanes), monumentu prehist\u00f3ricu de gran valor"},"content":{"rendered":"<p style=\"text-align: center\"><a href=\"https:\/\/upload.wikimedia.org\/wikipedia\/commons\/thumb\/7\/71\/Pe%C3%B1a_T%C3%BA.jpg\/800px-Pe%C3%B1a_T%C3%BA.jpg\"><img loading=\"lazy\" decoding=\"async\" class=\"aligncenter \" src=\"https:\/\/upload.wikimedia.org\/wikipedia\/commons\/thumb\/7\/71\/Pe%C3%B1a_T%C3%BA.jpg\/800px-Pe%C3%B1a_T%C3%BA.jpg\" width=\"503\" height=\"781\" \/><\/a><\/p>\n<ul>\n<li><a href=\"https:\/\/es.wikipedia.org\/wiki\/\u00cddolo_de_Pe\u00f1a_T\u00fa\">\u00a0Wikipedia<\/a> \/ <a href=\"https:\/\/www.facebook.com\/reel\/1380915183085713\">ver videu<\/a> \/<\/li>\n<\/ul>\n<p><strong>L&#8217;\u00eddolu de Pe\u00f1a Tu<\/strong> (Pe\u00f1at\u00fa) at\u00f3pase na localid\u00e1 de Puertes de Vidiago, perteneciente al conceyu de Llanes (Asturies, Espa\u00f1a).<\/p>\n<p><!--more--><\/p>\n<p>El conxuntu neol\u00edticu de pintures y grabaos apaecen reflexaos na cara empobinada a llevante d&#8217;esta pe\u00f1a allugada nel final de la sierra Plana de la Borbolla; esta situaci\u00f3n fai que la roca forme un abrigu natural para les pintures lo que fixo posible el so caltenimientu hasta los nuesos d\u00edes, calteni\u00e9ndola de les inclemencies meteorol\u00f3xiques.<\/p>\n<p>La roca ye conocida dende l&#8217;antig\u00fced\u00e1 polos habitantes de los pueblos cercanos, magar nun ye hasta 1914 cuando se realicen les primeres investigaciones arqueol\u00f3xiques, destacando dende&#8217;l primer momentu la figura que da nome al enclave: l&#8217;\u00eddolu.<\/p>\n<p style=\"text-align: center\"><a href=\"https:\/\/upload.wikimedia.org\/wikipedia\/commons\/thumb\/7\/71\/Pe%C3%B1a_T%C3%BA.jpg\/800px-Pe%C3%B1a_T%C3%BA.jpg\"><img loading=\"lazy\" decoding=\"async\" class=\"aligncenter size-large\" src=\"https:\/\/upload.wikimedia.org\/wikipedia\/commons\/thumb\/7\/71\/Pe%C3%B1a_T%C3%BA.jpg\/800px-Pe%C3%B1a_T%C3%BA.jpg\" width=\"800\" height=\"1243\" \/><\/a><\/p>\n<p style=\"text-align: center\"><a href=\"https:\/\/upload.wikimedia.org\/wikipedia\/commons\/thumb\/5\/56\/%C3%8Ddolo_de_Pe%C3%B1a_T%C3%BA.JPG\/1280px-%C3%8Ddolo_de_Pe%C3%B1a_T%C3%BA.JPG\"><img loading=\"lazy\" decoding=\"async\" class=\"aligncenter size-large\" src=\"https:\/\/upload.wikimedia.org\/wikipedia\/commons\/thumb\/5\/56\/%C3%8Ddolo_de_Pe%C3%B1a_T%C3%BA.JPG\/1280px-%C3%8Ddolo_de_Pe%C3%B1a_T%C3%BA.JPG\" width=\"1280\" height=\"853\" \/><\/a><\/p>\n","protected":false},"excerpt":{"rendered":"<p>\u00a0Wikipedia \/ ver videu \/ L&#8217;\u00eddolu de Pe\u00f1a Tu (Pe\u00f1at\u00fa) at\u00f3pase na localid\u00e1 de Puertes de Vidiago, perteneciente al conceyu de Llanes (Asturies, Espa\u00f1a).<\/p>\n","protected":false},"author":117,"featured_media":0,"comment_status":"open","ping_status":"open","sticky":false,"template":"","format":"standard","meta":{"footnotes":""},"categories":[1],"tags":[],"class_list":["post-46246","post","type-post","status-publish","format-standard","hentry","category-sin-categoria"],"_links":{"self":[{"href":"https:\/\/edublog.educastur.es\/ixuxu\/wp-json\/wp\/v2\/posts\/46246","targetHints":{"allow":["GET"]}}],"collection":[{"href":"https:\/\/edublog.educastur.es\/ixuxu\/wp-json\/wp\/v2\/posts"}],"about":[{"href":"https:\/\/edublog.educastur.es\/ixuxu\/wp-json\/wp\/v2\/types\/post"}],"author":[{"embeddable":true,"href":"https:\/\/edublog.educastur.es\/ixuxu\/wp-json\/wp\/v2\/users\/117"}],"replies":[{"embeddable":true,"href":"https:\/\/edublog.educastur.es\/ixuxu\/wp-json\/wp\/v2\/comments?post=46246"}],"version-history":[{"count":7,"href":"https:\/\/edublog.educastur.es\/ixuxu\/wp-json\/wp\/v2\/posts\/46246\/revisions"}],"predecessor-version":[{"id":46257,"href":"https:\/\/edublog.educastur.es\/ixuxu\/wp-json\/wp\/v2\/posts\/46246\/revisions\/46257"}],"wp:attachment":[{"href":"https:\/\/edublog.educastur.es\/ixuxu\/wp-json\/wp\/v2\/media?parent=46246"}],"wp:term":[{"taxonomy":"category","embeddable":true,"href":"https:\/\/edublog.educastur.es\/ixuxu\/wp-json\/wp\/v2\/categories?post=46246"},{"taxonomy":"post_tag","embeddable":true,"href":"https:\/\/edublog.educastur.es\/ixuxu\/wp-json\/wp\/v2\/tags?post=46246"}],"curies":[{"name":"wp","href":"https:\/\/api.w.org\/{rel}","templated":true}]}}