{"id":46313,"date":"2025-04-19T11:38:06","date_gmt":"2025-04-19T09:38:06","guid":{"rendered":"https:\/\/edublog.educastur.es\/ixuxu\/?p=46313"},"modified":"2025-04-19T13:36:55","modified_gmt":"2025-04-19T11:36:55","slug":"cantar-del-poema-llume-na-sebe-dinaciu-galan","status":"publish","type":"post","link":"https:\/\/edublog.educastur.es\/ixuxu\/2025\/04\/cantar-del-poema-llume-na-sebe-dinaciu-galan\/","title":{"rendered":"Cantar del poema \u00abLlume na sebe\u00bb d&#8217;Inaciu Gal\u00e1n"},"content":{"rendered":"<div class=\"html-div xdj266r x11i5rnm xat24cr x1mh8g0r xexx8yu x4uap5 x18d9i69 xkhd6sd\">\n<div class=\"html-div xdj266r x11i5rnm x1mh8g0r x18d9i69 x1cy8zhl x78zum5 x1q0g3np xod5an3 xz9dl7a x1ye3gou xn6708d\">\n<div class=\"html-div xdj266r x11i5rnm xat24cr x1mh8g0r xexx8yu x4uap5 x18d9i69 xkhd6sd x1iyjqo2 xeuugli\">\n<div class=\"x78zum5 xdt5ytf xz62fqu x16ldp7u\">\n<div class=\"xu06os2 x1ok221b\">\n<div class=\"html-div xdj266r x11i5rnm xat24cr x1mh8g0r xexx8yu x4uap5 x18d9i69 xkhd6sd\" data-ad-rendering-role=\"profile_name\">\n<ul>\n<li id=\"\u00abr2ps\u00bb\" class=\"html-h2 x11i5rnm xat24cr x1mh8g0r xexx8yu x4uap5 x18d9i69 xkhd6sd x1vvkbs x1heor9g x1qlqyl8 x1pd3egz x1a2a7pz x1gslohp x1yc453h\"><span class=\"xt0psk2\"><a class=\"x1i10hfl xjbqb8w x1ejq31n xd10rxx x1sy0etr x17r0tee x972fbf xcfux6l x1qhh985 xm0m39n x9f619 x1ypdohk xt0psk2 xe8uvvx xdj266r x11i5rnm xat24cr x1mh8g0r xexx8yu x4uap5 x18d9i69 xkhd6sd x16tdsg8 x1hl2dhg xggy1nq x1a2a7pz xkrqix3 x1sur9pj xzsf02u x1s688f\" role=\"link\" href=\"https:\/\/www.facebook.com\/inaciu?__cft__[0]=AZXWN1bpeGKZ9jNn8ejQhWNN5C1-XitDyKtplel0TTKfV7Cjlbnyn_ul0lsKr2ew967MMtYSaJY54iRQaKVCbpBMhWChEDnYJfMljloGRMNUF_wF9jpkMIzoL4XHDOHuaFCYJBxINchTooTEbB0rmP5G2r9gYg6TQnH8gkMc_JNdeMiwJYbDJqWZbg0EN8alNoIvsULJgiCUEukbwM3NWQcf&amp;__tn__=-UC%2CP-R\"><strong class=\"html-strong xdj266r x11i5rnm xat24cr x1mh8g0r xexx8yu x4uap5 x18d9i69 xkhd6sd x1hl2dhg x16tdsg8 x1vvkbs x1s688f\"><span class=\"html-span xdj266r x11i5rnm xat24cr x1mh8g0r xexx8yu x4uap5 x18d9i69 xkhd6sd x1hl2dhg x16tdsg8 x1vvkbs\">Inaciu Gal\u00e1n<\/span><\/strong><\/a><\/span>\/ <em><a href=\"https:\/\/coralavilesina.com\/wp-content\/uploads\/2024\/07\/Textos-poemas-ACA1.pdf\">testos poemas<\/a><\/em>\u00a0\/<\/li>\n<\/ul>\n<\/div>\n<\/div>\n<div class=\"xu06os2 x1ok221b\" style=\"text-align: center\"><span class=\"html-span xexx8yu x4uap5 x18d9i69 xkhd6sd x1hl2dhg x16tdsg8 x1vvkbs x3nfvp2 x1j61x8r x1fcty0u xdj266r xat24cr xgzva0m xhhsvwb xxymvpz xlup9mm x1kky2od\"><img loading=\"lazy\" decoding=\"async\" class=\"xz74otr x168nmei x13lgxp2 x5pf9jr xo71vjh\" src=\"https:\/\/static.xx.fbcdn.net\/images\/emoji.php\/v9\/tce\/1\/16\/1f600.png\" alt=\"\ud83d\ude00\" width=\"16\" height=\"16\" \/><\/span><span class=\"html-span xexx8yu x4uap5 x18d9i69 xkhd6sd x1hl2dhg x16tdsg8 x1vvkbs x3nfvp2 x1j61x8r x1fcty0u xdj266r xat24cr xgzva0m xhhsvwb xxymvpz xlup9mm x1kky2od\"><img loading=\"lazy\" decoding=\"async\" class=\"xz74otr x168nmei x13lgxp2 x5pf9jr xo71vjh\" src=\"https:\/\/static.xx.fbcdn.net\/images\/emoji.php\/v9\/t1f\/1\/16\/1f3b6.png\" alt=\"\ud83c\udfb6\" width=\"16\" height=\"16\" \/><\/span><span class=\"html-span xexx8yu x4uap5 x18d9i69 xkhd6sd x1hl2dhg x16tdsg8 x1vvkbs x3nfvp2 x1j61x8r x1fcty0u xdj266r xat24cr xgzva0m xhhsvwb xxymvpz xlup9mm x1kky2od\"><img loading=\"lazy\" decoding=\"async\" class=\"xz74otr x168nmei x13lgxp2 x5pf9jr xo71vjh\" src=\"https:\/\/static.xx.fbcdn.net\/images\/emoji.php\/v9\/t9e\/1\/16\/1f3b5.png\" alt=\"\ud83c\udfb5\" width=\"16\" height=\"16\" \/><\/span><em> Nun puedo tar m\u00e1s contentu al saber que l&#8217;adaptaci\u00f3n a cantar pa coru del mio poema \u00abLlume na sebe\u00bb algam\u00f3&#8217;l <strong>premiu FECORA a la meyor interpretaci\u00f3n d&#8217;obra asturiana<\/strong> nel I Certame Coral Villa Cangas del Narcea \u201cGonzalo Casielles\u201d.<\/em><\/div>\n<\/div>\n<\/div>\n<\/div>\n<\/div>\n<div class=\"html-div xdj266r x11i5rnm xat24cr x1mh8g0r xexx8yu x4uap5 x18d9i69 xkhd6sd\">\n<div class=\"html-div xdj266r x11i5rnm xat24cr x1mh8g0r xexx8yu x4uap5 x18d9i69 xkhd6sd\" dir=\"auto\">\n<div class=\"html-div xdj266r x11i5rnm xat24cr x1mh8g0r xexx8yu x4uap5 x18d9i69 xkhd6sd\" data-ad-rendering-role=\"story_message\">\n<div id=\"\u00abr2pu\u00bb\" class=\"x1l90r2v x1iorvi4 x1ye3gou xn6708d\" data-ad-comet-preview=\"message\" data-ad-preview=\"message\">\n<div class=\"x78zum5 xdt5ytf xz62fqu x16ldp7u\">\n<div class=\"xu06os2 x1ok221b\">\n<div class=\"xdj266r x11i5rnm xat24cr x1mh8g0r x1vvkbs x126k92a\">\n<blockquote>\n<div dir=\"auto\"><\/div>\n<div dir=\"auto\">\n<p><span style=\"font-size: 24px\"><strong><span style=\"text-decoration: underline;color: #008080\"><em>Llume na sebe<\/em><\/span><\/strong><\/span><\/p>\n<p><span style=\"color: #008080\"><em><span style=\"font-size: 20px\">Aquella sebe, xubiendo<\/span><\/em><\/span><br \/>\n<span style=\"color: #008080\"><em><span style=\"font-size: 20px\">pal Pi\u00f1\u00edu, ten\u00eda flores<\/span><\/em><\/span><br \/>\n<span style=\"color: #008080\"><em><span style=\"font-size: 20px\">de colores pel d\u00eda,<\/span><\/em><\/span><br \/>\n<span style=\"color: #008080\"><em><span style=\"font-size: 20px\">flores de llume<\/span><\/em><\/span><br \/>\n<span style=\"color: #008080\"><em><span style=\"font-size: 20px\">na nueche.<\/span><\/em><\/span><\/p>\n<\/div>\n<div dir=\"auto\"><span style=\"color: #008080\"><em><span style=\"font-size: 20px\">Yera m\u00e1xica, yera<\/span><\/em><\/span><br \/>\n<span style=\"color: #008080\"><em><span style=\"font-size: 20px\">una gu\u00eda cuando la<\/span><\/em><\/span><br \/>\n<span style=\"color: #008080\"><em><span style=\"font-size: 20px\">escurid\u00e1 met\u00eda mieu,<\/span><\/em><\/span><br \/>\n<span style=\"color: #008080\"><em><span style=\"font-size: 20px\">una atracci\u00f3n del branu,<\/span><\/em><\/span><br \/>\n<span style=\"color: #008080\"><em><span style=\"font-size: 20px\">un espeyismu prestosu,<\/span><\/em><\/span><br \/>\n<span style=\"color: #008080\"><em><span style=\"font-size: 20px\">fonte d\u2019hestories imaxinaes,<\/span><\/em><\/span><br \/>\n<span style=\"color: #008080\"><em><span style=\"font-size: 20px\">amuletu, y sobre manera<\/span><\/em><\/span><br \/>\n<span style=\"color: #008080\"><em><span style=\"font-size: 20px\">una entruga ensin respuesta<\/span><\/em><\/span><br \/>\n<span style=\"color: #008080\"><em><span style=\"font-size: 20px\">\u00bfc\u00f3mo fac\u00eda llume<\/span><\/em><\/span><br \/>\n<span style=\"color: #008080\"><em><span style=\"font-size: 20px\">aquel monstruosu bich\u00edn? &#8230;Ah<\/span><\/em><\/span><\/div>\n<\/blockquote>\n<div dir=\"auto\"><!--more--><\/div>\n<\/div>\n<\/div>\n<\/div>\n<\/div>\n<div dir=\"auto\" style=\"text-align: center\">\n<!-- iframe plugin v.6.0 wordpress.org\/plugins\/iframe\/ -->\n<iframe loading=\"lazy\" width=\"100%\" height=\"387\" src=\"https:\/\/www.youtube.com\/embed\/Pu_mN72jsFg\" title=\"&amp;quot;LLUME NA SEBE&amp;quot;\" frameborder=\"0\" allow=\"accelerometer; autoplay; clipboard-write; encrypted-media; gyroscope; picture-in-picture; web-share\" referrerpolicy=\"strict-origin-when-cross-origin\" 0=\"allowfullscreen\" 1=\"\/iframe\" scrolling=\"yes\" class=\"iframe-class\"><\/iframe>\n<\/div>\n<div dir=\"auto\"><\/div>\n<div id=\"\u00abr2pu\u00bb\" class=\"x1l90r2v x1iorvi4 x1ye3gou xn6708d\" data-ad-comet-preview=\"message\" data-ad-preview=\"message\">\n<div class=\"x78zum5 xdt5ytf xz62fqu x16ldp7u\">\n<div class=\"xu06os2 x1ok221b\">\n<div dir=\"auto\"><span style=\"font-size: 20px\"><em><span style=\"color: #808080\"><strong><span style=\"text-decoration: underline\">\u00abLuz en el seto\u00bb\u00a0<\/span><\/strong>(Inaciu Gal\u00e1n)<\/span><\/em><\/span><br \/>\n<span style=\"font-size: 20px\"><em><span style=\"color: #808080\">Aquel seto, subiendo<\/span><\/em><\/span><br \/>\n<span style=\"font-size: 20px\"><em><span style=\"color: #808080\">hacia El Pi\u00f1\u00edu, ten\u00eda flores<\/span><\/em><\/span><br \/>\n<span style=\"font-size: 20px\"><em><span style=\"color: #808080\">de colores por el d\u00eda,<\/span><\/em><\/span><br \/>\n<span style=\"font-size: 20px\"><em><span style=\"color: #808080\">flores de luz<\/span><\/em><\/span><br \/>\n<span style=\"font-size: 20px\"><em><span style=\"color: #808080\">en la noche.<\/span><\/em><\/span><br \/>\n<span style=\"font-size: 20px\"><em><span style=\"color: #808080\">Era m\u00e1gica, era<\/span><\/em><\/span><br \/>\n<span style=\"font-size: 20px\"><em><span style=\"color: #808080\">una gu\u00eda cuando la<\/span><\/em><\/span><br \/>\n<span style=\"font-size: 20px\"><em><span style=\"color: #808080\">oscuridad daba miedo,<\/span><\/em><\/span><br \/>\n<span style=\"font-size: 20px\"><em><span style=\"color: #808080\">una atracci\u00f3n del verano,<\/span><\/em><\/span><br \/>\n<span style=\"font-size: 20px\"><em><span style=\"color: #808080\">un espejismo agradable,<\/span><\/em><\/span><br \/>\n<span style=\"font-size: 20px\"><em><span style=\"color: #808080\">fuente de historias imaginadas,<\/span><\/em><\/span><br \/>\n<span style=\"font-size: 20px\"><em><span style=\"color: #808080\">amuleto, y sobre todo<\/span><\/em><\/span><br \/>\n<span style=\"font-size: 20px\"><em><span style=\"color: #808080\">una pregunta sin respuesta<\/span><\/em><\/span><br \/>\n<span style=\"font-size: 20px\"><em><span style=\"color: #808080\">\u00bfc\u00f3mo daba luz<\/span><\/em><\/span><br \/>\n<span style=\"font-size: 20px\"><em><span style=\"color: #808080\">aquel monstruoso bichito? &#8230;Ah<\/span><\/em><\/span><\/div>\n<div dir=\"auto\"><\/div>\n<div dir=\"auto\" style=\"text-align: center\">\n<!-- iframe plugin v.6.0 wordpress.org\/plugins\/iframe\/ -->\n<iframe loading=\"lazy\" src=\"https:\/\/www.facebook.com\/plugins\/post.php?href=https%3A%2F%2Fwww.facebook.com%2Finaciu%2Fposts%2Fpfbid02MzhBFoygbBi4PYUpXBJuhKKyFCSdLjpUSaU2KW5uJ5JX7fkfY5QyqNLaUnprtYNDl&#038;show_text=false&#038;width=500\" width=\"500\" height=\"400\" style=\"border:none;overflow:hidden\" scrolling=\"no\" frameborder=\"0\" allowfullscreen=\"true\" allow=\"autoplay; clipboard-write; encrypted-media; picture-in-picture; web-share\" 0=\"\/iframe\" class=\"iframe-class\"><\/iframe>\n<\/div>\n<div class=\"x11i5rnm xat24cr x1mh8g0r x1vvkbs xtlvy1s x126k92a\">\n<blockquote>\n<div dir=\"auto\"><em>Yera l&#8217;estrenu del tema, adapt\u00e1u pol magn\u00edficu compositor <span class=\"html-span xdj266r x11i5rnm xat24cr x1mh8g0r xexx8yu x4uap5 x18d9i69 xkhd6sd x1hl2dhg x16tdsg8 x1vvkbs\"><a class=\"x1i10hfl xjbqb8w x1ejq31n xd10rxx x1sy0etr x17r0tee x972fbf xcfux6l x1qhh985 xm0m39n x9f619 x1ypdohk xt0psk2 xe8uvvx xdj266r x11i5rnm xat24cr x1mh8g0r xexx8yu x4uap5 x18d9i69 xkhd6sd x16tdsg8 x1hl2dhg xggy1nq x1a2a7pz xkrqix3 x1sur9pj x1fey0fg x1s688f\" role=\"link\" href=\"https:\/\/www.facebook.com\/GuillermoMartinez1983?__cft__[0]=AZXWN1bpeGKZ9jNn8ejQhWNN5C1-XitDyKtplel0TTKfV7Cjlbnyn_ul0lsKr2ew967MMtYSaJY54iRQaKVCbpBMhWChEDnYJfMljloGRMNUF_wF9jpkMIzoL4XHDOHuaFCYJBxINchTooTEbB0rmP5G2r9gYg6TQnH8gkMc_JNdeMiwJYbDJqWZbg0EN8alNoIvsULJgiCUEukbwM3NWQcf&amp;__tn__=-]K-R\"><span class=\"xt0psk2\"><span class=\"xjp7ctv\">Guillermo Mart\u00ednez<\/span><\/span><\/a><\/span>, y nes voces del prestosu coru <span class=\"html-span xdj266r x11i5rnm xat24cr x1mh8g0r xexx8yu x4uap5 x18d9i69 xkhd6sd x1hl2dhg x16tdsg8 x1vvkbs\"><a class=\"x1i10hfl xjbqb8w x1ejq31n xd10rxx x1sy0etr x17r0tee x972fbf xcfux6l x1qhh985 xm0m39n x9f619 x1ypdohk xt0psk2 xe8uvvx xdj266r x11i5rnm xat24cr x1mh8g0r xexx8yu x4uap5 x18d9i69 xkhd6sd x16tdsg8 x1hl2dhg xggy1nq x1a2a7pz xkrqix3 x1sur9pj x1fey0fg x1s688f\" role=\"link\" href=\"https:\/\/www.facebook.com\/ensamblevocalgijon?__cft__[0]=AZXWN1bpeGKZ9jNn8ejQhWNN5C1-XitDyKtplel0TTKfV7Cjlbnyn_ul0lsKr2ew967MMtYSaJY54iRQaKVCbpBMhWChEDnYJfMljloGRMNUF_wF9jpkMIzoL4XHDOHuaFCYJBxINchTooTEbB0rmP5G2r9gYg6TQnH8gkMc_JNdeMiwJYbDJqWZbg0EN8alNoIvsULJgiCUEukbwM3NWQcf&amp;__tn__=-]K-R\"><span class=\"xt0psk2\"><span class=\"xjp7ctv\">Ensamble Vocal<\/span><\/span><\/a><\/span> de Xix\u00f3n, que dirixe <span class=\"html-span xdj266r x11i5rnm xat24cr x1mh8g0r xexx8yu x4uap5 x18d9i69 xkhd6sd x1hl2dhg x16tdsg8 x1vvkbs\"><a class=\"x1i10hfl xjbqb8w x1ejq31n xd10rxx x1sy0etr x17r0tee x972fbf xcfux6l x1qhh985 xm0m39n x9f619 x1ypdohk xt0psk2 xe8uvvx xdj266r x11i5rnm xat24cr x1mh8g0r xexx8yu x4uap5 x18d9i69 xkhd6sd x16tdsg8 x1hl2dhg xggy1nq x1a2a7pz xkrqix3 x1sur9pj x1fey0fg x1s688f\" role=\"link\" href=\"https:\/\/www.facebook.com\/ivan.carriedomartin?__cft__[0]=AZXWN1bpeGKZ9jNn8ejQhWNN5C1-XitDyKtplel0TTKfV7Cjlbnyn_ul0lsKr2ew967MMtYSaJY54iRQaKVCbpBMhWChEDnYJfMljloGRMNUF_wF9jpkMIzoL4XHDOHuaFCYJBxINchTooTEbB0rmP5G2r9gYg6TQnH8gkMc_JNdeMiwJYbDJqWZbg0EN8alNoIvsULJgiCUEukbwM3NWQcf&amp;__tn__=-]K-R\"><span class=\"xt0psk2\"><span class=\"xjp7ctv\">Iv\u00e1n Carriedo Mart\u00edn<\/span><\/span><\/a><\/span>. Salieron del certame, am\u00e1s, col primer premiu xeneral y el premiu del p\u00fablicu. \u00a1Norabona y gracies por permitime ser una modesta parte d&#8217;esti equipu!<\/em><\/div>\n<\/blockquote>\n<\/div>\n<div dir=\"auto\">El <strong>\u00abPremium FECORA a la meyor interpretaci\u00f3n d&#8217;obra asturiana\u00bb<\/strong> ye un premiu otorg\u00e1u por FECORA (Federaci\u00f3n de Coros d&#8217;Asturies a la meyor interpretaci\u00f3n d&#8217;una obra musical asturiana. FECORA ye una federaci\u00f3n de coros d&#8217;Asturies, Espa\u00f1a, con see n&#8217;Uvi\u00e9u. El premiu reconoz la excelencia na interpretaci\u00f3n de m\u00fasica asturiana, promoviendo y valorando la riqueza cultural y musical de la rex\u00f3n.<\/div>\n<\/div>\n<\/div>\n<\/div>\n<\/div>\n<\/div>\n<\/div>\n<p>&nbsp;<\/p>\n","protected":false},"excerpt":{"rendered":"<p>Inaciu Gal\u00e1n\/ testos poemas\u00a0\/ Nun puedo tar m\u00e1s contentu al saber que l&#8217;adaptaci\u00f3n a cantar pa coru del mio poema \u00abLlume na sebe\u00bb algam\u00f3&#8217;l premiu FECORA a la meyor interpretaci\u00f3n d&#8217;obra asturiana nel I Certame Coral Villa Cangas del Narcea \u201cGonzalo Casielles\u201d. Llume na sebe Aquella sebe, xubiendo pal Pi\u00f1\u00edu, ten\u00eda flores de colores pel [&hellip;]<\/p>\n","protected":false},"author":117,"featured_media":0,"comment_status":"open","ping_status":"open","sticky":false,"template":"","format":"standard","meta":{"footnotes":""},"categories":[322,39],"tags":[],"class_list":["post-46313","post","type-post","status-publish","format-standard","hentry","category-inaciu-galan","category-poesia"],"_links":{"self":[{"href":"https:\/\/edublog.educastur.es\/ixuxu\/wp-json\/wp\/v2\/posts\/46313","targetHints":{"allow":["GET"]}}],"collection":[{"href":"https:\/\/edublog.educastur.es\/ixuxu\/wp-json\/wp\/v2\/posts"}],"about":[{"href":"https:\/\/edublog.educastur.es\/ixuxu\/wp-json\/wp\/v2\/types\/post"}],"author":[{"embeddable":true,"href":"https:\/\/edublog.educastur.es\/ixuxu\/wp-json\/wp\/v2\/users\/117"}],"replies":[{"embeddable":true,"href":"https:\/\/edublog.educastur.es\/ixuxu\/wp-json\/wp\/v2\/comments?post=46313"}],"version-history":[{"count":7,"href":"https:\/\/edublog.educastur.es\/ixuxu\/wp-json\/wp\/v2\/posts\/46313\/revisions"}],"predecessor-version":[{"id":46351,"href":"https:\/\/edublog.educastur.es\/ixuxu\/wp-json\/wp\/v2\/posts\/46313\/revisions\/46351"}],"wp:attachment":[{"href":"https:\/\/edublog.educastur.es\/ixuxu\/wp-json\/wp\/v2\/media?parent=46313"}],"wp:term":[{"taxonomy":"category","embeddable":true,"href":"https:\/\/edublog.educastur.es\/ixuxu\/wp-json\/wp\/v2\/categories?post=46313"},{"taxonomy":"post_tag","embeddable":true,"href":"https:\/\/edublog.educastur.es\/ixuxu\/wp-json\/wp\/v2\/tags?post=46313"}],"curies":[{"name":"wp","href":"https:\/\/api.w.org\/{rel}","templated":true}]}}