{"id":46335,"date":"2025-04-19T11:35:49","date_gmt":"2025-04-19T09:35:49","guid":{"rendered":"https:\/\/edublog.educastur.es\/ixuxu\/?p=46335"},"modified":"2025-04-19T13:29:51","modified_gmt":"2025-04-19T11:29:51","slug":"46335","status":"publish","type":"post","link":"https:\/\/edublog.educastur.es\/ixuxu\/2025\/04\/46335\/","title":{"rendered":"XXII Alcuentros de la Moced\u00e1 cola Llingua en Xix\u00f3n"},"content":{"rendered":"<p style=\"text-align: center\">\n<!-- iframe plugin v.6.0 wordpress.org\/plugins\/iframe\/ -->\n<iframe loading=\"lazy\" src=\"https:\/\/www.facebook.com\/plugins\/post.php?href=https%3A%2F%2Fwww.facebook.com%2Fphoto%2F%3Ffbid%3D1062866609209637%26set%3Da.286986973464275&#038;show_text=false&#038;width=500\" width=\"500\" height=\"366\" style=\"border:none;overflow:hidden\" scrolling=\"no\" frameborder=\"0\" allowfullscreen=\"true\" allow=\"autoplay; clipboard-write; encrypted-media; picture-in-picture; web-share\" 0=\"\/iframe\" class=\"iframe-class\"><\/iframe>\n<\/p>\n<p style=\"text-align: center\"><a href=\"https:\/\/scontent-bcn1-1.xx.fbcdn.net\/v\/t39.30808-6\/491831573_1062866615876303_8908158610463056882_n.jpg?_nc_cat=106&amp;ccb=1-7&amp;_nc_sid=cc71e4&amp;_nc_ohc=SRPNDqNKKD8Q7kNvwEGb8Rc&amp;_nc_oc=Adk3F6C3mKOtYyAyXrB9dmcTOidv8QUb0uYoWUN-HpL8CnPzMFj1nZxhGlkLH13sLGxHWunfLMmhC1IFk_4engd_&amp;_nc_zt=23&amp;_nc_ht=scontent-bcn1-1.xx&amp;_nc_gid=miekMhFog2iXETLTA_6FXw&amp;oh=00_AfF1YJ3Ua8_MHHKrRAa099tT7cnJ7Dh3094lZfvkQjJ6ug&amp;oe=680954E0\">Imaxe<\/a> \/<span class=\"x193iq5w xeuugli x13faqbe x1vvkbs x1xmvt09 x1f6kntn xvq8zen xo1l8bm xi81zsa\"><span class=\"xt0psk2\"><span class=\"xjp7ctv\"><a class=\"x1i10hfl xjbqb8w x1ejq31n xd10rxx x1sy0etr x17r0tee x972fbf xcfux6l x1qhh985 xm0m39n x9f619 x1ypdohk xt0psk2 xe8uvvx xdj266r x11i5rnm xat24cr x1mh8g0r xexx8yu x4uap5 x18d9i69 xkhd6sd x16tdsg8 x1hl2dhg xggy1nq x1a2a7pz xkrqix3 x1sur9pj xzsf02u x1s688f\" role=\"link\" href=\"https:\/\/www.facebook.com\/ofillin?__cft__[0]=AZU8zE9uGlt8MNbm8oWyg43JWvidkbOrszxCkfotl-Id00Sg3VvIawHNdhjD3zX1SwWJ5weM165k2kli0divOdhaPrCFrYEuYA8rEbjIlMMMDVJNO_cLYtFJPlVRjfmmJRky_YBEeVMt8hdDu2jAlEtzGgKkbBqWilEMJQ9xRRb_ZKHU3ryiFjNc2Hu-zLRPfF98gcJ7_Lm_8kIz02bOwV4j&amp;__tn__=-UC*F\">Oficina de Normalizaci\u00f3n Lling\u00fc\u00edstica de Xix\u00f3n<\/a><\/span><\/span><\/span><\/p>\n<p><em><strong>Alcuentros de la moced\u00e1 cola llingua.\u00a0 <\/strong>Coles actividaes del proyectu \u201cSaca la llingua\u201d que se celebra dende fai m\u00e1s de venti a\u00f1os y ta bas\u00e1u na participaci\u00f3n del alumn\u00e1u y na transversalidad de conten\u00edos, pret\u00e9ndese que les y los mozos participantes \u2013matriculaos en llingua asturiana nos sos respectivos Centros- averese&#8217;l asturianu dende un puntu de vista que nun s\u00eda&#8217;l puramente acad\u00e9micu, y qu&#8217;<strong>empiecen a entendelo como una ferramienta normal de comunicaci\u00f3n, al empar qu&#8217;esfruten de delles propuestes culturales rellacionaes con \u00e9l: m\u00fasica, lliteratura, teatru, audiovisuales, etc. <\/strong>El asturianu ye siempres la llingua vehicular d&#8217;esti\u00a0 programa.<\/em><\/p>\n<div class=\"xyamay9 x1pi30zi xsag5q8 x1swvt13\">\n<div>\n<div class=\"xyinxu5 x4uap5 x1g2khh7 xkhd6sd\"><span class=\"x193iq5w xeuugli x13faqbe x1vvkbs x1xmvt09 x1lliihq x1s928wv xhkezso x1gmr53x x1cpjm7i x1fgarty x1943h6x xudqn12 x3x7a5m x1f6kntn xvq8zen xo1l8bm xzsf02u\" dir=\"auto\">El 1 d&#8217;agostu de 2024, el Plenu del Conceyu de Xix\u00f3n aprob\u00f3&#8217;l<a href=\"https:\/\/drupal.gijon.es\/sites\/default\/files\/2024-09\/PlanNORMALIZACI\u00d3N_24-27_AST-OK_0_1.pdf\"><strong> \u00abPlan de Normalizaci\u00f3n Lling\u00fc\u00edstica del Conceyu de Xix\u00f3n 2024\/2027\u00bb.<\/strong><\/a><br class=\"html-br\" \/><\/span><\/div>\n<\/div>\n<\/div>\n<div>\n<div>\n<div class=\"x1n2onr6\">\n<div class=\"x6s0dn4 xi81zsa x78zum5 x6prxxf x13a6bvl xvq8zen xdj266r xat24cr xkhd6sd x4uap5 x80vd3b x1q0q8m5 xso031l x16n37ib xq8finb x1y1aw1k x10b6aqq\">\n<div class=\"x1c4vz4f x2lah0s xci0xqf\"><\/div>\n<div class=\"x9f619 x1ja2u2z x78zum5 x2lah0s x1n2onr6 x1qughib x1qjc9v5 xozqiw3 x1q0g3np xykv574 xbmpl8g x4cne27 xifccgj x123j3cw xs9asl8\"><\/div>\n<\/div>\n<\/div>\n<\/div>\n<\/div>\n","protected":false},"excerpt":{"rendered":"<p>Imaxe \/Oficina de Normalizaci\u00f3n Lling\u00fc\u00edstica de Xix\u00f3n Alcuentros de la moced\u00e1 cola llingua.\u00a0 Coles actividaes del proyectu \u201cSaca la llingua\u201d que se celebra dende fai m\u00e1s de venti a\u00f1os y ta bas\u00e1u na participaci\u00f3n del alumn\u00e1u y na transversalidad de conten\u00edos, pret\u00e9ndese que les y los mozos participantes \u2013matriculaos en llingua asturiana nos sos respectivos [&hellip;]<\/p>\n","protected":false},"author":117,"featured_media":0,"comment_status":"open","ping_status":"open","sticky":false,"template":"","format":"standard","meta":{"footnotes":""},"categories":[44,375,88],"tags":[],"class_list":["post-46335","post","type-post","status-publish","format-standard","hentry","category-asturianu","category-encuentru","category-o-llinguistica-xixon"],"_links":{"self":[{"href":"https:\/\/edublog.educastur.es\/ixuxu\/wp-json\/wp\/v2\/posts\/46335","targetHints":{"allow":["GET"]}}],"collection":[{"href":"https:\/\/edublog.educastur.es\/ixuxu\/wp-json\/wp\/v2\/posts"}],"about":[{"href":"https:\/\/edublog.educastur.es\/ixuxu\/wp-json\/wp\/v2\/types\/post"}],"author":[{"embeddable":true,"href":"https:\/\/edublog.educastur.es\/ixuxu\/wp-json\/wp\/v2\/users\/117"}],"replies":[{"embeddable":true,"href":"https:\/\/edublog.educastur.es\/ixuxu\/wp-json\/wp\/v2\/comments?post=46335"}],"version-history":[{"count":8,"href":"https:\/\/edublog.educastur.es\/ixuxu\/wp-json\/wp\/v2\/posts\/46335\/revisions"}],"predecessor-version":[{"id":46345,"href":"https:\/\/edublog.educastur.es\/ixuxu\/wp-json\/wp\/v2\/posts\/46335\/revisions\/46345"}],"wp:attachment":[{"href":"https:\/\/edublog.educastur.es\/ixuxu\/wp-json\/wp\/v2\/media?parent=46335"}],"wp:term":[{"taxonomy":"category","embeddable":true,"href":"https:\/\/edublog.educastur.es\/ixuxu\/wp-json\/wp\/v2\/categories?post=46335"},{"taxonomy":"post_tag","embeddable":true,"href":"https:\/\/edublog.educastur.es\/ixuxu\/wp-json\/wp\/v2\/tags?post=46335"}],"curies":[{"name":"wp","href":"https:\/\/api.w.org\/{rel}","templated":true}]}}