{"id":46346,"date":"2025-04-18T09:00:49","date_gmt":"2025-04-18T07:00:49","guid":{"rendered":"https:\/\/edublog.educastur.es\/ixuxu\/?p=46346"},"modified":"2025-04-19T13:37:48","modified_gmt":"2025-04-19T11:37:48","slug":"dia-internacional-de-los-monumentos-y-sitios-dims","status":"publish","type":"post","link":"https:\/\/edublog.educastur.es\/ixuxu\/2025\/04\/dia-internacional-de-los-monumentos-y-sitios-dims\/","title":{"rendered":"D\u00eda Internacional de los Monumentos y Sitios (DIMS)"},"content":{"rendered":"<p style=\"text-align: center\"><a href=\"https:\/\/www.cadenanueve.com\/wp-content\/uploads\/2025\/04\/MONUMENTOS-Y-SITIOS.jpg\"><img loading=\"lazy\" decoding=\"async\" class=\"aligncenter size-large\" src=\"https:\/\/www.cadenanueve.com\/wp-content\/uploads\/2025\/04\/MONUMENTOS-Y-SITIOS.jpg\" width=\"1920\" height=\"1080\" \/><\/a><\/p>\n<p style=\"text-align: center\"><span style=\"color: #008080;font-size: 20px\"><strong><em>\u00abLos monumentos son testigos mudos del grandor<\/em><\/strong><\/span><br \/>\n<span style=\"color: #008080;font-size: 20px\"><strong><em> y les traxedies que moldiaron el nuesu pas\u00e1u\u00bb.<\/em><\/strong><\/span><\/p>\n<p>El 18 d&#8217;abril de cada a\u00f1u celebra&#8217;l <strong>D\u00eda Internacional de los Monumentos y Sitios (DIMS)<\/strong>, una iniciativa d&#8217;<strong><span style=\"color: #008080\">ICOMOS<\/span><\/strong> qu&#8217;empez\u00f3 en 1982 coles mires de sensibilizar sobro la importancia del patrimoniu cultural y la necesid\u00e1 de protexelo. Ye una fecha ideal para recordar l&#8217;importante llabor que tenemos de caltener el leg\u00e1u cultural que lleg\u00f3 a les nueses manos y para sensibilizar y dar a conocer a tola poblaci\u00f3n la riqueza que tien la humanid\u00e1 tocantes a patrimonios hist\u00f3ricos.<\/p>\n<p><!--more--><\/p>\n<p>Esti vienres cel\u00e9brase a nivel mundial el D\u00eda Internacional de los Monumentos y Sitios, una efem\u00e9ride proclamada pola UNESCO en 1983, a propuesta del <strong><span style=\"color: #008080\">Conseyu Internacional de Monumentos y Sitios (ICOMOS)<\/span><\/strong>, coles mires de sensibilizar sobro la importancia de caltener y protexer el patrimoniu cultural de la humanid\u00e1.<\/p>\n<p>Dende la so primer edici\u00f3n oficial en 2001, esti d\u00eda foi xuna plataforma clave pa destacar el valor hist\u00f3ricu, art\u00edsticu y social de los monumentos y sitios patrimoniales. Cada 18 d&#8217;abril, ciudaes de too el mundu sumir a la conmemoraci\u00f3n con una amplia axenda d&#8217;actividaes qu&#8217;incl\u00fai visites empuestes, conferencies, esposiciones, talleres, y programes educativos abiertos a la comunid\u00e1.<\/p>\n<p><strong>Un llam\u00e1u a l&#8217;acci\u00f3n pol patrimoniu<\/strong> La conmemoraci\u00f3n naci\u00f3 tres una conferencia celebrada en T\u00fanez el 18 d&#8217;abril de 1982, onde espertos del ICOMOS aldericaron la necesid\u00e1 urxente de crear conciencia sobro la fraxilid\u00e1 del patrimoniu cultural frente a amenaces como l&#8217;abandonu, la urbanizaci\u00f3n desafranada, los desastres naturales y los conflictos armaos.<\/p>\n<p>Un a\u00f1u dempu\u00e9s, la 22\u00aa Conferencia Xeneral de la UNESCO aprob\u00f3 oficialmente la creaci\u00f3n del D\u00eda Internacional, estableciendo esta fecha como <strong>un s\u00edmbolu de reflex\u00f3n y compromisu cola memoria colectiva y l&#8217;identid\u00e1 cultural de los pueblos.<\/strong><\/p>\n<p style=\"text-align: center\"><span class=\"html-span xexx8yu x4uap5 x18d9i69 xkhd6sd x1hl2dhg x16tdsg8 x1vvkbs x3nfvp2 x1j61x8r x1fcty0u xdj266r xat24cr xgzva0m xhhsvwb xxymvpz xlup9mm x1kky2od\">\n<!-- iframe plugin v.6.0 wordpress.org\/plugins\/iframe\/ -->\n<iframe loading=\"lazy\" src=\"https:\/\/www.instagram.com\/reel\/DIllUkRR-3u\/embed\" width=\"460\" height=\"500\" 0=\"\/iframe\" scrolling=\"yes\" class=\"iframe-class\" frameborder=\"0\"><\/iframe>\n<\/span><\/p>\n<p>Cada a\u00f1u, la celebraci\u00f3n xira en redol a una tema espec\u00edfica. Anque&#8217;l lema de 2025 ent\u00e1 nun foi oficialmente anunci\u00e1u, a\u00f1os anteriores encetaron tem\u00e1tiques como \u201cPatrimoniu y clima\u201d, \u201cPatrimoniu rural\u201d, o \u201cPasaos complexos, futuros diversos\u201d, sorrayando la diversid\u00e1 del leg\u00e1u cultural y los desaf\u00edos contemporaneos qu&#8217;enfrenta&#8217;l so preservaci\u00f3n.<\/p>\n<p><em><strong>\u201cEsti d\u00eda non solo busca protexer piedres y estructures, sin\u00f3n tami\u00e9n les hestories, tradiciones y conocencies qu&#8217;habiten en cada sitiu patrimonial\u201d<\/strong><\/em>, se\u00f1al\u00f3 nun comunic\u00e1u ICOMOS, qu&#8217;arrexunta a m\u00e1s de 10.000 espertos de 151 pa\u00edses.<\/p>\n","protected":false},"excerpt":{"rendered":"<p>\u00abLos monumentos son testigos mudos del grandor y les traxedies que moldiaron el nuesu pas\u00e1u\u00bb. El 18 d&#8217;abril de cada a\u00f1u celebra&#8217;l D\u00eda Internacional de los Monumentos y Sitios (DIMS), una iniciativa d&#8217;ICOMOS qu&#8217;empez\u00f3 en 1982 coles mires de sensibilizar sobro la importancia del patrimoniu cultural y la necesid\u00e1 de protexelo. Ye una fecha ideal [&hellip;]<\/p>\n","protected":false},"author":117,"featured_media":0,"comment_status":"open","ping_status":"open","sticky":false,"template":"","format":"standard","meta":{"footnotes":""},"categories":[6,260],"tags":[],"class_list":["post-46346","post","type-post","status-publish","format-standard","hentry","category-dia-de","category-monumentos"],"_links":{"self":[{"href":"https:\/\/edublog.educastur.es\/ixuxu\/wp-json\/wp\/v2\/posts\/46346","targetHints":{"allow":["GET"]}}],"collection":[{"href":"https:\/\/edublog.educastur.es\/ixuxu\/wp-json\/wp\/v2\/posts"}],"about":[{"href":"https:\/\/edublog.educastur.es\/ixuxu\/wp-json\/wp\/v2\/types\/post"}],"author":[{"embeddable":true,"href":"https:\/\/edublog.educastur.es\/ixuxu\/wp-json\/wp\/v2\/users\/117"}],"replies":[{"embeddable":true,"href":"https:\/\/edublog.educastur.es\/ixuxu\/wp-json\/wp\/v2\/comments?post=46346"}],"version-history":[{"count":5,"href":"https:\/\/edublog.educastur.es\/ixuxu\/wp-json\/wp\/v2\/posts\/46346\/revisions"}],"predecessor-version":[{"id":46349,"href":"https:\/\/edublog.educastur.es\/ixuxu\/wp-json\/wp\/v2\/posts\/46346\/revisions\/46349"}],"wp:attachment":[{"href":"https:\/\/edublog.educastur.es\/ixuxu\/wp-json\/wp\/v2\/media?parent=46346"}],"wp:term":[{"taxonomy":"category","embeddable":true,"href":"https:\/\/edublog.educastur.es\/ixuxu\/wp-json\/wp\/v2\/categories?post=46346"},{"taxonomy":"post_tag","embeddable":true,"href":"https:\/\/edublog.educastur.es\/ixuxu\/wp-json\/wp\/v2\/tags?post=46346"}],"curies":[{"name":"wp","href":"https:\/\/api.w.org\/{rel}","templated":true}]}}