{"id":46353,"date":"2025-04-19T09:00:14","date_gmt":"2025-04-19T07:00:14","guid":{"rendered":"https:\/\/edublog.educastur.es\/ixuxu\/?p=46353"},"modified":"2025-04-22T11:32:19","modified_gmt":"2025-04-22T09:32:19","slug":"dia-mundial-de-los-simpson","status":"publish","type":"post","link":"https:\/\/edublog.educastur.es\/ixuxu\/2025\/04\/dia-mundial-de-los-simpson\/","title":{"rendered":"D\u00eda Mundial de Los Simpson"},"content":{"rendered":"<p style=\"text-align: center\"><a href=\"https:\/\/img2.rtve.es\/i\/?w=1600&amp;i=01744616695260.jpg\"><img loading=\"lazy\" decoding=\"async\" class=\"aligncenter size-large\" src=\"https:\/\/img2.rtve.es\/i\/?w=1600&amp;i=01744616695260.jpg\" width=\"1600\" height=\"900\" \/><\/a><\/p>\n<p><span style=\"font-size: 16px\">Fai\u00a0 <strong>38 a\u00f1os, un 19 d&#8217;abril, emiti\u00f3se&#8217;l primer episodiu de Los Simpson<\/strong> y de magar, los miembros de la familia m\u00e1s famosa d&#8217;Am\u00e9rica y los sos amigos, conoc\u00edos, vecinos y vecinillos, convirti\u00e9ronse y\u00e1 en parte del imaxinariu colectivu. La primera emisi\u00f3n del cortometraxe de \u00abLos Simpsons\u00bb en televisi\u00f3n, foi un 19 d&#8217;abril de 1987.<\/span><\/p>\n<p><!--more--><\/p>\n<section class=\"cuerpo\">\n<nav id=\"summaryTableContents\">Precisamente pol so trenta aniversariu, inaugurose <strong>en 2017 el D\u00eda Mundial de Los Simpson<\/strong>, que se celebra cada a\u00f1u&#8217;l 19 d&#8217;abril. Esti d\u00eda mundial ye una reconocencia a la trayectoria d&#8217;una serie d&#8217;influencia universal, que bati\u00f3 records y que signific\u00f3 xuna s\u00e1tira de la socied\u00e1 estadounidense y de la socied\u00e1 polo xeneral.<\/nav>\n<nav>Orixe del D\u00eda Mundial de Los Simpson. Foi l&#8217;axencia de comunicaci\u00f3n espa\u00f1ola PR Garage la que decidi\u00f3 llanzar la propuesta en Change.org, consiguiendo l&#8217;oxetivu de firmes propuestes. Atresmedia sumar a la celebraci\u00f3n con una programaci\u00f3n especial en Neox y l&#8217;usu del hashtag <strong>TheSimpsonsDay<\/strong> D\u00edaMundiadeLosSimpson, y tami\u00e9n FOX Espa\u00f1a, que suel emitir un marat\u00f3n de la serie.<\/p>\n<p style=\"text-align: center\"><a href=\"https:\/\/www.diainternacionalde.com\/imagenes\/dias\/abril\/04-19_dia-mundial-de-los-simpson_casa_m.jpg\"><img loading=\"lazy\" decoding=\"async\" class=\"aligncenter size-large\" src=\"https:\/\/www.diainternacionalde.com\/imagenes\/dias\/abril\/04-19_dia-mundial-de-los-simpson_casa_m.jpg\" width=\"650\" height=\"380\" \/><\/a><\/p>\n<p><strong>La influencia de Los Simpson nel imaxinariu colectivu.<\/strong>\u00a0Naide meyor que Los Simpson pa protagonizar tou tipu de situaciones hilarantes, que tienen, la mayor\u00eda de les vegaes el so puntu de realid\u00e1. Cuantes vegaes asocedi\u00f3nos daqu\u00e9 estra\u00f1u y alcord\u00e9monos del cap\u00edtulu de Los Simpson nel que la familia creada por Matt Groening y\u00e1 viviera esa situaci\u00f3n.<\/p>\n<p>O cuantes vegaes usemos una frase de Homer, Llisa, Marge o Bart, pa contestar a daqui\u00e9n, vease la t\u00edpica frase \u00abmultipl\u00edcate por cero\u00bb de Bart. O C\u00e1llate, celebru\u00bb de Llisa. Y la t\u00edpica de Marge dirixida a Homer \u00abEsto ye lo peor que fixisti nunca\u00bb&#8230;<\/p>\n<p>Hasta esi puntu, los personaxes de Los Simpson infl\u00fayennos na vida real.<\/p>\n<p style=\"text-align: center\"><a href=\"https:\/\/www.diainternacionalde.com\/imagenes\/dias\/abril\/04-19_dia-mundial-de-los-simpson_estrella_m.jpg\"><img loading=\"lazy\" decoding=\"async\" class=\"aligncenter size-large\" src=\"https:\/\/www.diainternacionalde.com\/imagenes\/dias\/abril\/04-19_dia-mundial-de-los-simpson_estrella_m.jpg\" width=\"650\" height=\"489\" \/><\/a>Estrella nel Pas\u00e9u de la Fama. De Rastroxu (D-YE)<\/p>\n<p style=\"text-align: center\"><em>Esisten cientos d&#8217;intereses arrodiando a Los Simpson, equ\u00ed fal\u00e1moste de dalgunes que nos prestaron:<\/em><\/p>\n<ul>\n<li><em>Y\u00e1 sabes que los personaxes de <strong>Los Simpson tienen cuatro deos<\/strong>, pero hai dos d&#8217;ellos que siempres apaecen con cinco: Dios y Xesucristo.<\/em><\/li>\n<li><em>Matt Groening allug\u00f3 la serie nun llugar llam\u00e1u Springfield porque n&#8217;Estaos Xun\u00edos hai docenes de conceyos con esi nome. D&#8217;esta forma nun se centraba nun llugar concretu. Anque tami\u00e9n pod\u00eda invent\u00e1-ylo, \u00bfnon?<\/em><\/li>\n<li><em>En 1998, la revista Time escoy\u00f3 a Bart Simpson como una de les persones m\u00e1s influyentes del sieglu XX. <\/em><\/li>\n<li><em>El mesmu Michel Jackson punxo voz a un personaxe que se fa\u00eda pasar por \u00e9l nun manicomiu. (P\u00e1 ta llocu d&#8217;arreyar. Tercer temporada &#8211; Episodiu 1).<\/em><\/li>\n<li><em>Los Simpson tien un R\u00e9cord Guinness como&#8217;l show televisivu con m\u00e1s estrelles convidaes de la hestoria, con m\u00e1s de 600.<\/em><\/li>\n<li><em>El son\u00edu que fai Maggie con el so chupu grabar el mesmu Matt Groening cola so boca.<\/em><\/li>\n<\/ul>\n<p><a href=\"https:\/\/imgs.search.brave.com\/1N55KX4EsNra0W6LvXSklQIKcC-KYmKgQgz23svLGu4\/rs:fit:860:0:0:0\/g:ce\/aHR0cHM6Ly9jZG4u\/aG9iYnljb25zb2xh\/cy5jb20vc2l0ZXMv\/bmF2aS5heGVsc3By\/aW5nZXIuZXMvcHVi\/bGljL21lZGlhL2lt\/YWdlLzIwMTYvMTEv\/c2ltcHNvbi1zZXJp\/ZS10di1jYXJ0ZWwu\/anBnP3RmPTM4NDB4\"><img loading=\"lazy\" decoding=\"async\" class=\"aligncenter \" src=\"https:\/\/imgs.search.brave.com\/1N55KX4EsNra0W6LvXSklQIKcC-KYmKgQgz23svLGu4\/rs:fit:860:0:0:0\/g:ce\/aHR0cHM6Ly9jZG4u\/aG9iYnljb25zb2xh\/cy5jb20vc2l0ZXMv\/bmF2aS5heGVsc3By\/aW5nZXIuZXMvcHVi\/bGljL21lZGlhL2lt\/YWdlLzIwMTYvMTEv\/c2ltcHNvbi1zZXJp\/ZS10di1jYXJ0ZWwu\/anBnP3RmPTM4NDB4\" width=\"421\" height=\"623\" \/><\/a><\/p>\n<\/nav>\n<\/section>\n<p style=\"text-align: center\">\n<!-- iframe plugin v.6.0 wordpress.org\/plugins\/iframe\/ -->\n<iframe loading=\"lazy\" width=\"666\" height=\"374\" src=\"https:\/\/www.youtube.com\/embed\/yFx1YvXSvHs\" title=\"D\u00eda &amp;quot;mundial&amp;quot; de Los Simpsons, 30 a\u00f1os despu\u00e9s\" frameborder=\"0\" allow=\"accelerometer; autoplay; clipboard-write; encrypted-media; gyroscope; picture-in-picture; web-share\" referrerpolicy=\"strict-origin-when-cross-origin\" 0=\"allowfullscreen\" 1=\"\/iframe\" scrolling=\"yes\" class=\"iframe-class\"><\/iframe>\n<\/p>\n","protected":false},"excerpt":{"rendered":"<p>Fai\u00a0 38 a\u00f1os, un 19 d&#8217;abril, emiti\u00f3se&#8217;l primer episodiu de Los Simpson y de magar, los miembros de la familia m\u00e1s famosa d&#8217;Am\u00e9rica y los sos amigos, conoc\u00edos, vecinos y vecinillos, convirti\u00e9ronse y\u00e1 en parte del imaxinariu colectivu. La primera emisi\u00f3n del cortometraxe de \u00abLos Simpsons\u00bb en televisi\u00f3n, foi un 19 d&#8217;abril de 1987.<\/p>\n","protected":false},"author":117,"featured_media":0,"comment_status":"open","ping_status":"open","sticky":false,"template":"","format":"standard","meta":{"footnotes":""},"categories":[6,139],"tags":[],"class_list":["post-46353","post","type-post","status-publish","format-standard","hentry","category-dia-de","category-dibuxos"],"_links":{"self":[{"href":"https:\/\/edublog.educastur.es\/ixuxu\/wp-json\/wp\/v2\/posts\/46353","targetHints":{"allow":["GET"]}}],"collection":[{"href":"https:\/\/edublog.educastur.es\/ixuxu\/wp-json\/wp\/v2\/posts"}],"about":[{"href":"https:\/\/edublog.educastur.es\/ixuxu\/wp-json\/wp\/v2\/types\/post"}],"author":[{"embeddable":true,"href":"https:\/\/edublog.educastur.es\/ixuxu\/wp-json\/wp\/v2\/users\/117"}],"replies":[{"embeddable":true,"href":"https:\/\/edublog.educastur.es\/ixuxu\/wp-json\/wp\/v2\/comments?post=46353"}],"version-history":[{"count":5,"href":"https:\/\/edublog.educastur.es\/ixuxu\/wp-json\/wp\/v2\/posts\/46353\/revisions"}],"predecessor-version":[{"id":46545,"href":"https:\/\/edublog.educastur.es\/ixuxu\/wp-json\/wp\/v2\/posts\/46353\/revisions\/46545"}],"wp:attachment":[{"href":"https:\/\/edublog.educastur.es\/ixuxu\/wp-json\/wp\/v2\/media?parent=46353"}],"wp:term":[{"taxonomy":"category","embeddable":true,"href":"https:\/\/edublog.educastur.es\/ixuxu\/wp-json\/wp\/v2\/categories?post=46353"},{"taxonomy":"post_tag","embeddable":true,"href":"https:\/\/edublog.educastur.es\/ixuxu\/wp-json\/wp\/v2\/tags?post=46353"}],"curies":[{"name":"wp","href":"https:\/\/api.w.org\/{rel}","templated":true}]}}