{"id":46371,"date":"2025-04-19T09:50:37","date_gmt":"2025-04-19T07:50:37","guid":{"rendered":"https:\/\/edublog.educastur.es\/ixuxu\/?p=46371"},"modified":"2025-04-19T21:47:41","modified_gmt":"2025-04-19T19:47:41","slug":"la-fiesta-del-bollu-ya-ta-equi-del-19-al-21-dabril-naviles","status":"publish","type":"post","link":"https:\/\/edublog.educastur.es\/ixuxu\/2025\/04\/la-fiesta-del-bollu-ya-ta-equi-del-19-al-21-dabril-naviles\/","title":{"rendered":"\u00a1La Fiesta del Bollu y\u00e1 ta equ\u00ed! Del 19 al 21 d&#8217;abril n&#8217;Avil\u00e9s"},"content":{"rendered":"<p style=\"text-align: center\"><span class=\"html-span xexx8yu x4uap5 x18d9i69 xkhd6sd x1hl2dhg x16tdsg8 x1vvkbs x3nfvp2 x1j61x8r x1fcty0u xdj266r xat24cr xgzva0m xhhsvwb xxymvpz xlup9mm x1kky2od\">\n<!-- iframe plugin v.6.0 wordpress.org\/plugins\/iframe\/ -->\n<iframe loading=\"lazy\" src=\"https:\/\/www.instagram.com\/reel\/DImOWsrMQ1R\/embed\" width=\"460\" height=\"620\" 0=\"\/iframe\" scrolling=\"yes\" class=\"iframe-class\" frameborder=\"0\"><\/iframe>\n<\/span><\/p>\n<div class=\"x6s0dn4 x1dqoszc xu3j5b3 xm81vs4 x78zum5 x1iyjqo2 x1tjbqro\">\n<div class=\"x1lliihq xh8yej3\">\n<div class=\"x1qjc9v5 x972fbf xcfux6l x1qhh985 xm0m39n x9f619 x78zum5 xdt5ytf x2lah0s xk390pu xdj266r x11i5rnm xat24cr x1mh8g0r xexx8yu x4uap5 x18d9i69 xkhd6sd x1n2onr6 xggy1nq x11njtxf\" role=\"button\" aria-hidden=\"true\">\n<div class=\"x1iyjqo2\">\n<div class=\"x1qjc9v5 x972fbf xcfux6l x1qhh985 xm0m39n x9f619 x78zum5 xdt5ytf x2lah0s x17qophe xdj266r x11i5rnm xat24cr x1mh8g0r xexx8yu x4uap5 x18d9i69 xkhd6sd x1n2onr6 x13vifvy x11njtxf\">\n<div class=\"x1lliihq x1n2onr6\">\n<div class=\"x9f619 xjbqb8w x78zum5 x168nmei x13lgxp2 x5pf9jr xo71vjh x10l6tqk x1ey2m1c x13vifvy x17qophe xds687c x1plvlek xryxfnj x1c4vz4f x2lah0s xdt5ytf xqjyukv x1qjc9v5 x1oa3qoh x1nhvcw1\">\n<div class=\"x1qjc9v5 x9f619 x78zum5 xdt5ytf xln7xf2 xk390pu x5yr21d x1n2onr6 x11njtxf xh8yej3\">\n<div class=\"x1qjc9v5 x78zum5 x1q0g3np x5yr21d xw2csxc x10wlt62 x1n2onr6 x1rohswg xfk6m8\" role=\"presentation\">\n<div class=\"x1qjc9v5 x9f619 x78zum5 x1q0g3np xln7xf2 xk390pu x5yr21d x1n2onr6 x11njtxf\">\n<ul class=\"_acay\">\n<li><a href=\"https:\/\/www.instagram.com\/turismoasturias\/\">turismoasturias<\/a> y <a class=\"x1i10hfl xjbqb8w x1ejq31n xd10rxx x1sy0etr x17r0tee x972fbf xcfux6l x1qhh985 xm0m39n x9f619 x1ypdohk xt0psk2 xe8uvvx xdj266r x11i5rnm xat24cr x1mh8g0r xexx8yu x4uap5 x18d9i69 xkhd6sd x16tdsg8 x1hl2dhg xggy1nq x1a2a7pz  _acan _acao _acat _acaw _aj1- _ap30 _a6hd\" role=\"link\" href=\"https:\/\/www.instagram.com\/turismoavilescomarca\/\">turismoavilescomarca<\/a><\/li>\n<\/ul>\n<div class=\"_aasi\">\n<div class=\"x9f619 xjbqb8w x78zum5 x168nmei x13lgxp2 x5pf9jr xo71vjh x1n2onr6 x1plvlek xryxfnj x1c4vz4f x2lah0s x1q0g3np xqjyukv x6s0dn4 x1oa3qoh x1qughib\">\n<header class=\"_aaqw\">\n<div class=\"_aaqy _aaqz\">\n<div class=\"_aaql\"><\/div>\n<\/div>\n<\/header>\n<\/div>\n<\/div>\n<div class=\"x78zum5 xdt5ytf x1q2y9iw x1n2onr6 xh8yej3 x9f619 x1iyjqo2 x18l3tf1 x26u7qi xy80clv xexx8yu x4uap5 x18d9i69 xkhd6sd\">\n<div class=\"x78zum5 xdt5ytf x1iyjqo2 xs83m0k x2lwn1j x1odjw0f x1n2onr6 x9ek82g x6ikm8r xdj266r x11i5rnm x4ii5y1 x1mh8g0r xexx8yu x1pi30zi x18d9i69 x1swvt13\">\n<div class=\"x1qjc9v5 x972fbf xcfux6l x1qhh985 xm0m39n x9f619 x78zum5 xdt5ytf x2lah0s xk390pu xdj266r x11i5rnm xat24cr x1mh8g0r xexx8yu x4uap5 x18d9i69 xkhd6sd x1n2onr6 xggy1nq x11njtxf\" role=\"button\">\n<div class=\"_a9zm\">\n<div class=\"_a9zn _a9zo\">\n<div class=\"_a9zr\">\n<div class=\"xt0psk2\">\n<ul>\n<li>\ud83c\udf38 Dende finales del sieglu XIX, Avil\u00e9s celebra la llegada de la primavera con una fiesta llena de color, m\u00fasica, tradici\u00f3n\u2026 \u00a1y sabor! \ud83c\udf70 El Bollu, bizcuechu mantecado en forma de tr\u00e9bole, da nome a una celebraci\u00f3n \u00fanica, declarada<strong> Fiesta d&#8217;Inter\u00e9s Tur\u00edsticu en 1972.\u00a0<\/strong>\ud83c\udf81 El Domingu de Pascua, padrinos y madrines regalen esti dulce a los sos ahijads, cerrando&#8217;l ciclu pascual con sabor y allegr\u00eda. \ud83d\udeb6\u200d\u2642\ufe0f Desfiles de Carroces\/Xarr\u00e9s:\u00a0 Domingu 20 | 12:30h<\/li>\n<li>\ud83c\udf7d\ufe0f<strong> XXXII Comida na Cai, el\u00a0 \ud83d\uddd3\ufe0f Llunes 21<\/strong> | Dende les 14:00h \/ \u27a1\ufe0f M\u00e1s de 12.000 persones compartiendo mantel a lo llargo de 4 km de cais del Cascu Hist\u00f3ricu. Tradici\u00f3n, gastronom\u00eda y convivencia al campu. Llunes 21 | 12:00h \/ Con xigantes, cabezudos, bandes y folklo. \ud83c\udf86 Y como siempres\u2026 \u00a1fueos artificiales na R\u00eda para cerrar con broche d&#8217;oru! \u2728 Ven a vivir una fiesta onde la tradici\u00f3n y la primavera dan la mano.<\/li>\n<\/ul>\n<\/div>\n<\/div>\n<\/div>\n<\/div>\n<\/div>\n<\/div>\n<\/div>\n<\/div>\n<\/div>\n<\/div>\n<\/div>\n<\/div>\n<\/div>\n<\/div>\n<\/div>\n<\/div>\n<\/div>\n","protected":false},"excerpt":{"rendered":"<p>turismoasturias y turismoavilescomarca \ud83c\udf38 Dende finales del sieglu XIX, Avil\u00e9s celebra la llegada de la primavera con una fiesta llena de color, m\u00fasica, tradici\u00f3n\u2026 \u00a1y sabor! \ud83c\udf70 El Bollu, bizcuechu mantecado en forma de tr\u00e9bole, da nome a una celebraci\u00f3n \u00fanica, declarada Fiesta d&#8217;Inter\u00e9s Tur\u00edsticu en 1972.\u00a0\ud83c\udf81 El Domingu de Pascua, padrinos y madrines regalen [&hellip;]<\/p>\n","protected":false},"author":117,"featured_media":0,"comment_status":"open","ping_status":"open","sticky":false,"template":"","format":"standard","meta":{"footnotes":""},"categories":[21],"tags":[],"class_list":["post-46371","post","type-post","status-publish","format-standard","hentry","category-fiestes"],"_links":{"self":[{"href":"https:\/\/edublog.educastur.es\/ixuxu\/wp-json\/wp\/v2\/posts\/46371","targetHints":{"allow":["GET"]}}],"collection":[{"href":"https:\/\/edublog.educastur.es\/ixuxu\/wp-json\/wp\/v2\/posts"}],"about":[{"href":"https:\/\/edublog.educastur.es\/ixuxu\/wp-json\/wp\/v2\/types\/post"}],"author":[{"embeddable":true,"href":"https:\/\/edublog.educastur.es\/ixuxu\/wp-json\/wp\/v2\/users\/117"}],"replies":[{"embeddable":true,"href":"https:\/\/edublog.educastur.es\/ixuxu\/wp-json\/wp\/v2\/comments?post=46371"}],"version-history":[{"count":1,"href":"https:\/\/edublog.educastur.es\/ixuxu\/wp-json\/wp\/v2\/posts\/46371\/revisions"}],"predecessor-version":[{"id":46372,"href":"https:\/\/edublog.educastur.es\/ixuxu\/wp-json\/wp\/v2\/posts\/46371\/revisions\/46372"}],"wp:attachment":[{"href":"https:\/\/edublog.educastur.es\/ixuxu\/wp-json\/wp\/v2\/media?parent=46371"}],"wp:term":[{"taxonomy":"category","embeddable":true,"href":"https:\/\/edublog.educastur.es\/ixuxu\/wp-json\/wp\/v2\/categories?post=46371"},{"taxonomy":"post_tag","embeddable":true,"href":"https:\/\/edublog.educastur.es\/ixuxu\/wp-json\/wp\/v2\/tags?post=46371"}],"curies":[{"name":"wp","href":"https:\/\/api.w.org\/{rel}","templated":true}]}}