{"id":46387,"date":"2025-04-20T13:07:47","date_gmt":"2025-04-20T11:07:47","guid":{"rendered":"https:\/\/edublog.educastur.es\/ixuxu\/?p=46387"},"modified":"2025-04-22T17:55:09","modified_gmt":"2025-04-22T15:55:09","slug":"esposicion-smack-nel-pozu-santa-barbara-turon","status":"publish","type":"post","link":"https:\/\/edublog.educastur.es\/ixuxu\/2025\/04\/esposicion-smack-nel-pozu-santa-barbara-turon\/","title":{"rendered":"Esposici\u00f3n perinteresante nel Pozu Santa B\u00e1rbara (Tur\u00f3n)"},"content":{"rendered":"<p>Nel Centru Cultural del Pozu Santa B\u00e1rbara de Mieres la instalaci\u00f3n \u00abSPECULUM\u00bb, del colectivu SMACK. Tr\u00e9s artistes neerlandeses interpreten, a la lluz d&#8217;<strong><span style=\"color: #008080\">El xard\u00edn de les delicies d&#8217;El Bosco<\/span><\/strong>, l&#8217;aislamientu y el comportamientu de mases nesti mundu apoder\u00e1u pola tecnolox\u00eda y el consumu. <a href=\"https:\/\/www.facebook.com\/100003768818441\/videos\/pcb.3569375646531361\/9960055947384958\">Fonte<\/a>: <span class=\"xt0psk2\"><span class=\"xjp7ctv\"><a class=\"x1i10hfl xjbqb8w x1ejq31n xd10rxx x1sy0etr x17r0tee x972fbf xcfux6l x1qhh985 xm0m39n x9f619 x1ypdohk xt0psk2 xe8uvvx xdj266r x11i5rnm xat24cr x1mh8g0r xexx8yu x4uap5 x18d9i69 xkhd6sd x16tdsg8 x1hl2dhg xggy1nq x1a2a7pz xkrqix3 x1sur9pj xzsf02u x1s688f\" role=\"link\" href=\"https:\/\/www.facebook.com\/carmen.s.gaia?__cft__[0]=AZVfPyCF94nsRBeBgXD7neO57NZgmZClvq6eVENekbd4ypUBJ8HA9Er4oDrBnebNC64HPCmep9uzjJAG97fDjVSSjfzFrxOSoeYQ0FPAxjYZDxggX-wFnNDloCjPYseVhZQ_XE-WyhicPGu3VWWaWDesZKruwRPyMvjUVCPM6eG7fg&amp;__tn__=-UC%2CP-R\"><strong class=\"html-strong xdj266r x11i5rnm xat24cr x1mh8g0r xexx8yu x4uap5 x18d9i69 xkhd6sd x1hl2dhg x16tdsg8 x1vvkbs x1s688f\"><span class=\"html-span xdj266r x11i5rnm xat24cr x1mh8g0r xexx8yu x4uap5 x18d9i69 xkhd6sd x1hl2dhg x16tdsg8 x1vvkbs\">Carmen S\u00e1nchez Gaia<\/span><\/strong><\/a><\/span><\/span><\/p>\n<p style=\"text-align: center\">\n<!-- iframe plugin v.6.0 wordpress.org\/plugins\/iframe\/ -->\n<iframe loading=\"lazy\" src=\"https:\/\/www.facebook.com\/plugins\/video.php?height=314&#038;href=https%3A%2F%2Fwww.facebook.com%2Fcarmen.s.gaia%2Fvideos%2F9960055947384958%2F&#038;show_text=false&#038;width=560&#038;t=0\" width=\"560\" height=\"314\" style=\"border:none;overflow:hidden\" scrolling=\"no\" frameborder=\"0\" allowfullscreen=\"true\" allow=\"autoplay; clipboard-write; encrypted-media; picture-in-picture; web-share\" 0=\"\/iframe\" class=\"iframe-class\"><\/iframe>\n<\/p>\n<p style=\"text-align: center\"><!--more-->\n<!-- iframe plugin v.6.0 wordpress.org\/plugins\/iframe\/ -->\n<iframe loading=\"lazy\" src=\"https:\/\/www.facebook.com\/plugins\/post.php?href=https%3A%2F%2Fwww.facebook.com%2Fphoto.php%3Ffbid%3D3569373966531529%26set%3Da.115139001955060%26type%3D3&#038;show_text=false&#038;width=500\" width=\"500\" height=\"0\" style=\"border:none;overflow:hidden\" scrolling=\"no\" frameborder=\"0\" allowfullscreen=\"true\" allow=\"autoplay; clipboard-write; encrypted-media; picture-in-picture; web-share\" 0=\"\/iframe\" class=\"iframe-class\"><\/iframe>\n<\/p>\n<p style=\"text-align: center\">\n<!-- iframe plugin v.6.0 wordpress.org\/plugins\/iframe\/ -->\n<iframe loading=\"lazy\" src=\"https:\/\/www.facebook.com\/plugins\/video.php?height=314&#038;href=https%3A%2F%2Fwww.facebook.com%2Fcarmen.s.gaia%2Fvideos%2F9960055947384958%2F&#038;show_text=false&#038;width=560&#038;t=0\" width=\"560\" height=\"314\" style=\"border:none;overflow:hidden\" scrolling=\"no\" frameborder=\"0\" allowfullscreen=\"true\" allow=\"autoplay; clipboard-write; encrypted-media; picture-in-picture; web-share\" 0=\"\/iframe\" class=\"iframe-class\"><\/iframe>\n<\/p>\n<p style=\"text-align: center\">\n<!-- iframe plugin v.6.0 wordpress.org\/plugins\/iframe\/ -->\n<iframe loading=\"lazy\" src=\"https:\/\/www.facebook.com\/plugins\/post.php?href=https%3A%2F%2Fwww.facebook.com%2Fcarmen.s.gaia%2Fposts%2Fpfbid0a72QydDaCz25zrgUifkYeSEpqrbU5TmSCKcxmLtgeAKwg1cTQYhaKphKxiePPd6Ql&#038;show_text=true&#038;width=500\" width=\"500\" height=\"0\" style=\"border:none;overflow:hidden\" scrolling=\"no\" frameborder=\"0\" allowfullscreen=\"true\" allow=\"autoplay; clipboard-write; encrypted-media; picture-in-picture; web-share\" 0=\"\/iframe\" class=\"iframe-class\"><\/iframe>\n<\/p>\n<p><strong><a href=\"https:\/\/www.facebook.com\/reel\/9056971257741405\">Reel de Javier Sierra, escritor, sobro la obra<\/a><\/strong><\/p>\n<p style=\"text-align: center\">\n<!-- iframe plugin v.6.0 wordpress.org\/plugins\/iframe\/ -->\n<iframe loading=\"lazy\" src=\"https:\/\/www.facebook.com\/plugins\/video.php?height=476&#038;href=https%3A%2F%2Fwww.facebook.com%2Freel%2F9056971257741405%2F&#038;show_text=false&#038;width=267&#038;t=0\" width=\"267\" height=\"476\" style=\"border:none;overflow:hidden\" scrolling=\"no\" frameborder=\"0\" allowfullscreen=\"true\" allow=\"autoplay; clipboard-write; encrypted-media; picture-in-picture; web-share\" 0=\"\/iframe\" class=\"iframe-class\"><\/iframe>\n<\/p>\n<p>&nbsp;<\/p>\n","protected":false},"excerpt":{"rendered":"<p>Nel Centru Cultural del Pozu Santa B\u00e1rbara de Mieres la instalaci\u00f3n \u00abSPECULUM\u00bb, del colectivu SMACK. Tr\u00e9s artistes neerlandeses interpreten, a la lluz d&#8217;El xard\u00edn de les delicies d&#8217;El Bosco, l&#8217;aislamientu y el comportamientu de mases nesti mundu apoder\u00e1u pola tecnolox\u00eda y el consumu. Fonte: Carmen S\u00e1nchez Gaia<\/p>\n","protected":false},"author":117,"featured_media":0,"comment_status":"open","ping_status":"open","sticky":false,"template":"","format":"standard","meta":{"footnotes":""},"categories":[89,14],"tags":[],"class_list":["post-46387","post","type-post","status-publish","format-standard","hentry","category-arte","category-esposiciones"],"_links":{"self":[{"href":"https:\/\/edublog.educastur.es\/ixuxu\/wp-json\/wp\/v2\/posts\/46387","targetHints":{"allow":["GET"]}}],"collection":[{"href":"https:\/\/edublog.educastur.es\/ixuxu\/wp-json\/wp\/v2\/posts"}],"about":[{"href":"https:\/\/edublog.educastur.es\/ixuxu\/wp-json\/wp\/v2\/types\/post"}],"author":[{"embeddable":true,"href":"https:\/\/edublog.educastur.es\/ixuxu\/wp-json\/wp\/v2\/users\/117"}],"replies":[{"embeddable":true,"href":"https:\/\/edublog.educastur.es\/ixuxu\/wp-json\/wp\/v2\/comments?post=46387"}],"version-history":[{"count":8,"href":"https:\/\/edublog.educastur.es\/ixuxu\/wp-json\/wp\/v2\/posts\/46387\/revisions"}],"predecessor-version":[{"id":46560,"href":"https:\/\/edublog.educastur.es\/ixuxu\/wp-json\/wp\/v2\/posts\/46387\/revisions\/46560"}],"wp:attachment":[{"href":"https:\/\/edublog.educastur.es\/ixuxu\/wp-json\/wp\/v2\/media?parent=46387"}],"wp:term":[{"taxonomy":"category","embeddable":true,"href":"https:\/\/edublog.educastur.es\/ixuxu\/wp-json\/wp\/v2\/categories?post=46387"},{"taxonomy":"post_tag","embeddable":true,"href":"https:\/\/edublog.educastur.es\/ixuxu\/wp-json\/wp\/v2\/tags?post=46387"}],"curies":[{"name":"wp","href":"https:\/\/api.w.org\/{rel}","templated":true}]}}