{"id":46401,"date":"2025-04-20T08:30:35","date_gmt":"2025-04-20T06:30:35","guid":{"rendered":"https:\/\/edublog.educastur.es\/ixuxu\/?p=46401"},"modified":"2025-04-20T13:24:39","modified_gmt":"2025-04-20T11:24:39","slug":"tiempu-nasturies-el-comercio","status":"publish","type":"post","link":"https:\/\/edublog.educastur.es\/ixuxu\/2025\/04\/tiempu-nasturies-el-comercio\/","title":{"rendered":"Tiempu n&#8217;Asturies (El Comercio)"},"content":{"rendered":"<p><a href=\"https:\/\/s3.ppllstatics.com\/elcomercio\/www\/multimedia\/2025\/04\/19\/prevision-tiempo-asturias-kT7-U2301404163085IHH-1850x840@El%20Comercio.jpg\"><img loading=\"lazy\" decoding=\"async\" class=\"aligncenter size-large\" src=\"https:\/\/s3.ppllstatics.com\/elcomercio\/www\/multimedia\/2025\/04\/19\/prevision-tiempo-asturias-kT7-U2301404163085IHH-1850x840@El%20Comercio.jpg\" width=\"1850\" height=\"837\" \/><\/a><\/p>\n<p>Vamos amanecer ent\u00e1 con delles ag\u00fces que van unviar mientres la ma\u00f1ana. Ello ye que nun se refuga que pueda apaecer dalg\u00fan claru ente les nubes. Pero, <strong>a partir del mediud\u00eda<\/strong>, va entrar m\u00e1s nubosidad dende l&#8217;occidente que se va estender al restu del Princip\u00e1u col intre de les hores. Estes nubes van dexar precipitaciones que, a les traces, van ser de poca intensid\u00e1. La cota de nieve va dir xubiendo a lo llargo del domingu hasta asitiase percima de los 1500 metros pela tarde.<\/p>\n<p><strong>Los vientos<\/strong> van soplar de componente oeste fluexos nel interior y moderaos na mari\u00f1a. <strong>Les temperatures m\u00e1ximes<\/strong> van xubir en tol occidente asturianu y van caltenese nel restu.<strong> Les m\u00ednimes<\/strong>, pela so parte, van xubir llixeramente en tola rex\u00f3n anque ye posible que dichu ascensu s\u00eda daqu\u00e9 m\u00e1s significativu nel interior oriental.<\/p>\n<p><!--more--><\/p>\n<p><strong>El llunes<\/strong> volveremos tener cielos nublos n&#8217;Asturies con precipitaciones d\u00e9biles que van ser m\u00e1s frecuentes de cara a la segunda parte del d\u00eda. Los vientos van empezar soplando de suroeste-oeste pero, a lo llargo de tardar, van afitar de noroeste fluexos. Les temperatures nun van esperimentar variaciones importantes.<\/p>\n","protected":false},"excerpt":{"rendered":"<p>Vamos amanecer ent\u00e1 con delles ag\u00fces que van unviar mientres la ma\u00f1ana. Ello ye que nun se refuga que pueda apaecer dalg\u00fan claru ente les nubes. Pero, a partir del mediud\u00eda, va entrar m\u00e1s nubosidad dende l&#8217;occidente que se va estender al restu del Princip\u00e1u col intre de les hores. Estes nubes van dexar precipitaciones [&hellip;]<\/p>\n","protected":false},"author":117,"featured_media":0,"comment_status":"open","ping_status":"open","sticky":false,"template":"","format":"standard","meta":{"footnotes":""},"categories":[5],"tags":[],"class_list":["post-46401","post","type-post","status-publish","format-standard","hentry","category-tiempu"],"_links":{"self":[{"href":"https:\/\/edublog.educastur.es\/ixuxu\/wp-json\/wp\/v2\/posts\/46401","targetHints":{"allow":["GET"]}}],"collection":[{"href":"https:\/\/edublog.educastur.es\/ixuxu\/wp-json\/wp\/v2\/posts"}],"about":[{"href":"https:\/\/edublog.educastur.es\/ixuxu\/wp-json\/wp\/v2\/types\/post"}],"author":[{"embeddable":true,"href":"https:\/\/edublog.educastur.es\/ixuxu\/wp-json\/wp\/v2\/users\/117"}],"replies":[{"embeddable":true,"href":"https:\/\/edublog.educastur.es\/ixuxu\/wp-json\/wp\/v2\/comments?post=46401"}],"version-history":[{"count":1,"href":"https:\/\/edublog.educastur.es\/ixuxu\/wp-json\/wp\/v2\/posts\/46401\/revisions"}],"predecessor-version":[{"id":46402,"href":"https:\/\/edublog.educastur.es\/ixuxu\/wp-json\/wp\/v2\/posts\/46401\/revisions\/46402"}],"wp:attachment":[{"href":"https:\/\/edublog.educastur.es\/ixuxu\/wp-json\/wp\/v2\/media?parent=46401"}],"wp:term":[{"taxonomy":"category","embeddable":true,"href":"https:\/\/edublog.educastur.es\/ixuxu\/wp-json\/wp\/v2\/categories?post=46401"},{"taxonomy":"post_tag","embeddable":true,"href":"https:\/\/edublog.educastur.es\/ixuxu\/wp-json\/wp\/v2\/tags?post=46401"}],"curies":[{"name":"wp","href":"https:\/\/api.w.org\/{rel}","templated":true}]}}