{"id":46404,"date":"2025-04-20T15:38:23","date_gmt":"2025-04-20T13:38:23","guid":{"rendered":"https:\/\/edublog.educastur.es\/ixuxu\/?p=46404"},"modified":"2025-04-20T15:45:07","modified_gmt":"2025-04-20T13:45:07","slug":"tania-pereira-asoleyal-discu-rousa-de-xerico","status":"publish","type":"post","link":"https:\/\/edublog.educastur.es\/ixuxu\/2025\/04\/tania-pereira-asoleyal-discu-rousa-de-xerico\/","title":{"rendered":"Tania Pereira asoleya&#8217;l discu \u00abRousa de Xeric\u00f3\u00bb"},"content":{"rendered":"<div class=\"html-div xdj266r xat24cr x1mh8g0r xexx8yu x4uap5 x18d9i69 xkhd6sd x78zum5 x2lah0s xqtp20y x1emribx\" style=\"text-align: center\"><a href=\"https:\/\/estaticos-cdn.prensaiberica.es\/clip\/11218f76-c209-4aed-93d3-07a41d96c4f5_source-aspect-ratio_default_0.webp\"><img loading=\"lazy\" decoding=\"async\" class=\"aligncenter \" src=\"https:\/\/estaticos-cdn.prensaiberica.es\/clip\/11218f76-c209-4aed-93d3-07a41d96c4f5_source-aspect-ratio_default_0.webp\" width=\"698\" height=\"1047\" \/><\/a><\/div>\n<div class=\"x1iyjqo2 x1emribx xr9ek0c\">\n<div class=\"x78zum5 xdt5ytf xz62fqu x16ldp7u\">\n<div class=\"xu06os2 x1ok221b\">\n<div class=\"html-div xdj266r x11i5rnm xat24cr x1mh8g0r xexx8yu x4uap5 x18d9i69 xkhd6sd\" data-ad-rendering-role=\"profile_name\">\n<ul>\n<li class=\"html-h2 x11i5rnm xat24cr x1mh8g0r xexx8yu x4uap5 x18d9i69 xkhd6sd x1vvkbs x1heor9g x1qlqyl8 x1pd3egz x1a2a7pz x1gslohp x1yc453h\"><span class=\"xt0psk2\"><span class=\"xjp7ctv\"><a class=\"x1i10hfl xjbqb8w x1ejq31n xd10rxx x1sy0etr x17r0tee x972fbf xcfux6l x1qhh985 xm0m39n x9f619 x1ypdohk xt0psk2 xe8uvvx xdj266r x11i5rnm xat24cr x1mh8g0r xexx8yu x4uap5 x18d9i69 xkhd6sd x16tdsg8 x1hl2dhg xggy1nq x1a2a7pz xkrqix3 x1sur9pj xzsf02u x1s688f\" role=\"link\" href=\"https:\/\/www.facebook.com\/profile.php?id=100063498795914&amp;__cft__[0]=AZWZ1F5Zs8H2KnemEdrBnT3aHs2gC7d9cp1CDjwaxO18tg1UHkJgbQNxU-gaQEfEAc_AjhywDRZRwJP0OVZhrHFbcLlSrM9gDZauYudKYP7YmxsIfSYLSe2r4jZIDTXlcHYg7YJKGvxvuIbEcBRWwIDfgBdwXEky_9Ql6KAMz3dsFNt7fSUQVVTGa7Dxq8TXPeM58u3iX7sZfQequAIkfFS7eVHTfDYYc4NVzidCgXGVCw&amp;__tn__=-UC-R\"><strong class=\"html-strong xdj266r x11i5rnm xat24cr x1mh8g0r xexx8yu x4uap5 x18d9i69 xkhd6sd x1hl2dhg x16tdsg8 x1vvkbs x1s688f\"><span class=\"html-span xdj266r x11i5rnm xat24cr x1mh8g0r xexx8yu x4uap5 x18d9i69 xkhd6sd x1hl2dhg x16tdsg8 x1vvkbs\">PROGRAMA PIECES TPA<\/span><\/strong><\/a><\/span><\/span>\/ <a href=\"https:\/\/www.lne.es\/cangas-del-narcea\/2025\/03\/17\/tania-pereira-regresa-trabajo-personal-115373817.html\">LNE<\/a> \/ <a href=\"https:\/\/www.facebook.com\/100063498795914\/videos\/622746477413061\"><strong>Pieces<\/strong> <\/a>\/<\/li>\n<\/ul>\n<p>La cantautora canguesa Tania Pereira torna col so trabayu m\u00e1s personal: \u00abFoi como redefinir el mio son\u00edu\u00bb. \u00abRousa de Xeric\u00f3\u00bb ye&#8217;l nome del \u00faltimu \u00e1lbum de l&#8217;artista, que contien delles temes n&#8217;asturianu, anque dica agora solo present\u00f3se el primera senciellu, \u00abCometes\u00bb.<\/p>\n<p><!--more--><\/p>\n<p style=\"text-align: center\"><a href=\"https:\/\/estaticos-cdn.prensaiberica.es\/clip\/dedb6bdb-5c87-4378-8f51-b79ae2200bb3_16-9-aspect-ratio_default_0.webp\"><img loading=\"lazy\" decoding=\"async\" class=\"aligncenter size-large\" src=\"https:\/\/estaticos-cdn.prensaiberica.es\/clip\/dedb6bdb-5c87-4378-8f51-b79ae2200bb3_16-9-aspect-ratio_default_0.webp\" width=\"880\" height=\"495\" \/><\/a>\u00abRousa de Xeric\u00f3\u00bb ye&#8217;l nome del nuevu discu de la cantautora canguesa<br \/>\nTania Pereira (de Xedr\u00e9), el so trabayu m\u00e1s personal.<\/p>\n<\/div>\n<\/div>\n<\/div>\n<\/div>\n<div>\n<div class=\"x14vqqas x1a8lsjc\">\n<div class=\"x78zum5 xdt5ytf x4cne27 xifccgj\">\n<div class=\"xzueoph x1k70j0n\">\n<p style=\"text-align: center\">\n<!-- iframe plugin v.6.0 wordpress.org\/plugins\/iframe\/ -->\n<iframe loading=\"lazy\" src=\"https:\/\/www.facebook.com\/plugins\/video.php?height=314&#038;href=https%3A%2F%2Fwww.facebook.com%2F100063498795914%2Fvideos%2F622746477413061%2F&#038;show_text=false&#038;width=560&#038;t=0\" width=\"560\" height=\"314\" style=\"border:none;overflow:hidden\" scrolling=\"no\" frameborder=\"0\" allowfullscreen=\"true\" allow=\"autoplay; clipboard-write; encrypted-media; picture-in-picture; web-share\" 0=\"allowFullScreen=&quot;true&quot;&gt;&lt;\/iframe\" class=\"iframe-class\"><\/iframe>\n<\/p>\n<p>Dica agora solo present\u00f3&#8217;l so primera senciellu \u00abCometes\u00bb y va ser a lo llargo de los pr\u00f3ximos meses cuando se vaigan desvelando&#8217;l restu de les temes que componen esti \u00e1lbum. Sicas\u00ed, dalgunes de los sos cantares pueden escuchase na so voz y guitarra en v\u00eddeos de les sos redes sociales y tami\u00e9n sonaron y\u00e1 na sala La Selvaxe, d&#8217;Uvi\u00e9u, el pas\u00e1u 21 de febreru. Para finales de mayu ta previstu que Tania Pereira llegue a Cangas, al teatru Toreno, para amosar en casa les sos nueves temes.<\/p>\n<p><em>\u00abEsti discu foi como redefinir de nuevu&#8217;l mio son\u00edu, quer\u00eda enfocame m\u00e1s na producci\u00f3n y mirar m\u00e1s el detalle para cuntar la hestoria, tami\u00e9n les lletres son m\u00e1s personales, antes sol\u00edame esconder un pocu m\u00e1s nes met\u00e1fores y nesti trabayu dixi que quer\u00eda ser un pocu m\u00e1s honesta y polo que vi esti d\u00eda en La Selvaxe, paez que la xente conecta\u00bb<\/em>, describe Pereira.<\/p>\n<p>Cunta que nes sos nueves temes va del \u00abestremu m\u00e1s folcl\u00f3ricu\u00bb, una alcordanza de los sos entamos col grupu de m\u00fasica tradicional \u00abBrandal\u00bb, a lo que quier proxectar nel futuru cola presencia de bases m\u00e1s electr\u00f3niques. Anque fai fincapi\u00e9 en que les que siempres t\u00e1n presentes son la guitarra y la so voz \u00abporque asina nacen los cantares, yo sola cola mio guitarra, na habitaci\u00f3n escribi\u00e9ndoles\u00bb.<\/p>\n<p style=\"text-align: center\"><a href=\"https:\/\/estaticos-cdn.prensaiberica.es\/clip\/f6f4a1b9-c556-4531-8583-32c3c7e6cdb9_source-aspect-ratio_default_0.webp\"><img loading=\"lazy\" decoding=\"async\" class=\"aligncenter \" src=\"https:\/\/estaticos-cdn.prensaiberica.es\/clip\/f6f4a1b9-c556-4531-8583-32c3c7e6cdb9_source-aspect-ratio_default_0.webp\" width=\"696\" height=\"1044\" \/><\/a><\/p>\n<\/div>\n<\/div>\n<\/div>\n<\/div>\n<p>Nes lletres de les sos nueves temes analiza \u00abd&#8217;\u00f3nde provienen les mios lluches internes\u00bb tami\u00e9n el so inter\u00e9s. Por casu, sobro \u00abCometes\u00bb asegura que ye \u00abxuna burlla de mi mesma, de los mios cambeos de paecer, de les mios duldes\u00bb.<\/p>\n<p><strong>Como en trabayos anteriores tami\u00e9n n&#8217;este tien presencia l&#8217;asturianu.<\/strong> \u00abYe bien mel\u00f3dicu, suena bien guapu, y a la de escribir cantares siempres m&#8217;encaxar y gust\u00f3me enforma, ye otra manera de tar barganal de los mios raiga\u00f1os. Y si hai suerte de que&#8217;l discu pueda salir un pocu m\u00e1s all\u00e1 y xente de fora termina cantando tami\u00e9n n&#8217;asturianu, ye daqu\u00e9 que siempres pens\u00e9 que me fadr\u00eda ilusi\u00f3n\u00bb, confiesa.<\/p>\n<p>Sobro l&#8217;escenariu ta acompa\u00f1ada por dos m\u00fasicos multiinstrumentistas, Andr\u00e9s Rodrigues Monteavaro, gaiteru, percusionista y qu&#8217;incorpora sintetizadores; y Luke Maher, qu&#8217;am\u00e1s d&#8217;ayudar na producci\u00f3n del discu, toca&#8217;l saxof\u00f3n, el pianu, la percusi\u00f3n y la guitarra.<em> \u00abTengo muncha suerte con esti equipu porque sobro l&#8217;escenariu t\u00e1n pasando munches coses dientro de bien poques persones\u00bb<\/em>, sorraya.<\/p>\n<div>\n<div class=\"xjkvuk6\">\n<div class=\"xdj266r x11i5rnm xat24cr x1mh8g0r x1vvkbs\">\n<div dir=\"auto\" style=\"text-align: center\"><a href=\"https:\/\/estaticos-cdn.prensaiberica.es\/clip\/ff882858-0d27-4c3c-b8d0-a654a449da4d_source-aspect-ratio_default_0.webp\"><img loading=\"lazy\" decoding=\"async\" class=\"aligncenter \" src=\"https:\/\/estaticos-cdn.prensaiberica.es\/clip\/ff882858-0d27-4c3c-b8d0-a654a449da4d_source-aspect-ratio_default_0.webp\" width=\"765\" height=\"1148\" \/><\/a><\/div>\n<\/div>\n<\/div>\n<\/div>\n<p>Para poder velos actuar de nuevu va haber qu&#8217;esperar a principios d&#8217;abril, cuando ta previstu un conciertu en La Llaboral (Xix\u00f3n) y dempu\u00e9s va ser la vez del teatru Toreno, en Cangas. Una cita prevista para finales de mayu y a la que la cantautora canguesa tien munches ganes porque reconoz que, am\u00e1s de ser la so tierra, \u00abel teatru siempres ye especial, ye tan guapu y suena tan bien que ye siempres de los conciertos que m\u00e1s ganes tengo\u00bb.<\/p>\n","protected":false},"excerpt":{"rendered":"<p>PROGRAMA PIECES TPA\/ LNE \/ Pieces \/ La cantautora canguesa Tania Pereira torna col so trabayu m\u00e1s personal: \u00abFoi como redefinir el mio son\u00edu\u00bb. \u00abRousa de Xeric\u00f3\u00bb ye&#8217;l nome del \u00faltimu \u00e1lbum de l&#8217;artista, que contien delles temes n&#8217;asturianu, anque dica agora solo present\u00f3se el primera senciellu, \u00abCometes\u00bb.<\/p>\n","protected":false},"author":117,"featured_media":0,"comment_status":"open","ping_status":"open","sticky":false,"template":"","format":"standard","meta":{"footnotes":""},"categories":[35,125],"tags":[],"class_list":["post-46404","post","type-post","status-publish","format-standard","hentry","category-musica","category-musicasturiana-com"],"_links":{"self":[{"href":"https:\/\/edublog.educastur.es\/ixuxu\/wp-json\/wp\/v2\/posts\/46404","targetHints":{"allow":["GET"]}}],"collection":[{"href":"https:\/\/edublog.educastur.es\/ixuxu\/wp-json\/wp\/v2\/posts"}],"about":[{"href":"https:\/\/edublog.educastur.es\/ixuxu\/wp-json\/wp\/v2\/types\/post"}],"author":[{"embeddable":true,"href":"https:\/\/edublog.educastur.es\/ixuxu\/wp-json\/wp\/v2\/users\/117"}],"replies":[{"embeddable":true,"href":"https:\/\/edublog.educastur.es\/ixuxu\/wp-json\/wp\/v2\/comments?post=46404"}],"version-history":[{"count":9,"href":"https:\/\/edublog.educastur.es\/ixuxu\/wp-json\/wp\/v2\/posts\/46404\/revisions"}],"predecessor-version":[{"id":46424,"href":"https:\/\/edublog.educastur.es\/ixuxu\/wp-json\/wp\/v2\/posts\/46404\/revisions\/46424"}],"wp:attachment":[{"href":"https:\/\/edublog.educastur.es\/ixuxu\/wp-json\/wp\/v2\/media?parent=46404"}],"wp:term":[{"taxonomy":"category","embeddable":true,"href":"https:\/\/edublog.educastur.es\/ixuxu\/wp-json\/wp\/v2\/categories?post=46404"},{"taxonomy":"post_tag","embeddable":true,"href":"https:\/\/edublog.educastur.es\/ixuxu\/wp-json\/wp\/v2\/tags?post=46404"}],"curies":[{"name":"wp","href":"https:\/\/api.w.org\/{rel}","templated":true}]}}