{"id":46431,"date":"2025-04-21T08:00:47","date_gmt":"2025-04-21T06:00:47","guid":{"rendered":"https:\/\/edublog.educastur.es\/ixuxu\/?p=46431"},"modified":"2025-04-20T22:41:57","modified_gmt":"2025-04-20T20:41:57","slug":"educacion-abrel-plazu-dalmision-paral-proximu-cursu-2025-2026","status":"publish","type":"post","link":"https:\/\/edublog.educastur.es\/ixuxu\/2025\/04\/educacion-abrel-plazu-dalmision-paral-proximu-cursu-2025-2026\/","title":{"rendered":"Educaci\u00f3n abre&#8217;l plazu d&#8217;almisi\u00f3n para&#8217;l pr\u00f3ximu cursu 2025-2026."},"content":{"rendered":"<div class=\"html-div xdj266r xat24cr x1mh8g0r xexx8yu x4uap5 x18d9i69 xkhd6sd x78zum5 x2lah0s xqtp20y x1emribx\">\n<div class=\"xc9qbxq x1td3qas x6s0dn4 x78zum5 xl56j7k\">\n<div class=\"\" style=\"text-align: center\"><a href=\"https:\/\/actualidad.asturias.es\/documents\/537115\/2503943\/Foto+solicitud+plaza+Educacion.jpg\/8f1a2ef7-9f8e-8e8b-e5c2-7b8dd82e4c6f?t=1745135443736\"><img loading=\"lazy\" decoding=\"async\" class=\"aligncenter \" src=\"https:\/\/actualidad.asturias.es\/documents\/537115\/2503943\/Foto+solicitud+plaza+Educacion.jpg\/8f1a2ef7-9f8e-8e8b-e5c2-7b8dd82e4c6f?t=1745135443736\" width=\"617\" height=\"411\" \/><\/a><\/div>\n<\/div>\n<\/div>\n<div class=\"x78zum5 xdt5ytf xz62fqu x16ldp7u\">\n<div class=\"xu06os2 x1ok221b\">\n<div class=\"html-div xdj266r x11i5rnm xat24cr x1mh8g0r xexx8yu x4uap5 x18d9i69 xkhd6sd\" data-ad-rendering-role=\"profile_name\">\n<ul>\n<li class=\"html-h3 x11i5rnm xat24cr x1mh8g0r xexx8yu x4uap5 x18d9i69 xkhd6sd x1vvkbs x1heor9g x1qlqyl8 x1pd3egz x1a2a7pz x1gslohp x1yc453h\"><span class=\"x1lliihq x6ikm8r x10wlt62 x1n2onr6\"><span class=\"xt0psk2\"><span class=\"xjp7ctv\"><a class=\"x1i10hfl xjbqb8w x1ejq31n xd10rxx x1sy0etr x17r0tee x972fbf xcfux6l x1qhh985 xm0m39n x9f619 x1ypdohk xt0psk2 xe8uvvx xdj266r x11i5rnm xat24cr x1mh8g0r xexx8yu x4uap5 x18d9i69 xkhd6sd x16tdsg8 x1hl2dhg xggy1nq x1a2a7pz xkrqix3 x1sur9pj xzsf02u x1s688f\" role=\"link\" href=\"https:\/\/www.facebook.com\/gobiernodeasturias?__cft__[0]=AZVkDwR8NQLFdPn5eCJcknNRHYXAgLL1Tkh7ZY1lrgVTDqJXdstLBtQO8i2A3dH3b6nHEewH0NctYdTLoT9uY05BJveAnE2c5X1Ox4OfpaFijCkIQgj234zIOix-IZ6GeGPyfJ7MOGJF0_tBQac3aqJGb7tViQ9PYV1tlEvd0-_TOIMPCQIH1oodFmv_AfZ0Uq_YLLKa8ysMwWsOrW5FVE8Yt1prf65vbSYfo405ieN2rA&amp;__tn__=-UC%2CP-y-R\"><strong class=\"html-strong xdj266r x11i5rnm xat24cr x1mh8g0r xexx8yu x4uap5 x18d9i69 xkhd6sd x1hl2dhg x16tdsg8 x1vvkbs x1s688f\"><span class=\"html-span xdj266r x11i5rnm xat24cr x1mh8g0r xexx8yu x4uap5 x18d9i69 xkhd6sd x1hl2dhg x16tdsg8 x1vvkbs\">Principado de Asturias<\/span><\/strong><\/a><\/span><\/span> <\/span><span class=\"html-span xdj266r x11i5rnm xat24cr x1mh8g0r xexx8yu x4uap5 x18d9i69 xkhd6sd x1hl2dhg x16tdsg8 x1vvkbs\"><span class=\"html-span xdj266r x11i5rnm xat24cr x1mh8g0r xexx8yu x4uap5 x18d9i69 xkhd6sd x1hl2dhg x16tdsg8 x1vvkbs x4k7w5x x1h91t0o x1h9r5lt x1jfb8zj xv2umb2 x1beo9mf xaigb6o x12ejxvf x3igimt xarpa2k xedcshv x1lytzrv x1t2pt76 x7ja8zs x1qrby5j\"><span class=\"x1rg5ohu x6ikm8r x10wlt62 x16dsc37 xt0b8zv\" aria-labelledby=\"\u00abrbu2\u00bb\"><span class=\"xmper1u xt0psk2 xjb2p0i x1qlqyl8 x15bjb6t x1n2onr6 x17ihmo5 x1g77sc7\"><span class=\"xt0psk2 x1qlqyl8 x1n2onr6 x17ihmo5 xnlcnb7 trhKlDB9 qrhKlDB6 rrhKlDB7 wrhKlDBc rdqh sdqi tdqj udqk\">\/ imaxe<\/span><\/span><\/span><\/span><\/span>\/<span class=\"html-span xexx8yu x4uap5 x18d9i69 xkhd6sd x1hl2dhg x16tdsg8 x1vvkbs x3nfvp2 x1j61x8r x1fcty0u xdj266r xat24cr xgzva0m xhhsvwb xxymvpz xlup9mm x1kky2od\"><img loading=\"lazy\" decoding=\"async\" class=\"xz74otr x168nmei x13lgxp2 x5pf9jr xo71vjh\" src=\"https:\/\/static.xx.fbcdn.net\/images\/emoji.php\/v9\/tb3\/1\/16\/1f517.png\" alt=\"\ud83d\udd17\" width=\"16\" height=\"16\" \/><\/span> <a href=\"https:\/\/actualidad.asturias.es\/-\/plazo-admision-curso2025-2026?redirect=%2F\">M\u00e1s <span class=\"html-span xexx8yu x4uap5 x18d9i69 xkhd6sd x1hl2dhg x16tdsg8 x1vvkbs x3nfvp2 x1j61x8r x1fcty0u xdj266r xat24cr xgzva0m xhhsvwb xxymvpz xlup9mm x1kky2od\"><img loading=\"lazy\" decoding=\"async\" class=\"xz74otr x168nmei x13lgxp2 x5pf9jr xo71vjh\" src=\"https:\/\/static.xx.fbcdn.net\/images\/emoji.php\/v9\/t8e\/1\/16\/2139.png\" alt=\"\u2139\" width=\"16\" height=\"16\" \/><\/span> Info<\/a> \/<\/li>\n<li>Dende ma\u00f1ana, 21 d&#8217;abril, y hasta el 6 de mayu.<\/li>\n<li><strong>Va ser el primer cursu nel que l&#8217;alumn\u00e1u de 3 a 6 a\u00f1os va poder estudiar llingua asturiana o eonaviego<\/strong>.<\/li>\n<li>El formulariu para solicitalo va tar disponible en xunu, mientres el periodu de matriculaci\u00f3n.<br \/>\nTami\u00e9n s&#8217;abrir\u00e1l plazu de solicit\u00fa na rede d&#8217;escueles de 0 a 3, tantu auton\u00f3miques como municipales. Les families con plaza reservada nun van tener que realizar neng\u00fan tr\u00e1mite.<\/li>\n<li>El documentu oficial para cursar la solicit\u00fa podr\u00e1 descargarse de <a href=\"http:\/\/www.asturias.es\" target=\"_blank\" rel=\"noopener\">www.asturias.es<\/a> y <a href=\"http:\/\/www.educastur.es.\" target=\"_blank\" rel=\"noopener\">www.educastur.es.<\/a><\/li>\n<\/ul>\n<p><!--more--><\/p>\n<\/div>\n<\/div>\n<\/div>\n<p>La Conseyer\u00eda d&#8217;Educaci\u00f3n va abrir ma\u00f1ana&#8217;l plazu de presentaci\u00f3n de solicit\u00faes d&#8217;almisi\u00f3n para&#8217;l pr\u00f3ximu cursu, que tendr\u00e1n d&#8217;apurrise nel centru escoy\u00edu como primer opci\u00f3n. Esti periodu va tar abiertu hasta&#8217;l 6 de mayu. La publicaci\u00f3n de la llista provisional d&#8217;almit\u00edos y escluy\u00edos ta prevista para&#8217;l 14 de mayu, ente que&#8217;l periodu d&#8217;allegamientos va tomar del 14 al 16 del mesmu mes.<\/p>\n<p><span style=\"color: #008080\"><strong>Una de les novedaes del pr\u00f3ximu cursu ye la inclusi\u00f3n de la ense\u00f1anza de les lling\u00fces propies del Princip\u00e1u nel segundu ciclu d&#8217;Infantil<\/strong><\/span>. Esta ufierta va enmarcase na \u00e1rea d&#8217;aprendizaxe denomin\u00e1u<span style=\"color: #008080\"><strong> Comunicaci\u00f3n y representaci\u00f3n de la realid\u00e1<\/strong><\/span>, una de los tr\u00e9s d&#8217;esta etapa formativa. <span style=\"color: #008080\"><strong>Va Tener calter voluntariu<\/strong><\/span>, en cumplimientu de la Llei 1\/1998, de 23 de marzu, d&#8217;Usu y Promoci\u00f3n del Asturianu.<\/p>\n<p>Esta midida nun trai&#8217;l camb\u00e9u de los conten\u00edos, polo que se garantiza que tol alumn\u00e1u reciba la mesma formaci\u00f3n y adquiera iguales competencies. Quien lo deseyen van estudiar parte de los conten\u00edos de Comunicaci\u00f3n y representaci\u00f3n de la realid\u00e1 n&#8217;asturianu y eonaviego y el restu faeranlo en castell\u00e1n.<\/p>\n<p>Les families comenenciudes van tener que cursar una solicit\u00fa m\u00e1s palantre, mientres el periodu de matriculaci\u00f3n, del 18 al 25 de xunu. La conseyer\u00eda ta peracabando un formulariu que va poner a la so disposici\u00f3n al travi\u00e9s de les direcciones de los centros.<\/p>\n<p><span style=\"color: #008080\"><strong>La nueva ufierta va enllantase de forma simult\u00e1nea nos tr\u00e9s cursos del segundu ciclu d&#8217;Infantil.<\/strong><\/span> Por esa raz\u00f3n, nesti primer a\u00f1u, tendr\u00e1 de solicitar la so incorporaci\u00f3n a la ense\u00f1anza en llingua asturiana o en enaviego tol alumn\u00e1u. A partir del segundu a\u00f1u, y\u00e1 solo va ser necesariu que lo faiga&#8217;l de nueva incorporaci\u00f3n.<\/p>\n<p><strong>M\u00e1s detalles del calendariu<\/strong><\/p>\n<p>Dende ma\u00f1ana, 21 d&#8217;abril, y hasta el 6 de mayu, tami\u00e9n ta abiertu&#8217;l plazu de solicit\u00fa de places del primer ciclu d&#8217;Infantil de toles escueles de 0 a 3 a\u00f1os para&#8217;l pr\u00f3ximu cursu. Per segundu a\u00f1u consecutivu, el procedimientu va ser unific\u00e1u para los centros de titularid\u00e1 municipal y para los que formen parte de la nueva rede auton\u00f3mica de Les Escuelines\/As Escol\u00edas.<\/p>\n<p>Los menores que se matricularen esti cursu en dalguna escuelina auton\u00f3mica ent\u00e1 pindia d&#8217;apertura cunten con plaza reservada nel nivel correspondiente para&#8217;l pr\u00f3ximu cursu y nun van tener que realizar neng\u00fan tipu de tr\u00e1mite.<\/p>\n<p>Nel so casu, la llista provisional d&#8217;almit\u00edos en primer opci\u00f3n y non almit\u00edos va publicase&#8217;l 2 de xunu. Ese mesmu d\u00eda abrir\u00e1 un plazu d&#8217;allegamientos hasta&#8217;l 6 de xunu. Tantu la relaci\u00f3n definitiva d&#8217;almit\u00edos como les llistes d&#8217;espera espublizar\u00e1nse&#8217;l 13 de xunu.<\/p>\n<p>El documentu oficial para cursar la solicit\u00fa va poder descargase de los portales www.asturias.es y www.educastur.es. Para la rede auton\u00f3mica, va #presentar na see de la Conseyer\u00eda d&#8217;Educaci\u00f3n o nel centru de referencia para l&#8217;almisi\u00f3n. Nel casu de les escueles municipales, va #facer nel llugar especific\u00e1u per cada conceyu.<\/p>\n<p>&nbsp;<\/p>\n","protected":false},"excerpt":{"rendered":"<p>Principado de Asturias \/ imaxe\/ M\u00e1s Info \/ Dende ma\u00f1ana, 21 d&#8217;abril, y hasta el 6 de mayu. Va ser el primer cursu nel que l&#8217;alumn\u00e1u de 3 a 6 a\u00f1os va poder estudiar llingua asturiana o eonaviego. El formulariu para solicitalo va tar disponible en xunu, mientres el periodu de matriculaci\u00f3n. Tami\u00e9n s&#8217;abrir\u00e1l plazu [&hellip;]<\/p>\n","protected":false},"author":117,"featured_media":0,"comment_status":"open","ping_status":"open","sticky":false,"template":"","format":"standard","meta":{"footnotes":""},"categories":[132],"tags":[],"class_list":["post-46431","post","type-post","status-publish","format-standard","hentry","category-educastur"],"_links":{"self":[{"href":"https:\/\/edublog.educastur.es\/ixuxu\/wp-json\/wp\/v2\/posts\/46431","targetHints":{"allow":["GET"]}}],"collection":[{"href":"https:\/\/edublog.educastur.es\/ixuxu\/wp-json\/wp\/v2\/posts"}],"about":[{"href":"https:\/\/edublog.educastur.es\/ixuxu\/wp-json\/wp\/v2\/types\/post"}],"author":[{"embeddable":true,"href":"https:\/\/edublog.educastur.es\/ixuxu\/wp-json\/wp\/v2\/users\/117"}],"replies":[{"embeddable":true,"href":"https:\/\/edublog.educastur.es\/ixuxu\/wp-json\/wp\/v2\/comments?post=46431"}],"version-history":[{"count":4,"href":"https:\/\/edublog.educastur.es\/ixuxu\/wp-json\/wp\/v2\/posts\/46431\/revisions"}],"predecessor-version":[{"id":46435,"href":"https:\/\/edublog.educastur.es\/ixuxu\/wp-json\/wp\/v2\/posts\/46431\/revisions\/46435"}],"wp:attachment":[{"href":"https:\/\/edublog.educastur.es\/ixuxu\/wp-json\/wp\/v2\/media?parent=46431"}],"wp:term":[{"taxonomy":"category","embeddable":true,"href":"https:\/\/edublog.educastur.es\/ixuxu\/wp-json\/wp\/v2\/categories?post=46431"},{"taxonomy":"post_tag","embeddable":true,"href":"https:\/\/edublog.educastur.es\/ixuxu\/wp-json\/wp\/v2\/tags?post=46431"}],"curies":[{"name":"wp","href":"https:\/\/api.w.org\/{rel}","templated":true}]}}