{"id":46438,"date":"2025-04-21T08:30:26","date_gmt":"2025-04-21T06:30:26","guid":{"rendered":"https:\/\/edublog.educastur.es\/ixuxu\/?p=46438"},"modified":"2025-04-21T09:39:24","modified_gmt":"2025-04-21T07:39:24","slug":"el-tiempu-nasturies-el-comercio-3","status":"publish","type":"post","link":"https:\/\/edublog.educastur.es\/ixuxu\/2025\/04\/el-tiempu-nasturies-el-comercio-3\/","title":{"rendered":"El tiempu n&#8217;Asturies (El Comercio)"},"content":{"rendered":"<p style=\"text-align: center\"><a href=\"https:\/\/s2.ppllstatics.com\/elcomercio\/www\/multimedia\/2025\/04\/20\/prevision-tiempo-asturias-ktg-U2301404163085IHH-1850x840@El%20Comercio.jpg\"><img loading=\"lazy\" decoding=\"async\" class=\"aligncenter size-large\" src=\"https:\/\/s2.ppllstatics.com\/elcomercio\/www\/multimedia\/2025\/04\/20\/prevision-tiempo-asturias-ktg-U2301404163085IHH-1850x840@El%20Comercio.jpg\" width=\"1850\" height=\"837\" \/><\/a><\/p>\n<p>Empezamos la selmana con una xornada marcada pola nubosid\u00e1 en tol Princip\u00e1u que va dexar<strong> precipitaciones que van acabar afectando a tola rex\u00f3n.<\/strong> Anque pela ma\u00f1ana nun se refuguen, van ser muncho m\u00e1s probables y frecuentes mientres la segunda met\u00e1 de la xornada.<\/p>\n<p><strong> Los vientos<\/strong> van empezar de suroeste-oeste moderaos pero, a partir del mediud\u00eda, van afitase de noroeste fluexos y va ser el momentu nel qu&#8217;entre xuna mayor carga de mugor y, poro, la probabilid\u00e1 d&#8217;ag\u00fces va ser muncho mayor. Les temperatures m\u00e1ximes, am\u00e1s, van baxar salvu nel estremu oeste y suroccidente onde se van caltener.<\/p>\n<p><strong>Nel centru d&#8217;Asturies<\/strong> va ser onde m\u00e1s se note&#8217;l descensu de les temperatures al baxar hasta 3 o 4 \u00baC menos que los anotaos el domingu. Les m\u00ednimes, sicas\u00ed, van ser un pocu m\u00e1s altes.<\/p>\n<p><!--more--><\/p>\n<p><strong> El martes<\/strong> ent\u00e1 se preve nubosid\u00e1 y precipitaciones d\u00e9biles. A priori, la inestabilid\u00e1 va tender a unviar a la fin y nun se refuga l&#8217;apertura d&#8217;escamplaes nel cielu. Les temperatures m\u00e1ximes van recuperase un pocu al xubir llixeramente de forma xeneralizada.<\/p>\n","protected":false},"excerpt":{"rendered":"<p>Empezamos la selmana con una xornada marcada pola nubosid\u00e1 en tol Princip\u00e1u que va dexar precipitaciones que van acabar afectando a tola rex\u00f3n. Anque pela ma\u00f1ana nun se refuguen, van ser muncho m\u00e1s probables y frecuentes mientres la segunda met\u00e1 de la xornada. Los vientos van empezar de suroeste-oeste moderaos pero, a partir del mediud\u00eda, [&hellip;]<\/p>\n","protected":false},"author":117,"featured_media":0,"comment_status":"open","ping_status":"open","sticky":false,"template":"","format":"standard","meta":{"footnotes":""},"categories":[1,5],"tags":[],"class_list":["post-46438","post","type-post","status-publish","format-standard","hentry","category-sin-categoria","category-tiempu"],"_links":{"self":[{"href":"https:\/\/edublog.educastur.es\/ixuxu\/wp-json\/wp\/v2\/posts\/46438","targetHints":{"allow":["GET"]}}],"collection":[{"href":"https:\/\/edublog.educastur.es\/ixuxu\/wp-json\/wp\/v2\/posts"}],"about":[{"href":"https:\/\/edublog.educastur.es\/ixuxu\/wp-json\/wp\/v2\/types\/post"}],"author":[{"embeddable":true,"href":"https:\/\/edublog.educastur.es\/ixuxu\/wp-json\/wp\/v2\/users\/117"}],"replies":[{"embeddable":true,"href":"https:\/\/edublog.educastur.es\/ixuxu\/wp-json\/wp\/v2\/comments?post=46438"}],"version-history":[{"count":3,"href":"https:\/\/edublog.educastur.es\/ixuxu\/wp-json\/wp\/v2\/posts\/46438\/revisions"}],"predecessor-version":[{"id":46441,"href":"https:\/\/edublog.educastur.es\/ixuxu\/wp-json\/wp\/v2\/posts\/46438\/revisions\/46441"}],"wp:attachment":[{"href":"https:\/\/edublog.educastur.es\/ixuxu\/wp-json\/wp\/v2\/media?parent=46438"}],"wp:term":[{"taxonomy":"category","embeddable":true,"href":"https:\/\/edublog.educastur.es\/ixuxu\/wp-json\/wp\/v2\/categories?post=46438"},{"taxonomy":"post_tag","embeddable":true,"href":"https:\/\/edublog.educastur.es\/ixuxu\/wp-json\/wp\/v2\/tags?post=46438"}],"curies":[{"name":"wp","href":"https:\/\/api.w.org\/{rel}","templated":true}]}}