{"id":46489,"date":"2025-04-21T21:02:23","date_gmt":"2025-04-21T19:02:23","guid":{"rendered":"https:\/\/edublog.educastur.es\/ixuxu\/?p=46489"},"modified":"2025-04-21T21:31:02","modified_gmt":"2025-04-21T19:31:02","slug":"cancioneru-yo-nun-soi-marineru","status":"publish","type":"post","link":"https:\/\/edublog.educastur.es\/ixuxu\/2025\/04\/cancioneru-yo-nun-soi-marineru\/","title":{"rendered":"Cancioneru \u00abYo nun soi marineru\u00bb"},"content":{"rendered":"<h2 class=\"date-header\" style=\"text-align: center\"><span style=\"font-size: 16px\">\n<!-- iframe plugin v.6.0 wordpress.org\/plugins\/iframe\/ -->\n<iframe loading=\"lazy\" width=\"100%\" height=\"387\" src=\"https:\/\/www.youtube.com\/embed\/Y8Wn6SdtUz0\" title=\"Yo nun soi marineru\" frameborder=\"0\" allow=\"accelerometer; autoplay; clipboard-write; encrypted-media; gyroscope; picture-in-picture; web-share\" referrerpolicy=\"strict-origin-when-cross-origin\" 0=\"allowfullscreen\" 1=\"\/iframe\" scrolling=\"yes\" class=\"iframe-class\"><\/iframe>\n<\/span><\/h2>\n<div class=\"date-posts\">\n<div class=\"post-outer\">\n<div class=\"post hentry uncustomized-post-template\">\n<ul>\n<li class=\"post-title entry-title\"><a href=\"https:\/\/efrendibuxos2.blogspot.com\/2025\/04\/yo-nun-soi-marineru.html\">Yo nun soi marineru<\/a>\/<a href=\"https:\/\/www.youtube.com\/@efrendandres6392\/videos?app=desktop&amp;view=0&amp;sort=dd&amp;shelf_id=1\"> Efr\u00e9n d&#8217;Andr\u00e9s Youtube<\/a> \/<\/li>\n<\/ul>\n<p>Versi\u00f3n a cuatro voces de la canci\u00f3n popular asturiana YO NUN SOI MARINERU, rexistrada nel Cancioneru de Torner col n\u00famberu 419.<\/p>\n<\/div>\n<\/div>\n<\/div>\n","protected":false},"excerpt":{"rendered":"<p>Yo nun soi marineru\/ Efr\u00e9n d&#8217;Andr\u00e9s Youtube \/ Versi\u00f3n a cuatro voces de la canci\u00f3n popular asturiana YO NUN SOI MARINERU, rexistrada nel Cancioneru de Torner col n\u00famberu 419.<\/p>\n","protected":false},"author":117,"featured_media":0,"comment_status":"open","ping_status":"open","sticky":false,"template":"","format":"standard","meta":{"footnotes":""},"categories":[349],"tags":[],"class_list":["post-46489","post","type-post","status-publish","format-standard","hentry","category-canciones-populares"],"_links":{"self":[{"href":"https:\/\/edublog.educastur.es\/ixuxu\/wp-json\/wp\/v2\/posts\/46489","targetHints":{"allow":["GET"]}}],"collection":[{"href":"https:\/\/edublog.educastur.es\/ixuxu\/wp-json\/wp\/v2\/posts"}],"about":[{"href":"https:\/\/edublog.educastur.es\/ixuxu\/wp-json\/wp\/v2\/types\/post"}],"author":[{"embeddable":true,"href":"https:\/\/edublog.educastur.es\/ixuxu\/wp-json\/wp\/v2\/users\/117"}],"replies":[{"embeddable":true,"href":"https:\/\/edublog.educastur.es\/ixuxu\/wp-json\/wp\/v2\/comments?post=46489"}],"version-history":[{"count":2,"href":"https:\/\/edublog.educastur.es\/ixuxu\/wp-json\/wp\/v2\/posts\/46489\/revisions"}],"predecessor-version":[{"id":46493,"href":"https:\/\/edublog.educastur.es\/ixuxu\/wp-json\/wp\/v2\/posts\/46489\/revisions\/46493"}],"wp:attachment":[{"href":"https:\/\/edublog.educastur.es\/ixuxu\/wp-json\/wp\/v2\/media?parent=46489"}],"wp:term":[{"taxonomy":"category","embeddable":true,"href":"https:\/\/edublog.educastur.es\/ixuxu\/wp-json\/wp\/v2\/categories?post=46489"},{"taxonomy":"post_tag","embeddable":true,"href":"https:\/\/edublog.educastur.es\/ixuxu\/wp-json\/wp\/v2\/tags?post=46489"}],"curies":[{"name":"wp","href":"https:\/\/api.w.org\/{rel}","templated":true}]}}