{"id":46491,"date":"2025-04-23T09:05:13","date_gmt":"2025-04-23T07:05:13","guid":{"rendered":"https:\/\/edublog.educastur.es\/ixuxu\/?p=46491"},"modified":"2025-04-21T21:25:33","modified_gmt":"2025-04-21T19:25:33","slug":"voces-poles-lletres-2025-na-faculta-de-filosofia-y-lletres-duvieu","status":"publish","type":"post","link":"https:\/\/edublog.educastur.es\/ixuxu\/2025\/04\/voces-poles-lletres-2025-na-faculta-de-filosofia-y-lletres-duvieu\/","title":{"rendered":"\u00abVoces poles Lletres\u00bb 2025 na facult\u00e1 de Filosof\u00eda y Lletres d&#8217;Uvi\u00e9u"},"content":{"rendered":"<p style=\"text-align: center\"><a href=\"https:\/\/fyl.uniovi.es\/image\/image_gallery?uuid=856f5361-c966-472b-a265-12c816585b71&amp;groupId=917662&amp;t=1744315690746\"><img loading=\"lazy\" decoding=\"async\" class=\"aligncenter \" src=\"https:\/\/fyl.uniovi.es\/image\/image_gallery?uuid=856f5361-c966-472b-a265-12c816585b71&amp;groupId=917662&amp;t=1744315690746\" width=\"336\" height=\"475\" \/><\/a><\/p>\n<ul>\n<li><a title=\"Cartel del acto\" href=\"https:\/\/fyl.uniovi.es\/c\/document_library\/get_file?uuid=b79fbed5-ccb7-4c4a-a7dd-dad8d5133b8c&amp;groupId=917662\">Cartel del acto<\/a>\/\u00a0 <strong><a title=\"Gu\u00eda de lectura 2025\" href=\"https:\/\/fyl.uniovi.es\/c\/document_library\/get_file?uuid=d2f44f30-9c80-4154-9349-772cd7c70a2c&amp;groupId=917662\">Gu\u00eda de lectura 2025<\/a>: <span style=\"color: #800080\">TESTOS N&#8217;ASTURIANU:\u00a0 p\u00e1xina 22 a 25 \/ 63 a 66 \/ 102 a 105<\/span><\/strong><\/li>\n<\/ul>\n<div class=\"cuerpo\">\n<div class=\"contenido\">\n<p><span style=\"color: #008080\">D\u00eda Internacional del Llibru y Festivid\u00e1 de San Isidoro de Sevilla (patr\u00f3n del cetru): \u00abVoces poles Lletres\u00bb 2025.\u00a0 <\/span>El pr\u00f3ximu mi\u00e9rcoles 23 d&#8217;abril la Facult\u00e1 de Filosof\u00eda y Lletres s\u00famase con una llectura p\u00fablica d&#8217;estudiantes y profesores del Campus n&#8217;espa\u00f1ol, ingl\u00e9s, alem\u00e1n, franc\u00e9s, portugu\u00e9s, italianu y<span style=\"color: #008080\"> asturianu.\u00a0<\/span><\/p>\n<p><!--more--><\/p>\n<p>Para ello, a partir de les 10:10 hores va tener llugar nel antepar de la primer planta del Edificiu Departamental del Campus d&#8217;El Mil\u00e1n de la Universid\u00e1 d&#8217;Uvi\u00e9u l&#8217;activid\u00e1 <span style=\"color: #008080\"><strong>Voces poles lletres<\/strong><\/span>, qu&#8217;algama y\u00e1 la so tercer edici\u00f3n. <strong>Tr\u00e1tase d&#8217;una llectura p\u00fablica siguida per parte de m\u00e1s de cuarenta profesores y estudiantes del centru<\/strong> mientres casi cuatro hores. van lleese fragmentos correspondientes a una amplia tipolox\u00eda de testos lliterarios \u2014novela, ensayu, relatu curtiu, poes\u00eda, teatru&#8230;\u2014 pertenecientes a la obra de catorce autores de los qu&#8217;angua\u00f1o se cumplen redondes efem\u00e9rides:<\/p>\n<ul>\n<li><em><span style=\"color: #008080\">El monarca portugu\u00e9s Din\u00eds I, rei poeta, fin\u00e1u va siete sieglos.<\/span><\/em><\/li>\n<li><em><span style=\"color: #008080\">L&#8217;artista florent\u00edn Michelangelo Buonarroti, poeta am\u00e1s d&#8217;escultor o pintor, nac\u00edu fai 550 a\u00f1os.<\/span><\/em><\/li>\n<li><span style=\"color: #800080\"><strong><em>La xixonesa Xosefa Xovellanos, poetisa que naci\u00f3 fai 280 a\u00f1os. 63-66 \/ 102 &#8211; 105<\/em><\/strong><\/span><\/li>\n<li><em><span style=\"color: #008080\">La novelista inglesa Jane Austen, que&#8217;l so 250 aniversariu cel\u00e9brase angua\u00f1o.<\/span><\/em><\/li>\n<li><em><span style=\"color: #008080\">El poeta mierense Teodoro Cuesta, fin\u00e1u fai 130 a\u00f1os.<\/span><\/em><\/li>\n<li><em><span style=\"color: #008080\">L&#8217;escritor nant\u00e9s Jules Verne, quien morri\u00f3 fai 120 a\u00f1os.<\/span><\/em><\/li>\n<li><em><span style=\"color: #008080\">El poeta y novelista Rainer Maria Rilke, unu de los principales lliteratos en llingua alemana, nac\u00edu va sieglu y mediu.<\/span><\/em><\/li>\n<li><em><span style=\"color: #008080\">El poeta andaluz Antonio Machado, nac\u00edu fai 150 a\u00f1os.<\/span><\/em><\/li>\n<li><em><span style=\"color: #008080\">L&#8217;autor lion\u00e9s Antoine de Saint-Exup\u00e9ry, que naci\u00f3 fai 150 a\u00f1os.<\/span><\/em><\/li>\n<li><em><span style=\"color: #008080\">El dramaturgu, poeta y novelista irland\u00e9s Oscar Wilde, que naci\u00f3 fai 125 a\u00f1os.<\/span><\/em><\/li>\n<li><em><span style=\"color: #008080\">El poeta uvie\u00edn \u00c1ngel Gonz\u00e1lez, de quien se conmemora angua\u00f1o&#8217;l centenariu.<\/span><\/em><\/li>\n<li><em><span style=\"color: #008080\">La escritora salmantina Carmen Mart\u00edn Gaite, qu&#8217;angua\u00f1o cumplir\u00eda cien a\u00f1os.<\/span><\/em><\/li>\n<li><em><span style=\"color: #008080\">El novelista sicilianu Andrea Camilleri, que cumplir\u00eda angua\u00f1o un sieglu.<\/span><\/em><\/li>\n<li><em><span style=\"color: #008080\">La fil\u00f3sofa, historiadora y escritora alemana Hannah Arendt, finada fai 50 a\u00f1os.<\/span><\/em><\/li>\n<\/ul>\n<p>L&#8217;actu, va ser inaugur\u00e1u pol decanu de la Facult\u00e1 de Filosof\u00eda y Lletres, Francisco Mart\u00edn Miguel. Al t\u00e9rminu del mesmu, y asocedi\u00e9ndose m\u00e1s de cuarenta llectores, el Vicedecano d&#8217;Estudiantes, Actividaes Culturales y Comunicaci\u00f3n de la mesma va clausurase cerca de les 14:00 hores.\u00a0<strong>Tr\u00e1tase d&#8217;una activid\u00e1 abierta a la totalid\u00e1 de la comunid\u00e1 universitaria y el p\u00fablicu xeneral.\u00a0<\/strong><\/p>\n<\/div>\n<\/div>\n","protected":false},"excerpt":{"rendered":"<p>Cartel del acto\/\u00a0 Gu\u00eda de lectura 2025: TESTOS N&#8217;ASTURIANU:\u00a0 p\u00e1xina 22 a 25 \/ 63 a 66 \/ 102 a 105 D\u00eda Internacional del Llibru y Festivid\u00e1 de San Isidoro de Sevilla (patr\u00f3n del cetru): \u00abVoces poles Lletres\u00bb 2025.\u00a0 El pr\u00f3ximu mi\u00e9rcoles 23 d&#8217;abril la Facult\u00e1 de Filosof\u00eda y Lletres s\u00famase con una llectura p\u00fablica [&hellip;]<\/p>\n","protected":false},"author":117,"featured_media":0,"comment_status":"open","ping_status":"open","sticky":false,"template":"","format":"standard","meta":{"footnotes":""},"categories":[6,32,9],"tags":[],"class_list":["post-46491","post","type-post","status-publish","format-standard","hentry","category-dia-de","category-escritores","category-libros-adultos"],"_links":{"self":[{"href":"https:\/\/edublog.educastur.es\/ixuxu\/wp-json\/wp\/v2\/posts\/46491","targetHints":{"allow":["GET"]}}],"collection":[{"href":"https:\/\/edublog.educastur.es\/ixuxu\/wp-json\/wp\/v2\/posts"}],"about":[{"href":"https:\/\/edublog.educastur.es\/ixuxu\/wp-json\/wp\/v2\/types\/post"}],"author":[{"embeddable":true,"href":"https:\/\/edublog.educastur.es\/ixuxu\/wp-json\/wp\/v2\/users\/117"}],"replies":[{"embeddable":true,"href":"https:\/\/edublog.educastur.es\/ixuxu\/wp-json\/wp\/v2\/comments?post=46491"}],"version-history":[{"count":1,"href":"https:\/\/edublog.educastur.es\/ixuxu\/wp-json\/wp\/v2\/posts\/46491\/revisions"}],"predecessor-version":[{"id":46492,"href":"https:\/\/edublog.educastur.es\/ixuxu\/wp-json\/wp\/v2\/posts\/46491\/revisions\/46492"}],"wp:attachment":[{"href":"https:\/\/edublog.educastur.es\/ixuxu\/wp-json\/wp\/v2\/media?parent=46491"}],"wp:term":[{"taxonomy":"category","embeddable":true,"href":"https:\/\/edublog.educastur.es\/ixuxu\/wp-json\/wp\/v2\/categories?post=46491"},{"taxonomy":"post_tag","embeddable":true,"href":"https:\/\/edublog.educastur.es\/ixuxu\/wp-json\/wp\/v2\/tags?post=46491"}],"curies":[{"name":"wp","href":"https:\/\/api.w.org\/{rel}","templated":true}]}}