{"id":46502,"date":"2025-04-22T12:00:58","date_gmt":"2025-04-22T10:00:58","guid":{"rendered":"https:\/\/edublog.educastur.es\/ixuxu\/?p=46502"},"modified":"2025-04-22T17:51:53","modified_gmt":"2025-04-22T15:51:53","slug":"46502","status":"publish","type":"post","link":"https:\/\/edublog.educastur.es\/ixuxu\/2025\/04\/46502\/","title":{"rendered":""},"content":{"rendered":"<p style=\"text-align: center\"><strong><span style=\"font-size: 24px\"><em><span style=\"color: #800080\">El prop\u00f3situ de la vida<br \/>\nnun ye a cencielles ser feliz. <\/span><\/em><\/span><\/strong><br \/>\n<span style=\"font-size: 24px\"><em><span style=\"color: #800080\">Tr\u00e1tase de ser \u00fatil, honorable y caritatible,<\/span><\/em><\/span><br \/>\n<span style=\"font-size: 24px\"><em><span style=\"color: #800080\"> tami\u00e9n de<strong> contribuyir de dalguna manera<\/strong><\/span><\/em><\/span><br \/>\n<strong><span style=\"font-size: 24px\"><em><span style=\"color: #800080\">a faer el mundu meyor.<\/span><\/em><\/span><\/strong><\/p>\n<p style=\"text-align: center\"><span style=\"font-size: 24px\"><em><span style=\"color: #800080\">Ye dexar un leg\u00e1u que demuestra<br \/>\nque vivisti y vivisti bien. <\/span><\/em><\/span><br \/>\n<span style=\"font-size: 24px\"><em><span style=\"color: #800080\">Y\u00e1 s\u00eda curiando a un ne\u00f1u,<\/span><\/em><\/span><br \/>\n<span style=\"font-size: 24px\"><em><span style=\"color: #800080\"> cultivando un xardin o<br \/>\nameyorando les condiciones sociales, <\/span><\/em><\/span><br \/>\n<span style=\"font-size: 24px\"><em><span style=\"color: #800080\">el verdaderu \u00e9situ anicia en saber que, <\/span><\/em><\/span><br \/>\n<span style=\"font-size: 24px\"><em><span style=\"color: #800080\">gracies a la to esistencia, <\/span><\/em><\/span><br \/>\n<span style=\"font-size: 24px\"><em><span style=\"color: #800080\">siquier una vida alend\u00f3 m\u00e1s sele. <\/span><\/em><\/span><br \/>\n<strong><span style=\"font-size: 24px\"><em><span style=\"color: #800080\">Eso, efectivamente,<br \/>\nye algamar la esencia de la vida.<\/span><\/em><\/span><\/strong><\/p>\n<p style=\"text-align: center\"><strong>Ralph Waldo Emerson<\/strong><\/p>\n<p><!--more--><\/p>\n<p style=\"text-align: center\">\n<!-- iframe plugin v.6.0 wordpress.org\/plugins\/iframe\/ -->\n<iframe loading=\"lazy\" src=\"https:\/\/www.facebook.com\/plugins\/post.php?href=https%3A%2F%2Fwww.facebook.com%2Fpermalink.php%3Fstory_fbid%3Dpfbid0uMorQaR7PaiQU7SpdCwwRGASEdHEfcGWaRmyGcMQVNi85t8baqpxftm3aH2NEstql%26id%3D100044567613621&#038;show_text=false&#038;width=500\" width=\"500\" height=\"497\" style=\"border:none;overflow:hidden\" scrolling=\"no\" frameborder=\"0\" allowfullscreen=\"true\" allow=\"autoplay; clipboard-write; encrypted-media; picture-in-picture; web-share\" 0=\"\/iframe\" class=\"iframe-class\"><\/iframe>\n<\/p>\n<div dir=\"auto\">El prop\u00f3sito de la vida no es simplemente ser feliz. Se trata de ser \u00fatil, honorable y compasivo, tambi\u00e9n de contribuir de alguna manera a hacer el mundo mejor. Es dejar un legado que demuestra que viviste y viviste bien. Ya sea cuidando a un ni\u00f1o, cultivando un jardin o mejorando las condiciones sociales, el verdadero \u00e9xito radica en saber que, gracias a tu existencia, al menos una vida ha respirado m\u00e1s tranquila. Eso, efectivamente, es haber alcanzado la esencia de la vida.<\/div>\n<div dir=\"auto\">(Ralph Waldo Emerson)<\/div>\n","protected":false},"excerpt":{"rendered":"<p>El prop\u00f3situ de la vida nun ye a cencielles ser feliz. Tr\u00e1tase de ser \u00fatil, honorable y caritatible, tami\u00e9n de contribuyir de dalguna manera a faer el mundu meyor. Ye dexar un leg\u00e1u que demuestra que vivisti y vivisti bien. Y\u00e1 s\u00eda curiando a un ne\u00f1u, cultivando un xardin o ameyorando les condiciones sociales, el [&hellip;]<\/p>\n","protected":false},"author":117,"featured_media":0,"comment_status":"open","ping_status":"open","sticky":false,"template":"","format":"quote","meta":{"footnotes":""},"categories":[1],"tags":[],"class_list":["post-46502","post","type-post","status-publish","format-quote","hentry","category-sin-categoria","post_format-post-format-quote"],"_links":{"self":[{"href":"https:\/\/edublog.educastur.es\/ixuxu\/wp-json\/wp\/v2\/posts\/46502","targetHints":{"allow":["GET"]}}],"collection":[{"href":"https:\/\/edublog.educastur.es\/ixuxu\/wp-json\/wp\/v2\/posts"}],"about":[{"href":"https:\/\/edublog.educastur.es\/ixuxu\/wp-json\/wp\/v2\/types\/post"}],"author":[{"embeddable":true,"href":"https:\/\/edublog.educastur.es\/ixuxu\/wp-json\/wp\/v2\/users\/117"}],"replies":[{"embeddable":true,"href":"https:\/\/edublog.educastur.es\/ixuxu\/wp-json\/wp\/v2\/comments?post=46502"}],"version-history":[{"count":2,"href":"https:\/\/edublog.educastur.es\/ixuxu\/wp-json\/wp\/v2\/posts\/46502\/revisions"}],"predecessor-version":[{"id":46559,"href":"https:\/\/edublog.educastur.es\/ixuxu\/wp-json\/wp\/v2\/posts\/46502\/revisions\/46559"}],"wp:attachment":[{"href":"https:\/\/edublog.educastur.es\/ixuxu\/wp-json\/wp\/v2\/media?parent=46502"}],"wp:term":[{"taxonomy":"category","embeddable":true,"href":"https:\/\/edublog.educastur.es\/ixuxu\/wp-json\/wp\/v2\/categories?post=46502"},{"taxonomy":"post_tag","embeddable":true,"href":"https:\/\/edublog.educastur.es\/ixuxu\/wp-json\/wp\/v2\/tags?post=46502"}],"curies":[{"name":"wp","href":"https:\/\/api.w.org\/{rel}","templated":true}]}}