{"id":46524,"date":"2025-04-22T08:30:08","date_gmt":"2025-04-22T06:30:08","guid":{"rendered":"https:\/\/edublog.educastur.es\/ixuxu\/?p=46524"},"modified":"2025-04-22T10:01:35","modified_gmt":"2025-04-22T08:01:35","slug":"el-tiempu-nasturies-el-comercio-4","status":"publish","type":"post","link":"https:\/\/edublog.educastur.es\/ixuxu\/2025\/04\/el-tiempu-nasturies-el-comercio-4\/","title":{"rendered":"El tiempu n&#8217;Asturies (El Comercio)"},"content":{"rendered":"<p style=\"text-align: center\"><a href=\"https:\/\/s2.ppllstatics.com\/elcomercio\/www\/multimedia\/2025\/04\/21\/prevision-tiempo-asturias-kfY-U2301404163085IHH-1850x840@El%20Comercio.jpg\"><img loading=\"lazy\" decoding=\"async\" class=\"aligncenter size-large\" src=\"https:\/\/s2.ppllstatics.com\/elcomercio\/www\/multimedia\/2025\/04\/21\/prevision-tiempo-asturias-kfY-U2301404163085IHH-1850x840@El%20Comercio.jpg\" width=\"1850\" height=\"840\" \/><\/a><\/p>\n<p>Esperamos <strong>cielos nublos pela ma\u00f1ana<\/strong> que van poder dexar precipitaciones de calter d\u00e9bil y esvalix\u00e1u siendo m\u00e1s probables escontra l&#8217;oriente asturianu. Asina tou, prevese l&#8217;apertura d&#8217;escamplaes nel occidente col intre de la ma\u00f1ana.<\/p>\n<p>Igualmente, <strong>a lo llargo de la tarde<\/strong>, van abrise escamplaes dende&#8217;l norte ganando terrenal escontra&#8217;l sur col pasu de les hores. D&#8217;esta forma, en principiu, va concluyir pr\u00e1cticamente con cielos poco nublos o estenos en tol Princip\u00e1u d&#8217;Asturies.<\/p>\n<p><strong> Los vientos<\/strong> van ser fluexos y variables pudiendo predominar por momentos de componente norte mientres les primeres hores de la tarde principalmente. Tocantes a les temperatures, van baxar les m\u00ednimes na met\u00e1 norte y van caltenese nel restu. Al respective de les m\u00e1ximes, van xubir de forma xeneralizada y dichu ascensu va ser m\u00e1s significativu na zona central d&#8217;Asturies.<\/p>\n<p><!--more--><\/p>\n<p><strong> El mi\u00e9rcoles<\/strong> esperamos xuna ma\u00f1ana soleyera y xuna tarde cola presencia de dellos intervalos nublos pero ensin precipitaciones. Les temperatures m\u00e1ximes van siguir recuper\u00e1ndose polo que van ser unos valores bien propios y\u00e1 de la primavera. A \u00faltima hora, vamos dir reparando como les escamplaes van ganar terr\u00e9n a les nubes a lo llargo del d\u00eda, y el mi\u00e9rcoles va ser un d\u00eda nel que&#8217;l sol va tener un mayor protagonismu. Les temperatures diurnes, en dambos d\u00edes, van tender a l&#8217;alza.<\/p>\n<p>&nbsp;<\/p>\n","protected":false},"excerpt":{"rendered":"<p>Esperamos cielos nublos pela ma\u00f1ana que van poder dexar precipitaciones de calter d\u00e9bil y esvalix\u00e1u siendo m\u00e1s probables escontra l&#8217;oriente asturianu. Asina tou, prevese l&#8217;apertura d&#8217;escamplaes nel occidente col intre de la ma\u00f1ana. Igualmente, a lo llargo de la tarde, van abrise escamplaes dende&#8217;l norte ganando terrenal escontra&#8217;l sur col pasu de les hores. D&#8217;esta [&hellip;]<\/p>\n","protected":false},"author":117,"featured_media":0,"comment_status":"open","ping_status":"open","sticky":false,"template":"","format":"standard","meta":{"footnotes":""},"categories":[1,5],"tags":[],"class_list":["post-46524","post","type-post","status-publish","format-standard","hentry","category-sin-categoria","category-tiempu"],"_links":{"self":[{"href":"https:\/\/edublog.educastur.es\/ixuxu\/wp-json\/wp\/v2\/posts\/46524","targetHints":{"allow":["GET"]}}],"collection":[{"href":"https:\/\/edublog.educastur.es\/ixuxu\/wp-json\/wp\/v2\/posts"}],"about":[{"href":"https:\/\/edublog.educastur.es\/ixuxu\/wp-json\/wp\/v2\/types\/post"}],"author":[{"embeddable":true,"href":"https:\/\/edublog.educastur.es\/ixuxu\/wp-json\/wp\/v2\/users\/117"}],"replies":[{"embeddable":true,"href":"https:\/\/edublog.educastur.es\/ixuxu\/wp-json\/wp\/v2\/comments?post=46524"}],"version-history":[{"count":3,"href":"https:\/\/edublog.educastur.es\/ixuxu\/wp-json\/wp\/v2\/posts\/46524\/revisions"}],"predecessor-version":[{"id":46527,"href":"https:\/\/edublog.educastur.es\/ixuxu\/wp-json\/wp\/v2\/posts\/46524\/revisions\/46527"}],"wp:attachment":[{"href":"https:\/\/edublog.educastur.es\/ixuxu\/wp-json\/wp\/v2\/media?parent=46524"}],"wp:term":[{"taxonomy":"category","embeddable":true,"href":"https:\/\/edublog.educastur.es\/ixuxu\/wp-json\/wp\/v2\/categories?post=46524"},{"taxonomy":"post_tag","embeddable":true,"href":"https:\/\/edublog.educastur.es\/ixuxu\/wp-json\/wp\/v2\/tags?post=46524"}],"curies":[{"name":"wp","href":"https:\/\/api.w.org\/{rel}","templated":true}]}}