{"id":46555,"date":"2025-04-23T09:02:32","date_gmt":"2025-04-23T07:02:32","guid":{"rendered":"https:\/\/edublog.educastur.es\/ixuxu\/?p=46555"},"modified":"2025-04-22T17:50:00","modified_gmt":"2025-04-22T15:50:00","slug":"dia-del-llibru-nespana","status":"publish","type":"post","link":"https:\/\/edublog.educastur.es\/ixuxu\/2025\/04\/dia-del-llibru-nespana\/","title":{"rendered":"D\u00eda del llibru n&#8217;Espa\u00f1a"},"content":{"rendered":"<div dir=\"auto\" style=\"text-align: center\"><span style=\"font-size: 24px\"><strong><em><span style=\"color: #008080\">\u201cLleer ye entender.<br \/>\nL&#8217;actu de lleer ye entendimientu.<br \/>\nLleer y entender ye vivir\u201d.\u00a0<\/span><\/em><\/strong><\/span><\/div>\n<div dir=\"auto\" style=\"text-align: center\">\u00c1lvaro Pombo<\/div>\n<div dir=\"auto\"><\/div>\n<div dir=\"auto\" style=\"text-align: center\"><a href=\"https:\/\/www.cultura.gob.es\/.imaging\/mte\/mcd-theme\/contenido-cgi-mdm\/dam\/mcd\/cultura\/areas\/libro\/mc\/dia-libro\/2025\/cartel\/sgpllle-dia-del-libro-2025-linea-9-bable\/jcr:content\/sgpllle-dia-del-libro-2025-linea-9-bable.jpg\"><img loading=\"lazy\" decoding=\"async\" class=\"aligncenter size-large\" src=\"https:\/\/www.cultura.gob.es\/.imaging\/mte\/mcd-theme\/contenido-cgi-mdm\/dam\/mcd\/cultura\/areas\/libro\/mc\/dia-libro\/2025\/cartel\/sgpllle-dia-del-libro-2025-linea-9-bable\/jcr:content\/sgpllle-dia-del-libro-2025-linea-9-bable.jpg\" width=\"576\" height=\"806\" \/><\/a><\/div>\n<div dir=\"auto\"><\/div>\n<div dir=\"auto\"><\/div>\n<div dir=\"auto\">El cartelu del <a href=\"https:\/\/www.facebook.com\/MinisteriodeCultura?__cft__[0]=AZWYF3_5QpXFVeEkt1zq8ZmTjQ7wY1aR3WX0eXFg8x9X6Dx6nxjBXVwkm331cVlpcCJTzLYPFubBZmkBdc0Dl2Z1iKIAdAAKvBQBXRSKZ34OhHlKK0YanqpyHzZ3WPDC-5SlYt3nPff43k-4xknu6Cl-MlLsfkBpEyGC4m2akYAbfw&amp;__tn__=-]K-R\"><strong>Ministeriu de Cultura<\/strong><\/a> foi realiz\u00e1u por <span style=\"color: #008080\"><strong>Pep Montserrat, Premiu Nacional d&#8217;Ilustraci\u00f3n 2024<\/strong><\/span>, ya ilustra una frase del postreru galardon\u00e1u col Premiu Cervantes, \u00c1lvaro Pombo, <strong><em><span style=\"color: #008080\">\u201cLleer ye entender. L&#8217;actu de lleer ye entendimientu. Lleer y entender ye vivir\u201d.<\/span><\/em><\/strong><\/div>\n<div dir=\"auto\"><\/div>\n<ul>\n<li dir=\"auto\"><a href=\"https:\/\/www.cultura.gob.es\/cultura\/areas\/libro\/mc\/dia-libro\/presentacion\/2025\/cartel-dia-libro.html?fbclid=IwZXh0bgNhZW0CMTAAYnJpZBExTVREOXNSWm5vd2tMamhsUAEedc8CPMkLyyN1EhMITXVoe8NKLidNBFE9r-PpGUy79EJrvL0mkefX9t3eq9A_aem_5GbpL6FHW43GYgfVpIcoQQ\">Ta disponible nes distintes lling\u00fces del Est\u00e1u y puede descargase nesti enllaz.<\/a> \/ <a href=\"https:\/\/www.cultura.gob.es\/dam\/jcr:a6993c48-b170-4af2-94f4-4798b806c3bf\/sgpllle-dia-del-libro-2025-linea-09-bable.pdf\">\u00a0ASTURIANU<\/a> \/<\/li>\n<li dir=\"auto\">\n<div dir=\"auto\"><span class=\"html-span xdj266r x11i5rnm xat24cr x1mh8g0r xexx8yu x4uap5 x18d9i69 xkhd6sd x1hl2dhg x16tdsg8 x1vvkbs\"><a class=\"x1i10hfl xjbqb8w x1ejq31n xd10rxx x1sy0etr x17r0tee x972fbf xcfux6l x1qhh985 xm0m39n x9f619 x1ypdohk xt0psk2 xe8uvvx xdj266r x11i5rnm xat24cr x1mh8g0r xexx8yu x4uap5 x18d9i69 xkhd6sd x16tdsg8 x1hl2dhg xggy1nq x1a2a7pz xkrqix3 x1sur9pj x1fey0fg x1s688f\" role=\"link\" href=\"https:\/\/www.facebook.com\/hashtag\/diadellibro2025?__eep__=6&amp;__cft__[0]=AZWYF3_5QpXFVeEkt1zq8ZmTjQ7wY1aR3WX0eXFg8x9X6Dx6nxjBXVwkm331cVlpcCJTzLYPFubBZmkBdc0Dl2Z1iKIAdAAKvBQBXRSKZ34OhHlKK0YanqpyHzZ3WPDC-5SlYt3nPff43k-4xknu6Cl-MlLsfkBpEyGC4m2akYAbfw&amp;__tn__=*NK-R\">#DiaDelLibro2025<\/a><\/span>\u00a0\/<span class=\"html-span xdj266r x11i5rnm xat24cr x1mh8g0r xexx8yu x4uap5 x18d9i69 xkhd6sd x1hl2dhg x16tdsg8 x1vvkbs\"><a class=\"x1i10hfl xjbqb8w x1ejq31n xd10rxx x1sy0etr x17r0tee x972fbf xcfux6l x1qhh985 xm0m39n x9f619 x1ypdohk xt0psk2 xe8uvvx xdj266r x11i5rnm xat24cr x1mh8g0r xexx8yu x4uap5 x18d9i69 xkhd6sd x16tdsg8 x1hl2dhg xggy1nq x1a2a7pz xkrqix3 x1sur9pj x1fey0fg x1s688f\" role=\"link\" href=\"https:\/\/www.facebook.com\/libroylecturagob?__cft__[0]=AZWYF3_5QpXFVeEkt1zq8ZmTjQ7wY1aR3WX0eXFg8x9X6Dx6nxjBXVwkm331cVlpcCJTzLYPFubBZmkBdc0Dl2Z1iKIAdAAKvBQBXRSKZ34OhHlKK0YanqpyHzZ3WPDC-5SlYt3nPff43k-4xknu6Cl-MlLsfkBpEyGC4m2akYAbfw&amp;__tn__=-]K-R\"><span class=\"xt0psk2\"><span class=\"xjp7ctv\">Direcci\u00f3n General del Libro, del C\u00f3mic y de la Lectura<\/span><\/span><\/a><\/span><\/div>\n<\/li>\n<\/ul>\n","protected":false},"excerpt":{"rendered":"<p>\u201cLleer ye entender. L&#8217;actu de lleer ye entendimientu. Lleer y entender ye vivir\u201d.\u00a0 \u00c1lvaro Pombo El cartelu del Ministeriu de Cultura foi realiz\u00e1u por Pep Montserrat, Premiu Nacional d&#8217;Ilustraci\u00f3n 2024, ya ilustra una frase del postreru galardon\u00e1u col Premiu Cervantes, \u00c1lvaro Pombo, \u201cLleer ye entender. L&#8217;actu de lleer ye entendimientu. Lleer y entender ye vivir\u201d. [&hellip;]<\/p>\n","protected":false},"author":117,"featured_media":0,"comment_status":"open","ping_status":"open","sticky":false,"template":"","format":"standard","meta":{"footnotes":""},"categories":[214,6,9,10],"tags":[],"class_list":["post-46555","post","type-post","status-publish","format-standard","hentry","category-cartelos","category-dia-de","category-libros-adultos","category-llibros-reciella"],"_links":{"self":[{"href":"https:\/\/edublog.educastur.es\/ixuxu\/wp-json\/wp\/v2\/posts\/46555","targetHints":{"allow":["GET"]}}],"collection":[{"href":"https:\/\/edublog.educastur.es\/ixuxu\/wp-json\/wp\/v2\/posts"}],"about":[{"href":"https:\/\/edublog.educastur.es\/ixuxu\/wp-json\/wp\/v2\/types\/post"}],"author":[{"embeddable":true,"href":"https:\/\/edublog.educastur.es\/ixuxu\/wp-json\/wp\/v2\/users\/117"}],"replies":[{"embeddable":true,"href":"https:\/\/edublog.educastur.es\/ixuxu\/wp-json\/wp\/v2\/comments?post=46555"}],"version-history":[{"count":2,"href":"https:\/\/edublog.educastur.es\/ixuxu\/wp-json\/wp\/v2\/posts\/46555\/revisions"}],"predecessor-version":[{"id":46557,"href":"https:\/\/edublog.educastur.es\/ixuxu\/wp-json\/wp\/v2\/posts\/46555\/revisions\/46557"}],"wp:attachment":[{"href":"https:\/\/edublog.educastur.es\/ixuxu\/wp-json\/wp\/v2\/media?parent=46555"}],"wp:term":[{"taxonomy":"category","embeddable":true,"href":"https:\/\/edublog.educastur.es\/ixuxu\/wp-json\/wp\/v2\/categories?post=46555"},{"taxonomy":"post_tag","embeddable":true,"href":"https:\/\/edublog.educastur.es\/ixuxu\/wp-json\/wp\/v2\/tags?post=46555"}],"curies":[{"name":"wp","href":"https:\/\/api.w.org\/{rel}","templated":true}]}}