{"id":46562,"date":"2025-04-22T13:00:15","date_gmt":"2025-04-22T11:00:15","guid":{"rendered":"https:\/\/edublog.educastur.es\/ixuxu\/?p=46562"},"modified":"2025-04-24T13:21:38","modified_gmt":"2025-04-24T11:21:38","slug":"fiesta-de-los-guevos-pintos-na-pola-siero","status":"publish","type":"post","link":"https:\/\/edublog.educastur.es\/ixuxu\/2025\/04\/fiesta-de-los-guevos-pintos-na-pola-siero\/","title":{"rendered":"Fiesta de los G\u00fcevos Pintos na Pola Siero"},"content":{"rendered":"<p>Si ye martes de Pascua ye d\u00eda de G\u00fcevos Pintos en La Pola Siero. El merc\u00e1u polesu vive&#8217;l so d\u00eda grande con m\u00e1s de 4.000 creaciones para tolos gustos. Vemos como siguen trunfando les decoraciones tradicionales.<\/p>\n<p style=\"text-align: center\"><span class=\"html-span xexx8yu x4uap5 x18d9i69 xkhd6sd x1hl2dhg x16tdsg8 x1vvkbs x3nfvp2 x1j61x8r x1fcty0u xdj266r xat24cr xgzva0m xhhsvwb xxymvpz xlup9mm x1kky2od\">\n<!-- iframe plugin v.6.0 wordpress.org\/plugins\/iframe\/ -->\n<iframe loading=\"lazy\" src=\"https:\/\/www.instagram.com\/reel\/DIwaeFZBueK\/embed\" width=\"360\" height=\"500\" 0=\"\/iframe\" scrolling=\"yes\" class=\"iframe-class\" frameborder=\"0\"><\/iframe>\n<\/span><\/p>\n<p><!--more--><\/p>\n<p style=\"text-align: center\">\n<!-- iframe plugin v.6.0 wordpress.org\/plugins\/iframe\/ -->\n<iframe loading=\"lazy\" src=\"https:\/\/www.facebook.com\/plugins\/video.php?height=476&#038;href=https%3A%2F%2Fwww.facebook.com%2Freel%2F1874527886620069%2F&#038;show_text=false&#038;width=267&#038;t=0\" width=\"267\" height=\"476\" style=\"border:none;overflow:hidden\" scrolling=\"no\" frameborder=\"0\" allowfullscreen=\"true\" allow=\"autoplay; clipboard-write; encrypted-media; picture-in-picture; web-share\" 0=\"\/iframe\" class=\"iframe-class\"><\/iframe>\n<\/p>\n<ul>\n<li><a href=\"https:\/\/www.facebook.com\/reel\/1874527886620069\">Reel<\/a> \/<\/li>\n<\/ul>\n<p>La fiesta los G\u00fcevos Pintos (n&#8217;asturianu) cel\u00e9brase nes localidaes asturianes de Pola de Siero, conceyu de Siero, y Sama, conceyu de Llangr\u00e9u. Cel\u00e9brase&#8217;l martes siguiente al domingu de Pascua y consiste na esposici\u00f3n y vienta de g\u00fcevos pintaos de forma artesanal. Los g\u00fcevos t\u00e1n pintaos con dibuxos y escenes tradicionales acompa\u00f1aos de s\u00edmbolos o frases alusories. Mientres tol d\u00eda cel\u00e9brense am\u00e1s espiches, bailles tradicionales, g\u00e1stense chancies, b\u00e1illense dances, faise la puya del ramu y la fiesta acaba con una verbena nocherniega. La sierense foi declarada d&#8217;Inter\u00e9s Tur\u00edsticu Nacional en 1968.<\/p>\n<p style=\"text-align: center\">\n<!-- iframe plugin v.6.0 wordpress.org\/plugins\/iframe\/ -->\n<iframe loading=\"lazy\" src=\"https:\/\/www.facebook.com\/plugins\/post.php?href=https%3A%2F%2Fwww.facebook.com%2Fphoto.php%3Ffbid%3D10162735644373881%26set%3Da.10162735677343881%26type%3D3&#038;show_text=false&#038;width=500\" width=\"500\" height=\"651\" style=\"border:none;overflow:hidden\" scrolling=\"no\" frameborder=\"0\" allowfullscreen=\"true\" allow=\"autoplay; clipboard-write; encrypted-media; picture-in-picture; web-share\" 0=\"\/iframe\" class=\"iframe-class\"><\/iframe>\n<\/p>\n<p>Semeyes de Paulino D. Garm\u00f3n<\/p>\n<p style=\"text-align: center\">\n<!-- iframe plugin v.6.0 wordpress.org\/plugins\/iframe\/ -->\n<iframe loading=\"lazy\" src=\"https:\/\/www.facebook.com\/plugins\/video.php?height=314&#038;href=https%3A%2F%2Fwww.facebook.com%2Freel%2F636920962497913%2F&#038;show_text=false&#038;width=560&#038;t=0\" width=\"560\" height=\"314\" style=\"border:none;overflow:hidden\" scrolling=\"no\" frameborder=\"0\" allowfullscreen=\"true\" allow=\"autoplay; clipboard-write; encrypted-media; picture-in-picture; web-share\" 0=\"\/iframe\" class=\"iframe-class\"><\/iframe>\n<\/p>\n<p>En La Pola (n&#8217;Asturies tami\u00e9n en Sama) <strong>esp\u00f3nense, vienden y regalen los g\u00fcevos que fueron primeramente pintaos artesanalmente.<\/strong> Llev\u00e1ntase un mercad\u00edn popular con esi env\u00eds, al que lleguen miles de romeros de toles xeograf\u00edes, y dempu\u00e9s d&#8217;almirar los g\u00fcevos tomen sidra, desfilen en xarr\u00e9s, dancien, puyen el ramu y esfruten poles cais poleses.<\/p>\n<p>Un momentu bien especial d&#8217;esta fiesta ye la Bendici\u00f3n de los G\u00fcevos Pintos na plaza del Conceyu; a partir d&#8217;esi intre cuerre la sidra, la bona gastronom\u00eda, la gaita y la fiesta, rematando con una *verbena que s&#8217;enllarga hasta la madrugada.<\/p>\n<p><strong>Famosa romer\u00eda d&#8217;inciertu orixe<\/strong> Nel sieglu XVIII yera y\u00e1 famosa esta romer\u00eda. N&#8217;una cr\u00f3nica de 1860, roblada Protasio S\u00e1nchez Sol\u00eds, lleemos: \u00ab<em>Nam\u00e1 Uvi\u00e9u y Xix\u00f3n llevaron a la c\u00e9lebre romer\u00eda de los G\u00fcevos Pintos un centenar de coches de caballos y una animaci\u00f3n imposible de describir\u00bb.<\/em><\/p>\n<p><strong>Los g\u00fcevos coc\u00edense ent\u00f3s nes antig\u00fces cocines asturianes y pint\u00e1bense col sarriu de les mesmes<\/strong>. La fiesta conoc\u00edase col nomatu de \u00ablos G\u00fcevos Prietos\u00bb. Los progresos de la qu\u00edmica, coles invenciones de les anilines, apin\u00f3 l&#8217;inxeniu de los polesos que les usaron para&#8217;l ti\u00f1\u00edu de los g\u00fcevos. Ayudabense de paliyos moyaos n&#8217;acedu n\u00edtrico, escrib\u00eden nomes, dedicatories, versos, y dibux\u00e1bense escudos, flores, etc. <strong>Foi ent\u00f3s cuando vari\u00f3&#8217;l nome de G\u00fcevos Prietos a G\u00fcevos Pintos.<\/strong><\/p>\n<p>La tradici\u00f3n de los G\u00fcevos Pintos n&#8217;Asturies -anque tenga dellos sieglos- ye d&#8217;orixe inciertu. <strong>En Siero tresmiti\u00f3se de forma oral, de xeneraci\u00f3n en xeneraci\u00f3n<\/strong>. Dicen que seique tea venceyada \u2013 ye solo una hip\u00f3tesis \u2013 a les xentes que llegaron de Centroeuropa a trabayar nes mines de Siero y Llangr\u00e9u, onde s&#8217;esquicen los primeros xacimientos d&#8217;hulla.<\/p>\n<p style=\"text-align: center\"><a href=\"https:\/\/asturias.com\/wp-content\/uploads\/2024\/03\/semana-santa-en-asturias-760x506.jpg\"><img loading=\"lazy\" decoding=\"async\" class=\"aligncenter size-large\" src=\"https:\/\/asturias.com\/wp-content\/uploads\/2024\/03\/semana-santa-en-asturias-760x506.jpg\" width=\"760\" height=\"506\" \/><\/a><\/p>\n<div class=\"x9f619 xjbqb8w x78zum5 x168nmei x13lgxp2 x5pf9jr xo71vjh x1uhb9sk x1plvlek xryxfnj x1c4vz4f x2lah0s x1q0g3np xqjyukv x1qjc9v5 x1oa3qoh x1nhvcw1\" style=\"text-align: center\">Fonte: <a href=\"https:\/\/asturias.com\/huevos-pintos-de-pola-de-siero\/\">Asturias.com<\/a><\/div>\n<p>&nbsp;<\/p>\n","protected":false},"excerpt":{"rendered":"<p>Si ye martes de Pascua ye d\u00eda de G\u00fcevos Pintos en La Pola Siero. El merc\u00e1u polesu vive&#8217;l so d\u00eda grande con m\u00e1s de 4.000 creaciones para tolos gustos. Vemos como siguen trunfando les decoraciones tradicionales.<\/p>\n","protected":false},"author":117,"featured_media":0,"comment_status":"open","ping_status":"open","sticky":false,"template":"","format":"standard","meta":{"footnotes":""},"categories":[1],"tags":[],"class_list":["post-46562","post","type-post","status-publish","format-standard","hentry","category-sin-categoria"],"_links":{"self":[{"href":"https:\/\/edublog.educastur.es\/ixuxu\/wp-json\/wp\/v2\/posts\/46562","targetHints":{"allow":["GET"]}}],"collection":[{"href":"https:\/\/edublog.educastur.es\/ixuxu\/wp-json\/wp\/v2\/posts"}],"about":[{"href":"https:\/\/edublog.educastur.es\/ixuxu\/wp-json\/wp\/v2\/types\/post"}],"author":[{"embeddable":true,"href":"https:\/\/edublog.educastur.es\/ixuxu\/wp-json\/wp\/v2\/users\/117"}],"replies":[{"embeddable":true,"href":"https:\/\/edublog.educastur.es\/ixuxu\/wp-json\/wp\/v2\/comments?post=46562"}],"version-history":[{"count":10,"href":"https:\/\/edublog.educastur.es\/ixuxu\/wp-json\/wp\/v2\/posts\/46562\/revisions"}],"predecessor-version":[{"id":46720,"href":"https:\/\/edublog.educastur.es\/ixuxu\/wp-json\/wp\/v2\/posts\/46562\/revisions\/46720"}],"wp:attachment":[{"href":"https:\/\/edublog.educastur.es\/ixuxu\/wp-json\/wp\/v2\/media?parent=46562"}],"wp:term":[{"taxonomy":"category","embeddable":true,"href":"https:\/\/edublog.educastur.es\/ixuxu\/wp-json\/wp\/v2\/categories?post=46562"},{"taxonomy":"post_tag","embeddable":true,"href":"https:\/\/edublog.educastur.es\/ixuxu\/wp-json\/wp\/v2\/tags?post=46562"}],"curies":[{"name":"wp","href":"https:\/\/api.w.org\/{rel}","templated":true}]}}