{"id":46599,"date":"2025-04-23T08:30:06","date_gmt":"2025-04-23T06:30:06","guid":{"rendered":"https:\/\/edublog.educastur.es\/ixuxu\/?p=46599"},"modified":"2025-04-23T09:26:12","modified_gmt":"2025-04-23T07:26:12","slug":"el-tiempu-nasturies-el-comercio-5","status":"publish","type":"post","link":"https:\/\/edublog.educastur.es\/ixuxu\/2025\/04\/el-tiempu-nasturies-el-comercio-5\/","title":{"rendered":"El tiempu n&#8217;Asturies (El Comercio)"},"content":{"rendered":"<p style=\"text-align: center\"><a href=\"https:\/\/s2.ppllstatics.com\/elcomercio\/www\/multimedia\/2025\/04\/22\/prevision-tiempo-asturias-kWcC-U2301404163085IHH-1850x840@El%20Comercio.jpg\"><img loading=\"lazy\" decoding=\"async\" class=\"aligncenter size-large\" src=\"https:\/\/s2.ppllstatics.com\/elcomercio\/www\/multimedia\/2025\/04\/22\/prevision-tiempo-asturias-kWcC-U2301404163085IHH-1850x840@El%20Comercio.jpg\" width=\"1850\" height=\"837\" \/><\/a><\/p>\n<p><strong>Vamos amanecer<\/strong> con cielos estenos en tol Princip\u00e1u. A lo llargo de la ma\u00f1ana van apaecer nubes de tipu baxu na mari\u00f1a y, a partir del mediud\u00eda, dir\u00e1n estendi\u00e9ndose escontra l&#8217;interior hasta llegar a cubrir pr\u00e1cticamente tola rex\u00f3n a la fin de la tarde salvo nel cordal y zones pr\u00f3ximes. <strong>Los vientos<\/strong> van ser fluexos y van acabase afitando de noroeste mientres el d\u00eda. <strong>Les temperatures m\u00e1ximes<\/strong> van xubir de forma xeneralizada, pero dichu ascensu va ser m\u00e1s significativu escontra&#8217;l sur d&#8217;Asturies. <strong>Tocantes a les m\u00ednimes<\/strong>, van baxar nel cordal central y nel suroccidente, van xubir na mari\u00f1a oeste y van caltenese ensin cambeos nel restu.<\/p>\n<p><!--more--><\/p>\n<p><strong>El xueves<\/strong> va empezar el d\u00eda nublu salvu nel terciu sur y nel estremu oeste onde los cielos van tar estenos. Col intre de les hores vamos reparar como les nubes dir\u00e1n retir\u00e1ndose para dar pasu a una segunda parte del d\u00eda asoleyada. Los vientos van ser fluexos y variables nel interior, y van soplar de nordeste-esti na mari\u00f1a con raches moderaes.<\/p>\n<p><strong>Tanto&#8217;l mi\u00e9rcoles como&#8217;l xueves<\/strong> nun s&#8217;esperen precipitaciones. Pero, sicas\u00ed, el vienres pela tarde prevense bastios nel interior.<\/p>\n<ul>\n<li>Fonte:<a href=\"https:\/\/www.elcomercio.es\/asturias\/tiempo-asturias-miercoles-23-abril-20250422181209-nt.html\"> El Comercio<\/a><\/li>\n<\/ul>\n<p>&nbsp;<\/p>\n","protected":false},"excerpt":{"rendered":"<p>Vamos amanecer con cielos estenos en tol Princip\u00e1u. A lo llargo de la ma\u00f1ana van apaecer nubes de tipu baxu na mari\u00f1a y, a partir del mediud\u00eda, dir\u00e1n estendi\u00e9ndose escontra l&#8217;interior hasta llegar a cubrir pr\u00e1cticamente tola rex\u00f3n a la fin de la tarde salvo nel cordal y zones pr\u00f3ximes. Los vientos van ser fluexos [&hellip;]<\/p>\n","protected":false},"author":117,"featured_media":0,"comment_status":"open","ping_status":"open","sticky":false,"template":"","format":"standard","meta":{"footnotes":""},"categories":[5],"tags":[],"class_list":["post-46599","post","type-post","status-publish","format-standard","hentry","category-tiempu"],"_links":{"self":[{"href":"https:\/\/edublog.educastur.es\/ixuxu\/wp-json\/wp\/v2\/posts\/46599","targetHints":{"allow":["GET"]}}],"collection":[{"href":"https:\/\/edublog.educastur.es\/ixuxu\/wp-json\/wp\/v2\/posts"}],"about":[{"href":"https:\/\/edublog.educastur.es\/ixuxu\/wp-json\/wp\/v2\/types\/post"}],"author":[{"embeddable":true,"href":"https:\/\/edublog.educastur.es\/ixuxu\/wp-json\/wp\/v2\/users\/117"}],"replies":[{"embeddable":true,"href":"https:\/\/edublog.educastur.es\/ixuxu\/wp-json\/wp\/v2\/comments?post=46599"}],"version-history":[{"count":4,"href":"https:\/\/edublog.educastur.es\/ixuxu\/wp-json\/wp\/v2\/posts\/46599\/revisions"}],"predecessor-version":[{"id":46608,"href":"https:\/\/edublog.educastur.es\/ixuxu\/wp-json\/wp\/v2\/posts\/46599\/revisions\/46608"}],"wp:attachment":[{"href":"https:\/\/edublog.educastur.es\/ixuxu\/wp-json\/wp\/v2\/media?parent=46599"}],"wp:term":[{"taxonomy":"category","embeddable":true,"href":"https:\/\/edublog.educastur.es\/ixuxu\/wp-json\/wp\/v2\/categories?post=46599"},{"taxonomy":"post_tag","embeddable":true,"href":"https:\/\/edublog.educastur.es\/ixuxu\/wp-json\/wp\/v2\/tags?post=46599"}],"curies":[{"name":"wp","href":"https:\/\/api.w.org\/{rel}","templated":true}]}}