{"id":46612,"date":"2025-04-23T09:00:19","date_gmt":"2025-04-23T07:00:19","guid":{"rendered":"https:\/\/edublog.educastur.es\/ixuxu\/?p=46612"},"modified":"2025-04-23T09:37:20","modified_gmt":"2025-04-23T07:37:20","slug":"46612","status":"publish","type":"post","link":"https:\/\/edublog.educastur.es\/ixuxu\/2025\/04\/46612\/","title":{"rendered":"Cultura celebra&#8217;l D\u00eda del Llibru coles rosques de San Xurde y m\u00e1s de 150 actividaes na rede de biblioteques p\u00fabliques"},"content":{"rendered":"<ul>\n<li>Fonte: <a href=\"https:\/\/actualidad.asturias.es\/-\/cultura-celebra-el-d%C3%ADa-del-libro-con-las-roscas-de-san-xurde-y-m%C3%A1s-de-150-actividades-en-la-red-de-bibliotecas-p%C3%BAblicas?redirect=%2F\">Actualid\u00e1 Asturies<\/a> \/<\/li>\n<\/ul>\n<p style=\"text-align: center\"><a href=\"https:\/\/actualidad.asturias.es\/documents\/537115\/2507794\/1.jpg\/0f60a4a6-849d-4f95-f895-5dcdf1d994b5?t=1745340664724\"><img loading=\"lazy\" decoding=\"async\" class=\"aligncenter size-large\" src=\"https:\/\/actualidad.asturias.es\/documents\/537115\/2507794\/1.jpg\/0f60a4a6-849d-4f95-f895-5dcdf1d994b5?t=1745340664724\" width=\"1859\" height=\"1080\" \/><\/a><\/p>\n<p>Cultura celebra&#8217;l D\u00eda del Llibru coles rosques de San Xurde y m\u00e1s de 150 actividaes na rede de biblioteques p\u00fabliques. \u00a0El lema trilling\u00fce del cartelu angua\u00f1o ye: <strong><em><span style=\"color: #008080\">Una cultura para la paz Una cultura pa la paz \/ \u00daa cultura pr\u00e1 paz.\u00a0<\/span><\/em><\/strong>Aumenten los vezos llectores y l&#8217;usu de les biblioteques como espacios d&#8217;accesu llibre a la conocencia, la creativid\u00e1 y l&#8217;alcuentru.<\/p>\n<p><!--more--><\/p>\n<p>La Conseyer\u00eda de Cultura, Pol\u00edtica Lling\u00fc\u00edstica y Deporte pon en marcha angua\u00f1o la celebraci\u00f3n de San Xurde coincidiendo col D\u00eda del Llibru 2025. <strong>Esta iniciativa, impulsada en collaboraci\u00f3n colos gremios y comerciantes del Princip\u00e1u, consiste en regalar llibros y rosques creaes para la ocasi\u00f3n poles confiter\u00edes y panader\u00edes asturianes.<\/strong> D&#8217;esta miente, b\u00fascase realzar la figura de San Xurde, patr\u00f3n de dellos conceyos y protagonista de lleendes locales como la del cu\u00e9lebre de Zal\u00f3n (Ayande), para convertilo n&#8217;iconu de la fiesta asturiana del llibru.<\/p>\n<p>La iniciativa, frutu de la collaboraci\u00f3n ente los sectores editorial, panaderu, confiteru, ap\u00edcola y comercial, prop\u00f3n celebrar esta xornada con un xestu doble: <strong>mercar un llibru y xuna rosca de San Xurde, ellabor\u00e1 artesanalmente en dos versiones \u2014salada y dulce\u2014 por panader\u00edes y confiter\u00edes.<\/strong> Esti productu, que va tar disponible en tama\u00f1u individual, foi ellabor\u00e1u con ingredientes calidable como&#8217;l miel d&#8217;Asturies IGP.<\/p>\n<p>&nbsp;<\/p>\n<p>Cultura quier crear un venceyu ente&#8217;l llibru y la tradici\u00f3n pa facilitar la participaci\u00f3n ciudadana en redol a una fecha simb\u00f3lica na que&#8217;l llibru convi\u00e9rtese na exa vertebradora d&#8217;una programaci\u00f3n que refuerza la funci\u00f3n de les biblioteques como espacios vivos, creativos y participativos. La rede p\u00fablica va acoyer m\u00e1s de 150 actividaes en diversos conceyos con motivu del D\u00eda del Llibru.<\/p>\n<p>La programaci\u00f3n de les biblioteques municipales incl\u00fai cuentacuentos, presentaciones, talleres creativos, llectures dramatizaes, rutes lliteraries, visites escolares, esposiciones y concursos, dirix\u00edos a p\u00fablicos de toles edaes. Am\u00e1s, van desenvolvese actividaes como intercambios de llibros o regalos de marcap\u00e1xines. El programa completu de los distintos conceyos puede consultase na web oficial: @www.biblioasturias.com<\/p>\n<p>&nbsp;<\/p>\n<p style=\"text-align: center\"><a href=\"https:\/\/actualidad.asturias.es\/documents\/537115\/2507794\/cartela3.jpg\/fe5d1770-3616-c3ec-ec6a-f068f490f927?t=1745340664908\"><img loading=\"lazy\" decoding=\"async\" class=\"aligncenter \" src=\"https:\/\/actualidad.asturias.es\/documents\/537115\/2507794\/cartela3.jpg\/fe5d1770-3616-c3ec-ec6a-f068f490f927?t=1745340664908\" width=\"461\" height=\"652\" \/><\/a><\/p>\n<p><strong>Andr\u00e9s Gonz\u00e1lez-Blanco, protagonista na Biblioteca d&#8217;Asturies<\/strong><\/p>\n<p>Unu d&#8217;actos destacaos d&#8217;esta edici\u00f3n ye la esposici\u00f3n Andr\u00e9s Gonz\u00e1lez-Blanco, un raru injustamente escaec\u00edu, que s&#8217;inaugura ma\u00f1ana, a les 13:00 hores, na Biblioteca d&#8217;Asturies Ram\u00f3n P\u00e9rez d&#8217;Ayala. L&#8217;amuesa rescata la figura d&#8217;esti escritor y cr\u00edticu lliterariu asturianu, que la so contribuci\u00f3n a les lletres foi notable, pero escasamente reconocida. La esposici\u00f3n va tar abierta al p\u00fablicu na sala principal de les instalaciones allugaes na plaza Daoiz y Velarde d&#8217;Uvi\u00e9u.<\/p>\n<p><strong>Aumentu de los pr\u00e9stamos f\u00edsicos en 2024.\u00a0<\/strong>La puxanza de l&#8217;activid\u00e1 cultural vien acompa\u00f1ada por una noticia bien positiva: en 2024, los pr\u00e9stamos f\u00edsicos nes biblioteques asturianes aumentaron hasta algamar los 970.959, frente a los 900.179 rexistraos en 2023.<span style=\"color: #008080\"> Esta cifra consolida la crecedera del vezu llector y l&#8217;usu de les biblioteques como espacios d&#8217;accesu llibre a la conocencia, la creativid\u00e1 y l&#8217;alcuentru.<\/span><\/p>\n<p><strong>Una cultura pa la paz.\u00a0 <\/strong>Sol lema institucional Una cultura para la paz \/ Una cultura pa la paz \/ \u00daa cultura pr\u00e1 paz, el cartelu oficial edit\u00e1u pola Conseyer\u00eda de Cultura nes lling\u00fces propies d&#8217;Asturies refuerza la vocaci\u00f3n inclusivo y pacificador de les biblioteques, qu&#8217;angua\u00f1o vuelven ser punta de llanza na promoci\u00f3n de valores culturales, lling\u00fc\u00edsticos y sociales en tol territoriu asturianu.<\/p>\n<p>Llist\u00e1u\u00a0 de comercios onde adquirir la rosca de San Xurde.\u00a0Nesta primer edici\u00f3n de San Xurde, sum\u00e1ronse dellos comercios a la ellaboraci\u00f3n de les rosques duce y sal\u00e1u dise\u00f1aes pa la ocasi\u00f3n,\u00a0 que pueden adquirise en:<\/p>\n<table style=\"width: 62.2164%\">\n<tbody>\n<tr>\n<td style=\"width: 31.1005%\" width=\"126\"><b><strong>Nombre del comercio<\/strong><\/b><\/td>\n<td style=\"width: 35.4067%\" width=\"144\"><b><strong>Direcci\u00f3n<\/strong><\/b><\/td>\n<td style=\"width: 118.9%\" width=\"126\"><b><strong>Localidad<\/strong><\/b><\/td>\n<\/tr>\n<tr>\n<td style=\"width: 31.1005%\" width=\"126\">Carajitos del Profesor<\/td>\n<td style=\"width: 35.4067%\" width=\"144\">Avda. de Galicia, 21 bajo<\/td>\n<td style=\"width: 118.9%\" width=\"126\">Salas<\/td>\n<\/tr>\n<tr>\n<td style=\"width: 31.1005%\" width=\"126\">Col\u00f3n<\/td>\n<td style=\"width: 35.4067%\" width=\"144\">Plaza del Ayuntamiento, 20<\/td>\n<td style=\"width: 118.9%\" width=\"126\">Villaviciosa<\/td>\n<\/tr>\n<tr>\n<td style=\"width: 31.1005%\" width=\"126\">Rialto<\/td>\n<td style=\"width: 35.4067%\" width=\"144\">C\/ San Francisco, 12<\/td>\n<td style=\"width: 118.9%\" width=\"126\">Oviedo\/Uvi\u00e9u<\/td>\n<\/tr>\n<tr>\n<td style=\"width: 31.1005%\" width=\"126\">Rialto<\/td>\n<td style=\"width: 35.4067%\" width=\"144\">C\/ Berm\u00fadez de Castro, 2<\/td>\n<td style=\"width: 118.9%\" width=\"126\">Oviedo\/Uvi\u00e9u<\/td>\n<\/tr>\n<tr>\n<td style=\"width: 31.1005%\" width=\"126\">Auseva<\/td>\n<td style=\"width: 35.4067%\" width=\"144\">Avenida Galicia, 11<\/td>\n<td style=\"width: 118.9%\" width=\"126\">Oviedo\/Uvi\u00e9u<\/td>\n<\/tr>\n<tr>\n<td style=\"width: 31.1005%\" width=\"126\">Auseva<\/td>\n<td style=\"width: 35.4067%\" width=\"144\">C\/ Silla del Rey, 2<\/td>\n<td style=\"width: 118.9%\" width=\"126\">Oviedo\/Uvi\u00e9u<\/td>\n<\/tr>\n<tr>\n<td style=\"width: 31.1005%\" width=\"126\">Balbona Pasteleros<\/td>\n<td style=\"width: 35.4067%\" width=\"144\">C\/ Cabrales, 90<\/td>\n<td style=\"width: 118.9%\" width=\"126\">Gij\u00f3n\/Xix\u00f3n<\/td>\n<\/tr>\n<tr>\n<td style=\"width: 31.1005%\" width=\"126\">Balbona Pasteleros<\/td>\n<td style=\"width: 35.4067%\" width=\"144\">C\/ Asturias, 14 bajo<\/td>\n<td style=\"width: 118.9%\" width=\"126\">Gij\u00f3n\/Xix\u00f3n<\/td>\n<\/tr>\n<tr>\n<td style=\"width: 31.1005%\" width=\"126\">Panader\u00eda La Vienesa<\/td>\n<td style=\"width: 35.4067%\" width=\"144\">C\/ Corporaciones de Lena, 17<\/td>\n<td style=\"width: 118.9%\" width=\"126\">La Pola (Lena)<\/td>\n<\/tr>\n<tr>\n<td style=\"width: 31.1005%\" width=\"126\">Panader\u00eda La Vienesa<\/td>\n<td style=\"width: 35.4067%\" width=\"144\">C\/ Rafael del Riego<\/td>\n<td style=\"width: 118.9%\" width=\"126\">Tur\u00f3n<\/td>\n<\/tr>\n<tr>\n<td style=\"width: 31.1005%\" width=\"126\">Panader\u00eda La Vienesa<\/td>\n<td style=\"width: 35.4067%\" width=\"144\">Pol\u00edgono F\u00e1brica de Mieres, parcela 1<\/td>\n<td style=\"width: 118.9%\" width=\"126\">Mieres del Cam\u00edn<\/td>\n<\/tr>\n<tr>\n<td style=\"width: 31.1005%\" width=\"126\">El Bollu<\/td>\n<td style=\"width: 35.4067%\" width=\"144\">Avenida Valent\u00edn Masip, 30<\/td>\n<td style=\"width: 118.9%\" width=\"126\">Oviedo\/Uvi\u00e9u<\/td>\n<\/tr>\n<tr>\n<td style=\"width: 31.1005%\" width=\"126\">El Bollu<\/td>\n<td style=\"width: 35.4067%\" width=\"144\">C\/ Jos\u00e9 Mar\u00eda M. Cachero, 1<\/td>\n<td style=\"width: 118.9%\" width=\"126\">Oviedo\/Uvi\u00e9u<\/td>\n<\/tr>\n<tr>\n<td style=\"width: 31.1005%\" width=\"126\">El Calderu<\/td>\n<td style=\"width: 35.4067%\" width=\"144\">C\/ Fernando Alonso D\u00edaz, 26<\/td>\n<td style=\"width: 118.9%\" width=\"126\">Oviedo\/Uvi\u00e9u<\/td>\n<\/tr>\n<tr>\n<td style=\"width: 31.1005%\" width=\"126\">El Calderu<\/td>\n<td style=\"width: 35.4067%\" width=\"144\">C\/ Ricardo Montes, 23<\/td>\n<td style=\"width: 118.9%\" width=\"126\">Oviedo\/Uvi\u00e9u<\/td>\n<\/tr>\n<tr>\n<td style=\"width: 31.1005%\" width=\"126\">El Calderu<\/td>\n<td style=\"width: 35.4067%\" width=\"144\">C\/ Arroyo Vaqueros, 11<\/td>\n<td style=\"width: 118.9%\" width=\"126\">Oviedo\/Uvi\u00e9u<\/td>\n<\/tr>\n<tr>\n<td style=\"width: 31.1005%\" width=\"126\">El Calderu<\/td>\n<td style=\"width: 35.4067%\" width=\"144\">Plaza Gabino D\u00edaz Merch\u00e1n<\/td>\n<td style=\"width: 118.9%\" width=\"126\">Oviedo\/Uvi\u00e9u<\/td>\n<\/tr>\n<tr>\n<td style=\"width: 31.1005%\" width=\"126\">El Calderu<\/td>\n<td style=\"width: 35.4067%\" width=\"144\">C\/ Arquitecto Tioda, 2<\/td>\n<td style=\"width: 118.9%\" width=\"126\">Oviedo\/Uvi\u00e9u<\/td>\n<\/tr>\n<tr>\n<td style=\"width: 31.1005%\" width=\"126\">La Tahona de Enrique<\/td>\n<td style=\"width: 35.4067%\" width=\"144\">C\/ San Antonio, 23<\/td>\n<td style=\"width: 118.9%\" width=\"126\">Llastres<\/td>\n<\/tr>\n<tr>\n<td style=\"width: 31.1005%\" width=\"126\">Alvapan<\/td>\n<td style=\"width: 35.4067%\" width=\"144\">C\/ El fontan\u00edn, s\/n<\/td>\n<td style=\"width: 118.9%\" width=\"126\">Llastres<\/td>\n<\/tr>\n<tr>\n<td style=\"width: 31.1005%\" width=\"126\">Panader\u00eda Casero<\/td>\n<td style=\"width: 35.4067%\" width=\"144\">C\/ Arga\u00f1osa, 78<\/td>\n<td style=\"width: 118.9%\" width=\"126\">Oviedo\/Uvi\u00e9u<\/td>\n<\/tr>\n<tr>\n<td style=\"width: 31.1005%\" width=\"126\">Panader\u00eda Casero<\/td>\n<td style=\"width: 35.4067%\" width=\"144\">C\/ San L\u00e1zaro, 8<\/td>\n<td style=\"width: 118.9%\" width=\"126\">Oviedo\/Uvi\u00e9u<\/td>\n<\/tr>\n<tr>\n<td style=\"width: 31.1005%\" width=\"126\">Panader\u00eda La Portalina<\/td>\n<td style=\"width: 35.4067%\" width=\"144\">C\/ Agua, 13<\/td>\n<td style=\"width: 118.9%\" width=\"126\">Villaviciosa<\/td>\n<\/tr>\n<\/tbody>\n<\/table>\n<p style=\"font-weight: 400\">\n","protected":false},"excerpt":{"rendered":"<p>Fonte: Actualid\u00e1 Asturies \/ Cultura celebra&#8217;l D\u00eda del Llibru coles rosques de San Xurde y m\u00e1s de 150 actividaes na rede de biblioteques p\u00fabliques. \u00a0El lema trilling\u00fce del cartelu angua\u00f1o ye: Una cultura para la paz Una cultura pa la paz \/ \u00daa cultura pr\u00e1 paz.\u00a0Aumenten los vezos llectores y l&#8217;usu de les biblioteques como [&hellip;]<\/p>\n","protected":false},"author":117,"featured_media":0,"comment_status":"open","ping_status":"open","sticky":false,"template":"","format":"standard","meta":{"footnotes":""},"categories":[38,6,9,10,1],"tags":[],"class_list":["post-46612","post","type-post","status-publish","format-standard","hentry","category-cultura","category-dia-de","category-libros-adultos","category-llibros-reciella","category-sin-categoria"],"_links":{"self":[{"href":"https:\/\/edublog.educastur.es\/ixuxu\/wp-json\/wp\/v2\/posts\/46612","targetHints":{"allow":["GET"]}}],"collection":[{"href":"https:\/\/edublog.educastur.es\/ixuxu\/wp-json\/wp\/v2\/posts"}],"about":[{"href":"https:\/\/edublog.educastur.es\/ixuxu\/wp-json\/wp\/v2\/types\/post"}],"author":[{"embeddable":true,"href":"https:\/\/edublog.educastur.es\/ixuxu\/wp-json\/wp\/v2\/users\/117"}],"replies":[{"embeddable":true,"href":"https:\/\/edublog.educastur.es\/ixuxu\/wp-json\/wp\/v2\/comments?post=46612"}],"version-history":[{"count":5,"href":"https:\/\/edublog.educastur.es\/ixuxu\/wp-json\/wp\/v2\/posts\/46612\/revisions"}],"predecessor-version":[{"id":46617,"href":"https:\/\/edublog.educastur.es\/ixuxu\/wp-json\/wp\/v2\/posts\/46612\/revisions\/46617"}],"wp:attachment":[{"href":"https:\/\/edublog.educastur.es\/ixuxu\/wp-json\/wp\/v2\/media?parent=46612"}],"wp:term":[{"taxonomy":"category","embeddable":true,"href":"https:\/\/edublog.educastur.es\/ixuxu\/wp-json\/wp\/v2\/categories?post=46612"},{"taxonomy":"post_tag","embeddable":true,"href":"https:\/\/edublog.educastur.es\/ixuxu\/wp-json\/wp\/v2\/tags?post=46612"}],"curies":[{"name":"wp","href":"https:\/\/api.w.org\/{rel}","templated":true}]}}