{"id":46671,"date":"2025-04-24T08:30:22","date_gmt":"2025-04-24T06:30:22","guid":{"rendered":"https:\/\/edublog.educastur.es\/ixuxu\/?p=46671"},"modified":"2025-04-24T09:51:08","modified_gmt":"2025-04-24T07:51:08","slug":"el-tiempu-nasturies-el-comercio-6","status":"publish","type":"post","link":"https:\/\/edublog.educastur.es\/ixuxu\/2025\/04\/el-tiempu-nasturies-el-comercio-6\/","title":{"rendered":"El tiempu n&#8217;Asturies El Comercio)"},"content":{"rendered":"<p style=\"text-align: center\"><a href=\"https:\/\/s3.ppllstatics.com\/elcomercio\/www\/multimedia\/2025\/04\/23\/prevision-tiempo-asturias-kCPC-U2301404163085IHH-1850x840@El%20Comercio.jpg\"><img loading=\"lazy\" decoding=\"async\" class=\"aligncenter size-large\" src=\"https:\/\/s3.ppllstatics.com\/elcomercio\/www\/multimedia\/2025\/04\/23\/prevision-tiempo-asturias-kCPC-U2301404163085IHH-1850x840@El%20Comercio.jpg\" width=\"1850\" height=\"834\" \/><\/a><\/p>\n<p><strong>Vamos amanecer<\/strong> con cielos nublos na mari\u00f1a y, posiblemente, na zona central del Princip\u00e1u. Nel restu, el d\u00eda y\u00e1 va empezar soleyeru<strong>. A lo llargo de la ma\u00f1ana<\/strong>, sobremanera a partir del mediud\u00eda, la nubosid\u00e1 va dir sumiendo para dar pasu a una xornada con cielos pocu nublos en pr\u00e1cticamente tola rex\u00f3n. <strong>Los vientos<\/strong> van ser fluexos y variables, anque pela tarde van afitase de nordeste-esti na mari\u00f1a con intensid\u00e1 moderada. Les raches m\u00e1s fuertes van rexistrase, a priori, na mari\u00f1a occidental, anque na oriental van ser igualmente significatives. <strong>Les temperatures m\u00e1ximes<\/strong> van xubir tantu nel cordal como nel terciu oeste asturianu. Nel restu van caltenese ensin grandes cambeos respecto al mi\u00e9rcoles. <strong>Les m\u00ednimes<\/strong>, pela so parte, van xubir nel interior central y nun van variar nel restu.<\/p>\n<p><!--more--><\/p>\n<p><strong>El vienres<\/strong> vamos amanecer con cielos pocu nublos salvu na mari\u00f1a onde podr\u00eden esperase delles nubes de tipu baxu. A midida que vaiga avanzando&#8217;l d\u00eda, vamos reparar un aumentu de les nubes dende l&#8217;oeste que se va dir estendiendo a tola Comunid\u00e1 Aut\u00f3noma. Pela tarde esp\u00e9rense bastios d&#8217;orixe tormentosu que podr\u00eden descargar localmente con cierta fuerza.<\/p>\n<p><strong>Tiempu m\u00e1s estable pal s\u00e1badu<\/strong> y, especialmente, pal domingu.<\/p>\n","protected":false},"excerpt":{"rendered":"<p>Vamos amanecer con cielos nublos na mari\u00f1a y, posiblemente, na zona central del Princip\u00e1u. Nel restu, el d\u00eda y\u00e1 va empezar soleyeru. A lo llargo de la ma\u00f1ana, sobremanera a partir del mediud\u00eda, la nubosid\u00e1 va dir sumiendo para dar pasu a una xornada con cielos pocu nublos en pr\u00e1cticamente tola rex\u00f3n. Los vientos van [&hellip;]<\/p>\n","protected":false},"author":117,"featured_media":0,"comment_status":"open","ping_status":"open","sticky":false,"template":"","format":"standard","meta":{"footnotes":""},"categories":[5],"tags":[],"class_list":["post-46671","post","type-post","status-publish","format-standard","hentry","category-tiempu"],"_links":{"self":[{"href":"https:\/\/edublog.educastur.es\/ixuxu\/wp-json\/wp\/v2\/posts\/46671","targetHints":{"allow":["GET"]}}],"collection":[{"href":"https:\/\/edublog.educastur.es\/ixuxu\/wp-json\/wp\/v2\/posts"}],"about":[{"href":"https:\/\/edublog.educastur.es\/ixuxu\/wp-json\/wp\/v2\/types\/post"}],"author":[{"embeddable":true,"href":"https:\/\/edublog.educastur.es\/ixuxu\/wp-json\/wp\/v2\/users\/117"}],"replies":[{"embeddable":true,"href":"https:\/\/edublog.educastur.es\/ixuxu\/wp-json\/wp\/v2\/comments?post=46671"}],"version-history":[{"count":1,"href":"https:\/\/edublog.educastur.es\/ixuxu\/wp-json\/wp\/v2\/posts\/46671\/revisions"}],"predecessor-version":[{"id":46673,"href":"https:\/\/edublog.educastur.es\/ixuxu\/wp-json\/wp\/v2\/posts\/46671\/revisions\/46673"}],"wp:attachment":[{"href":"https:\/\/edublog.educastur.es\/ixuxu\/wp-json\/wp\/v2\/media?parent=46671"}],"wp:term":[{"taxonomy":"category","embeddable":true,"href":"https:\/\/edublog.educastur.es\/ixuxu\/wp-json\/wp\/v2\/categories?post=46671"},{"taxonomy":"post_tag","embeddable":true,"href":"https:\/\/edublog.educastur.es\/ixuxu\/wp-json\/wp\/v2\/tags?post=46671"}],"curies":[{"name":"wp","href":"https:\/\/api.w.org\/{rel}","templated":true}]}}