{"id":467,"date":"2020-05-10T08:59:24","date_gmt":"2020-05-10T08:59:24","guid":{"rendered":"https:\/\/edublog.educastur.es\/ixuxu\/?p=467"},"modified":"2020-08-19T15:01:49","modified_gmt":"2020-08-19T15:01:49","slug":"escontral-raiganu-canta-la-marianina","status":"publish","type":"post","link":"https:\/\/edublog.educastur.es\/ixuxu\/2020\/05\/escontral-raiganu-canta-la-marianina\/","title":{"rendered":"Escontra\u2019l Raiga\u00f1u canta \u201cLa Marianina\u201d"},"content":{"rendered":"<div class=\"entry\">\n<p><img loading=\"lazy\" decoding=\"async\" class=\"\" src=\"https:\/\/yt3.ggpht.com\/a\/AATXAJw7DWVaeeT8Xf2YN9IkDE6rJ_9YxVhWB6GJCg=s100-c-k-c0xffffffff-no-rj-mo\" width=\"157\" height=\"157\" \/><\/p>\n<p><u><em><strong><span style=\"color: #003300\">Asociaci\u00f3n Escontra\u00b4l\u00a0 Raiga\u00f1u. <\/span><\/strong><\/em><\/u><\/p>\n<p>Escuchar: <a href=\"https:\/\/www.facebook.com\/423786991067396\/videos\/174141620539682\/\" target=\"_blank\" rel=\"noopener noreferrer\"><strong><em>\u201cLa Marianina\u201d <\/em><\/strong><\/a><\/p>\n<p align=\"justify\"><u>Mensaxe:<\/u><em>Nesti momentu que tamos a puntu de pasar a la Fase 1 del confinamientu, dende la <a href=\"https:\/\/www.facebook.com\/Asociaci\u00f3n-cultural-Escontral-Raiga\u00f1u-423786991067396\/?__tn__=%2CdK%2AF-R&amp;eid=ARDay6KnLyck_FWLh_Ez5-Qu_LCw4XqAS9hSIqwg_RP93svkA-J8MNgE-4FybRV1VAX94hdcYoITCeTq\">Asociaci\u00f3n cultural Escontra\u2019l Raiga\u00f1u <\/a>col nuesu \u201cmayestru y collaciu\u201d <a href=\"https:\/\/www.facebook.com\/david.varela.581?__tn__=%2CdK%2AF-R&amp;eid=ARB97E81B_MhM2RPJ3DnkG6T7giQG-t7bVswO2hafwPEayA7I0pQgD0VAIkdEUy4DUuoWu6XFsYI2Ptf\">David Varela Blanco<\/a>, quer\u00edemos compartir esta piecina que quier ser una amuesa del esfuerzu com\u00fan que ye necesariu pa que les coses pu\u00e9an salir bien\u2026.<\/em><\/p>\n<\/div>\n","protected":false},"excerpt":{"rendered":"<p>Asociaci\u00f3n Escontra\u00b4l\u00a0 Raiga\u00f1u. Escuchar: \u201cLa Marianina\u201d Mensaxe:Nesti momentu que tamos a puntu de pasar a la Fase 1 del confinamientu, dende la Asociaci\u00f3n cultural Escontra\u2019l Raiga\u00f1u col nuesu \u201cmayestru y collaciu\u201d David Varela Blanco, quer\u00edemos compartir esta piecina que quier ser una amuesa del esfuerzu com\u00fan que ye necesariu pa que les coses pu\u00e9an salir [&hellip;]<\/p>\n","protected":false},"author":117,"featured_media":0,"comment_status":"closed","ping_status":"open","sticky":false,"template":"","format":"standard","meta":{"footnotes":""},"categories":[35,1],"tags":[],"class_list":["post-467","post","type-post","status-publish","format-standard","hentry","category-musica","category-sin-categoria"],"_links":{"self":[{"href":"https:\/\/edublog.educastur.es\/ixuxu\/wp-json\/wp\/v2\/posts\/467","targetHints":{"allow":["GET"]}}],"collection":[{"href":"https:\/\/edublog.educastur.es\/ixuxu\/wp-json\/wp\/v2\/posts"}],"about":[{"href":"https:\/\/edublog.educastur.es\/ixuxu\/wp-json\/wp\/v2\/types\/post"}],"author":[{"embeddable":true,"href":"https:\/\/edublog.educastur.es\/ixuxu\/wp-json\/wp\/v2\/users\/117"}],"replies":[{"embeddable":true,"href":"https:\/\/edublog.educastur.es\/ixuxu\/wp-json\/wp\/v2\/comments?post=467"}],"version-history":[{"count":3,"href":"https:\/\/edublog.educastur.es\/ixuxu\/wp-json\/wp\/v2\/posts\/467\/revisions"}],"predecessor-version":[{"id":469,"href":"https:\/\/edublog.educastur.es\/ixuxu\/wp-json\/wp\/v2\/posts\/467\/revisions\/469"}],"wp:attachment":[{"href":"https:\/\/edublog.educastur.es\/ixuxu\/wp-json\/wp\/v2\/media?parent=467"}],"wp:term":[{"taxonomy":"category","embeddable":true,"href":"https:\/\/edublog.educastur.es\/ixuxu\/wp-json\/wp\/v2\/categories?post=467"},{"taxonomy":"post_tag","embeddable":true,"href":"https:\/\/edublog.educastur.es\/ixuxu\/wp-json\/wp\/v2\/tags?post=467"}],"curies":[{"name":"wp","href":"https:\/\/api.w.org\/{rel}","templated":true}]}}