{"id":46703,"date":"2025-04-24T11:17:39","date_gmt":"2025-04-24T09:17:39","guid":{"rendered":"https:\/\/edublog.educastur.es\/ixuxu\/?p=46703"},"modified":"2025-04-24T11:23:42","modified_gmt":"2025-04-24T09:23:42","slug":"46703","status":"publish","type":"post","link":"https:\/\/edublog.educastur.es\/ixuxu\/2025\/04\/46703\/","title":{"rendered":"Mediu Rural llibera en Llanera y Corvera un c\u00e1rabo y una curuxa rescataos en marzu."},"content":{"rendered":"<ul>\n<li>Fonte: <a href=\"https:\/\/actualidad.asturias.es\/-\/medio-rural-libera-en-llanera-y-corvera-un-c%C3%A1rabo-y-una-lechuza-rescatados-en-marzo?redirect=%2F\">Actualid\u00e1 Asturies<\/a> \/ <a href=\"https:\/\/actualidad.asturias.es\/documents\/537115\/2509011\/1.jpg\/fab82ab8-1f01-d000-25d1-7d7fb2871c1a?t=1745400982986\">imaxe<\/a> \/<\/li>\n<\/ul>\n<p style=\"text-align: center\"><a href=\"https:\/\/actualidad.asturias.es\/documents\/537115\/2509011\/1.jpg\/fab82ab8-1f01-d000-25d1-7d7fb2871c1a?t=1745400982986\"><img loading=\"lazy\" decoding=\"async\" class=\"aligncenter size-large\" src=\"https:\/\/actualidad.asturias.es\/documents\/537115\/2509011\/1.jpg\/fab82ab8-1f01-d000-25d1-7d7fb2871c1a?t=1745400982986\" width=\"2376\" height=\"1600\" \/><\/a><\/p>\n<p style=\"text-align: center\"><em>Na imaxe, el c\u00e1rabo (dcha.) y la curuxa lliberaos ayeri<\/em><\/p>\n<p>Mediu Rural llibera en Llanera y Corvera un c\u00e1rabo y una curuxa rescataos en marzu. Ambos exemplares permanecieron nel <a href=\"https:\/\/www.lne.es\/asturias\/n-asturianu\/2021\/11\/23\/sobrescobio-estrenal-mayor-centru-despana-59781543.html\"><strong>Centru de Recuperaci\u00f3n de la Fauna Montesa de Sobrescobiu<\/strong><\/a> onde permanecieron mientres un mes pa recuperase hasta poder ser reintroduc\u00edos nel so h\u00e1bitat.<\/p>\n<p><!--more--><\/p>\n<p>El <span style=\"color: #008080\"><strong>c\u00e1rabo com\u00fan<\/strong><\/span>, una especie eminentemente forestal y puramente nocherniega, taba atrap\u00e1u cuando foi rescat\u00e1u polos axentes del Mediu Natural el 24 de marzu na localid\u00e1 de Ferro\u00f1es, en Llanera. L&#8217;animal foi lliber\u00e1u ayeri nuna zona cercana al llugar nel que foi atop\u00e1u.<\/p>\n<p>La <span style=\"color: #008080\"><strong>curuxa com\u00fan<\/strong> <\/span>foi rescatada&#8217;l 12 de marzu en Piedras Blancas, nel conceyu de Castrill\u00f3n, con un traumatismu. Tres la so recuperaci\u00f3n en Sobrescobiu, ayeri pudo ser lliber\u00e1u por axentes del Mediu Natural na localid\u00e1 de Calabaza, en Corvera, una zona aparente pal so desenvolvimientu con una redolada m\u00e1s fayadiza a les sos caracter\u00edstiques.<\/p>\n<p>&nbsp;<\/p>\n<p>&nbsp;<\/p>\n","protected":false},"excerpt":{"rendered":"<p>Fonte: Actualid\u00e1 Asturies \/ imaxe \/ Na imaxe, el c\u00e1rabo (dcha.) y la curuxa lliberaos ayeri Mediu Rural llibera en Llanera y Corvera un c\u00e1rabo y una curuxa rescataos en marzu. Ambos exemplares permanecieron nel Centru de Recuperaci\u00f3n de la Fauna Montesa de Sobrescobiu onde permanecieron mientres un mes pa recuperase hasta poder ser reintroduc\u00edos [&hellip;]<\/p>\n","protected":false},"author":117,"featured_media":0,"comment_status":"open","ping_status":"open","sticky":false,"template":"","format":"standard","meta":{"footnotes":""},"categories":[1],"tags":[],"class_list":["post-46703","post","type-post","status-publish","format-standard","hentry","category-sin-categoria"],"_links":{"self":[{"href":"https:\/\/edublog.educastur.es\/ixuxu\/wp-json\/wp\/v2\/posts\/46703","targetHints":{"allow":["GET"]}}],"collection":[{"href":"https:\/\/edublog.educastur.es\/ixuxu\/wp-json\/wp\/v2\/posts"}],"about":[{"href":"https:\/\/edublog.educastur.es\/ixuxu\/wp-json\/wp\/v2\/types\/post"}],"author":[{"embeddable":true,"href":"https:\/\/edublog.educastur.es\/ixuxu\/wp-json\/wp\/v2\/users\/117"}],"replies":[{"embeddable":true,"href":"https:\/\/edublog.educastur.es\/ixuxu\/wp-json\/wp\/v2\/comments?post=46703"}],"version-history":[{"count":4,"href":"https:\/\/edublog.educastur.es\/ixuxu\/wp-json\/wp\/v2\/posts\/46703\/revisions"}],"predecessor-version":[{"id":46707,"href":"https:\/\/edublog.educastur.es\/ixuxu\/wp-json\/wp\/v2\/posts\/46703\/revisions\/46707"}],"wp:attachment":[{"href":"https:\/\/edublog.educastur.es\/ixuxu\/wp-json\/wp\/v2\/media?parent=46703"}],"wp:term":[{"taxonomy":"category","embeddable":true,"href":"https:\/\/edublog.educastur.es\/ixuxu\/wp-json\/wp\/v2\/categories?post=46703"},{"taxonomy":"post_tag","embeddable":true,"href":"https:\/\/edublog.educastur.es\/ixuxu\/wp-json\/wp\/v2\/tags?post=46703"}],"curies":[{"name":"wp","href":"https:\/\/api.w.org\/{rel}","templated":true}]}}