{"id":46708,"date":"2025-04-24T11:28:01","date_gmt":"2025-04-24T09:28:01","guid":{"rendered":"https:\/\/edublog.educastur.es\/ixuxu\/?p=46708"},"modified":"2025-04-24T11:42:27","modified_gmt":"2025-04-24T09:42:27","slug":"46708","status":"publish","type":"post","link":"https:\/\/edublog.educastur.es\/ixuxu\/2025\/04\/46708\/","title":{"rendered":"En Grau: \u00abEspa\u00f1ate\u00bb, proyectu que revoluciona \u00abla forma d&#8217;esperimentar y compartir l&#8217;arte\u00bb."},"content":{"rendered":"<p>&nbsp;<\/p>\n<p style=\"text-align: center\"><a href=\"https:\/\/estaticos-cdn.prensaiberica.es\/clip\/59c8ffaf-62c1-4f4d-96ff-a4f3a17a9002_16-9-aspect-ratio_default_0.jpg\"><img loading=\"lazy\" decoding=\"async\" class=\"aligncenter size-large\" src=\"https:\/\/estaticos-cdn.prensaiberica.es\/clip\/59c8ffaf-62c1-4f4d-96ff-a4f3a17a9002_16-9-aspect-ratio_default_0.jpg\" width=\"880\" height=\"495\" \/><\/a><\/p>\n<p>La ic\u00f3nica artista xaponesa <span style=\"color: #008080\"><strong>Yayoi Kusama<\/strong><\/span> tien un pequenu universu en Grau: asina ye&#8217;l llenzu inmersivu que la homenaxa. El colexu p\u00fablicu Bernardo Gurdiel desenvuelve <strong>\u00abEspa\u00f1ate\u00bb,<\/strong> un innovador proyectu que revoluciona <em>\u00abla forma en que los sos alumnos y alumnes esperimenten y comparten l&#8217;arte\u00bb.<\/em><\/p>\n<ul>\n<li>Fonte: <a href=\"https:\/\/www.lne.es\/grado\/2025\/04\/24\/iconica-artista-japonesa-yayoi-kusama-116674841.html\">LNE<\/a>\/<a href=\"https:\/\/www.lne.es\/fotos\/grado\/2025\/04\/24\/explosion-arte-grado-innovador-proyecto-116675274.html#foto=3\"> galer\u00eda<\/a> \/<\/li>\n<li><span style=\"color: #008080\"><strong>Yayoi Kusama: <\/strong><a href=\"https:\/\/es.wikipedia.org\/wiki\/Yayoi_Kusama\">wiki <\/a><strong>\/ <a href=\"http:\/\/www.yayoi-kusama.jp\/\">web<\/a> \/\u00a0<\/strong><\/span><\/li>\n<\/ul>\n<p><!--more--><\/p>\n<p>&nbsp;<\/p>\n<p style=\"text-align: center\"><a href=\"http:\/\/www.yayoi-kusama.jp\/i_comm\/i_yayoi\/2005yayoi.gif\"><img loading=\"lazy\" decoding=\"async\" class=\"aligncenter size-large\" src=\"http:\/\/www.yayoi-kusama.jp\/i_comm\/i_yayoi\/2005yayoi.gif\" width=\"150\" height=\"431\" \/><\/a><\/p>\n<p>Yayoi Kusama ye una figura fundamental nel arte contemporaneo, conocida mundialmente poles sos <strong>instalaciones inmersives, les sos escultures y les sos pintures, toes elles trescalaes de llunares, el so motivu caracter\u00edsticu<\/strong>.<\/p>\n<p><strong>Para Kusama, los llunares representen l&#8217;infinitu, la conex\u00f3n ente los individuos y l&#8217;universu<\/strong>, espliquen dende la direcci\u00f3n del colexu p\u00fablicu Bernardo Gurdiel, de Grau, una referencia polos sos diversu programes y qu&#8217;agora ta revolucionando \u00abla forma en que los sos alumnos y alumnes esperimenten y comparten l&#8217;arte\u00bb. Unu de los sos proyectos en marcha ye \u00abEspa\u00f1ate\u00bb, iniciativa innovadora que toma diverses disciplines art\u00edstiques y esquiza la obra de ceadores influyentes.<\/p>\n<p style=\"text-align: center\"><a href=\"https:\/\/estaticos-cdn.prensaiberica.es\/clip\/dce6a6df-47a2-4131-9679-f5c8fdcf2ab1_source-aspect-ratio_default_0.jpg\"><img loading=\"lazy\" decoding=\"async\" class=\"aligncenter size-large\" src=\"https:\/\/estaticos-cdn.prensaiberica.es\/clip\/dce6a6df-47a2-4131-9679-f5c8fdcf2ab1_source-aspect-ratio_default_0.jpg\" width=\"2000\" height=\"1500\" \/><\/a><\/p>\n<p>Xuna de les creaciones <strong>d&#8217;Espa\u00f1ate\u00bb foi&#8217;l tresformamientu d&#8217;un pasiellu del colexu en \u00abun llenzu inmersivu\u00bb, anubiertu de llunares de colores.<\/strong> La instalaci\u00f3n \u00abye un vibrante homenaxe a la ic\u00f3nica artista xaponesa Yayoi Kusama, que&#8217;l so trabayu tescendi\u00f3 fronteres cola so singular obsesi\u00f3n polos puntos y les sos esploraciones del infinitu\u00bb.<\/p>\n<p><a href=\"https:\/\/estaticos-cdn.prensaiberica.es\/clip\/06818601-ecfe-4390-b665-5ecbe3d2b85e_source-aspect-ratio_default_0.jpg\"><img loading=\"lazy\" decoding=\"async\" class=\"aligncenter \" src=\"https:\/\/estaticos-cdn.prensaiberica.es\/clip\/06818601-ecfe-4390-b665-5ecbe3d2b85e_source-aspect-ratio_default_0.jpg\" width=\"472\" height=\"629\" \/><\/a><\/p>\n<p>\u00abLa instalaci\u00f3n del pasiellu blancu llenu de llunares busca introducir a los ne\u00f1os y ne\u00f1es y a les families nesti universu singular. Al somorguiase nesti espaciu,<strong> convidalos a la reflex\u00f3n sobro conceutos como la repetici\u00f3n, l&#8217;infinitu y nuesa mesma esistencia dientro d&#8217;un cosmos vastu.<\/strong> La elecci\u00f3n del blancu como fondu resalta ent\u00e1 m\u00e1s la omnipresencia de los llunares, creando xuna esperiencia visual atanante\u00bb, se\u00f1ala&#8217;l director del colexu, Marco Gonz\u00e1lez.<\/p>\n<blockquote><p><em>\u00abAl travi\u00e9s d&#8217;esti proyectu b\u00fascase fomentar la creativid\u00e1 y l&#8217;espresi\u00f3n art\u00edstica averando l&#8217;arte al travi\u00e9s de la esperiencia, pa desenvolver habilidaes al travi\u00e9s d&#8217;un trabayu colaborativu que nos dexe conectar l&#8217;arte cola redolada\u00bb<\/em><\/p><\/blockquote>\n<p style=\"text-align: center\"><a href=\"https:\/\/estaticos-cdn.prensaiberica.es\/clip\/1b504eb4-9de1-4789-8be9-0f8c383f69dc_source-aspect-ratio_default_0.jpg\"><img loading=\"lazy\" decoding=\"async\" class=\"aligncenter size-large\" src=\"https:\/\/estaticos-cdn.prensaiberica.es\/clip\/1b504eb4-9de1-4789-8be9-0f8c383f69dc_source-aspect-ratio_default_0.jpg\" width=\"1011\" height=\"1171\" \/><\/a><\/p>\n<p><strong>El proyectu \u00abEspa\u00f1ate\u00bb va siguir espandi\u00e9ndose<\/strong>, cola creaci\u00f3n de nuevos espacios y obres inspiraes n&#8217;otros artistes y corrientes art\u00edstiques. La culminaci\u00f3n d&#8217;esta iniciativa va ser una visita empuesta bien especial, onde los mesmos alumnos y alumnes van compartir les sos conocencies y la so pasi\u00f3n pol arte coles sos families, ufiertando una perspectiva \u00fanica y personal de cada creaci\u00f3n.<\/p>\n","protected":false},"excerpt":{"rendered":"<p>&nbsp; La ic\u00f3nica artista xaponesa Yayoi Kusama tien un pequenu universu en Grau: asina ye&#8217;l llenzu inmersivu que la homenaxa. El colexu p\u00fablicu Bernardo Gurdiel desenvuelve \u00abEspa\u00f1ate\u00bb, un innovador proyectu que revoluciona \u00abla forma en que los sos alumnos y alumnes esperimenten y comparten l&#8217;arte\u00bb. Fonte: LNE\/ galer\u00eda \/ Yayoi Kusama: wiki \/ web \/\u00a0<\/p>\n","protected":false},"author":117,"featured_media":0,"comment_status":"open","ping_status":"open","sticky":false,"template":"","format":"standard","meta":{"footnotes":""},"categories":[89,91],"tags":[],"class_list":["post-46708","post","type-post","status-publish","format-standard","hentry","category-arte","category-collores"],"_links":{"self":[{"href":"https:\/\/edublog.educastur.es\/ixuxu\/wp-json\/wp\/v2\/posts\/46708","targetHints":{"allow":["GET"]}}],"collection":[{"href":"https:\/\/edublog.educastur.es\/ixuxu\/wp-json\/wp\/v2\/posts"}],"about":[{"href":"https:\/\/edublog.educastur.es\/ixuxu\/wp-json\/wp\/v2\/types\/post"}],"author":[{"embeddable":true,"href":"https:\/\/edublog.educastur.es\/ixuxu\/wp-json\/wp\/v2\/users\/117"}],"replies":[{"embeddable":true,"href":"https:\/\/edublog.educastur.es\/ixuxu\/wp-json\/wp\/v2\/comments?post=46708"}],"version-history":[{"count":8,"href":"https:\/\/edublog.educastur.es\/ixuxu\/wp-json\/wp\/v2\/posts\/46708\/revisions"}],"predecessor-version":[{"id":46716,"href":"https:\/\/edublog.educastur.es\/ixuxu\/wp-json\/wp\/v2\/posts\/46708\/revisions\/46716"}],"wp:attachment":[{"href":"https:\/\/edublog.educastur.es\/ixuxu\/wp-json\/wp\/v2\/media?parent=46708"}],"wp:term":[{"taxonomy":"category","embeddable":true,"href":"https:\/\/edublog.educastur.es\/ixuxu\/wp-json\/wp\/v2\/categories?post=46708"},{"taxonomy":"post_tag","embeddable":true,"href":"https:\/\/edublog.educastur.es\/ixuxu\/wp-json\/wp\/v2\/tags?post=46708"}],"curies":[{"name":"wp","href":"https:\/\/api.w.org\/{rel}","templated":true}]}}