{"id":46730,"date":"2025-04-27T16:01:11","date_gmt":"2025-04-27T14:01:11","guid":{"rendered":"https:\/\/edublog.educastur.es\/ixuxu\/?p=46730"},"modified":"2025-04-28T11:40:27","modified_gmt":"2025-04-28T09:40:27","slug":"el-gobiernu-dasturies-entama-un-programa-devaluacion-de-la-biodiversida-nel-parque-nacional-de-los-picos-deuropa","status":"publish","type":"post","link":"https:\/\/edublog.educastur.es\/ixuxu\/2025\/04\/el-gobiernu-dasturies-entama-un-programa-devaluacion-de-la-biodiversida-nel-parque-nacional-de-los-picos-deuropa\/","title":{"rendered":"El Gobiernu d&#8217;Asturies entama un programa d&#8217;evaluaci\u00f3n de la biodiversid\u00e1 nel Parque Nacional de los Picos d&#8217;Europa"},"content":{"rendered":"<p>El Gobiernu d&#8217;Asturies destina 74.000 euros a un programa d&#8217;evaluaci\u00f3n de la biodiversid\u00e1 nel Parque Nacional de los Picos d&#8217;Europa. La iniciativa, financiada con fondos europeos, busca conocer l&#8217;est\u00e1u y distribuci\u00f3n de los distintos h\u00e1bitats y especies d&#8217;esti espaciu protex\u00edu. \u00a0Los datos llograos van integrase nel <span style=\"color: #008080\"><strong>Inventariu Espa\u00f1ol del Patrimoniu Natural y de la Biodiversid\u00e1. <\/strong><\/span><\/p>\n<p style=\"text-align: center\"><a href=\"https:\/\/actualidad.asturias.es\/documents\/537115\/2505130\/1.jpg\/ab5b9f14-44ce-1871-2834-328c8cbc0c09?t=1745236582790\"><img loading=\"lazy\" decoding=\"async\" class=\"aligncenter size-large\" src=\"https:\/\/actualidad.asturias.es\/documents\/537115\/2505130\/1.jpg\/ab5b9f14-44ce-1871-2834-328c8cbc0c09?t=1745236582790\" width=\"967\" height=\"283\" \/><\/a><\/p>\n<p><span style=\"color: #008080\"><strong>Ente los h\u00e1bitats y especies prioritaries a xixilar nel parque nacional de destaquen dalgunes como les turberes o&#8217;l frang\u00fcesos.\u00a0<\/strong><\/span><\/p>\n<p>Fonte: <a href=\"https:\/\/actualidad.asturias.es\/-\/el-gobierno-de-asturias-destina-74.000-euros-a-un-programa-de-evaluaci\u00f3n-de-la-biodiversidad-en-el-parque-nacional-de-los-picos-de-europa?redirect=%2Fnoticias%3Fp_p_id%3Dcom_liferay_asset_publisher_web_portlet_AssetPublisherPortlet_INSTANCE_Pk4uPC5yniIC%26p_p_lifecycle%3D0%26p_p_state%3Dnormal%26p_p_mode%3Dview%26_com_liferay_asset_publisher_web_portlet_AssetPublisherPortlet_INSTANCE_Pk4uPC5yniIC_delta%3D10%26p_r_p_resetCur%3Dfalse%26_com_liferay_asset_publisher_web_portlet_AssetPublisherPortlet_INSTANCE_Pk4uPC5yniIC_cur%3D3&amp;fbclid=IwY2xjawJ3K5NleHRuA2FlbQIxMQBicmlkETFNVEQ5c1Jabm93a0xqaGxQAR5BkkbCR85xD7bqNUSBEABIt9PMnaEAWiSg9p3JMVUZeUDWsC_axCEFk-C32Q_aem_grtCimNGWdKaFpsd9r4B2w\">Actualid\u00e1 Asturies<\/a> \/<\/p>\n<p>&nbsp;<\/p>\n<p><!--more--><\/p>\n<p>La <a href=\"https:\/\/administracion.gob.es\/pagFront\/espanaAdmon\/directorioOrganigramas\/listarOficinas.htm?idUnidOrganica=135138&amp;origenUO=&amp;volver=volverFicha&amp;cIdUdOrganica=A03033892\"><strong><span style=\"color: #008080\">Conseyer\u00eda de Movilid\u00e1, Mediu Ambiente y Xesti\u00f3n d&#8217;Emerxencies<\/span> <\/strong><\/a>va llevar a cabu una evaluaci\u00f3n de la biodiversid\u00e1 nel <a href=\"https:\/\/parquenacionalpicoseuropa.es\"><span style=\"color: #008080\"><strong>Parque Nacional de los Picos d&#8217;Europa<\/strong><\/span><\/a>, al travi\u00e9s d&#8217;un programa de siguimientu vencey\u00e1u al Inventariu Espa\u00f1ol del Patrimoniu Natural y de la Biodiversid\u00e1, qu&#8217;<strong><span style=\"color: #008080\">integra tola informaci\u00f3n de los espacios protex\u00edos del pa\u00eds<\/span><\/strong>. La iniciativa, financi\u00e1u al travi\u00e9s del Plan de Recuperaci\u00f3n, Tresformamientu y Resiliencia con fondos del <strong><span style=\"color: #008080\">programa Next GenerationEU<\/span><\/strong>, cuenta con una inversi\u00f3n de 74.000 euros.<\/p>\n<p>Al travi\u00e9s d&#8217;esti programa, que deriva de l&#8217;aplicaci\u00f3n de la directiva H\u00e1bitats de la UE, <span style=\"color: #008080\"><strong>se monitorizar\u00e1 l&#8217;est\u00e1u de caltenimientu d&#8217;esti tipu d&#8217;espacios y les especies de flora y fauna d&#8217;inter\u00e9s comu\u00f1al<\/strong><\/span>. Los cambeos que se produzan van comunicase al Ministeriu pa la Transici\u00f3n Ecol\u00f3xica y el Retu Demogr\u00e1ficu por que queden recoy\u00edos nel Inventariu Espa\u00f1ol del Patrimoniu Natural y de la Biodiversid\u00e1. .<\/p>\n<p>Ente los h\u00e1bitats y especies prioritaries a xixilar nel parque nacional de destaquen dalgunes como <span style=\"color: #008080\"><strong>les turberes o&#8217;l frang\u00fcesos<\/strong><\/span>. Los trabayos a realizar van dirixixe a la selecci\u00f3n de nueves localizaciones que van dexar aplicar los puntos de siguimientu na aguada asturiana de los Picos d&#8217;Europa.<\/p>\n<p>Va cuntar con m\u00e1s de 200 zones de monitorizaci\u00f3n y va collaborar nos trabayos el personal especializ\u00e1u de la Guarder\u00eda del Mediu Natural. Esti proyectu contrib\u00fai a complementar la rede de siguimientu cola que cunta&#8217;l Princip\u00e1u pa conocer l&#8217;est\u00e1u de caltenimientu y les presiones y amenaces pa los <span style=\"color: #008080\"><strong>h\u00e1bitats d&#8217;inter\u00e9s comu\u00f1al (HIC).<\/strong><\/span><\/p>\n<p>El Gobiernu d&#8217;Asturies desenvuelve dende 2023 un programa de siguimientu y monitorizaci\u00f3n de los distintos h\u00e1bitats y especies d&#8217;inter\u00e9s prioritariu, del que se llogra informaci\u00f3n cartogr\u00e1fica, t\u00e9cnica y anal\u00edtica sobro&#8217;l so est\u00e1u de caltenimientu en tolos sos espacios protex\u00edos. Con esta nueva inversi\u00f3n, compl\u00e9tase l&#8217;\u00e1mbitu territorial d&#8217;esti trabayu cient\u00edficu-t\u00e9cnicu y harmon\u00edcense los criterios de trabayu pa toa Asturies.<\/p>\n<p style=\"text-align: center\"><a href=\"https:\/\/www.miteco.gob.es\/es\/biodiversidad\/servicios\/banco-datos-naturaleza.html\">Bancu de datos de la naturaleza<\/a><\/p>\n<p>&nbsp;<\/p>\n<p style=\"text-align: center\"><a href=\"https:\/\/actualidad.asturias.es\/documents\/537115\/2516288\/2025_04_25+visita+picos+europa+2.jpg\/ac2b62d4-7fdb-f422-21b6-daa682185333?t=1745586721460\"><img loading=\"lazy\" decoding=\"async\" class=\"aligncenter size-large\" src=\"https:\/\/actualidad.asturias.es\/documents\/537115\/2516288\/2025_04_25+visita+picos+europa+2.jpg\/ac2b62d4-7fdb-f422-21b6-daa682185333?t=1745586721460\" width=\"1557\" height=\"1013\" \/><\/a><\/p>\n","protected":false},"excerpt":{"rendered":"<p>El Gobiernu d&#8217;Asturies destina 74.000 euros a un programa d&#8217;evaluaci\u00f3n de la biodiversid\u00e1 nel Parque Nacional de los Picos d&#8217;Europa. La iniciativa, financiada con fondos europeos, busca conocer l&#8217;est\u00e1u y distribuci\u00f3n de los distintos h\u00e1bitats y especies d&#8217;esti espaciu protex\u00edu. \u00a0Los datos llograos van integrase nel Inventariu Espa\u00f1ol del Patrimoniu Natural y de la Biodiversid\u00e1. [&hellip;]<\/p>\n","protected":false},"author":117,"featured_media":0,"comment_status":"open","ping_status":"open","sticky":false,"template":"","format":"standard","meta":{"footnotes":""},"categories":[1],"tags":[],"class_list":["post-46730","post","type-post","status-publish","format-standard","hentry","category-sin-categoria"],"_links":{"self":[{"href":"https:\/\/edublog.educastur.es\/ixuxu\/wp-json\/wp\/v2\/posts\/46730","targetHints":{"allow":["GET"]}}],"collection":[{"href":"https:\/\/edublog.educastur.es\/ixuxu\/wp-json\/wp\/v2\/posts"}],"about":[{"href":"https:\/\/edublog.educastur.es\/ixuxu\/wp-json\/wp\/v2\/types\/post"}],"author":[{"embeddable":true,"href":"https:\/\/edublog.educastur.es\/ixuxu\/wp-json\/wp\/v2\/users\/117"}],"replies":[{"embeddable":true,"href":"https:\/\/edublog.educastur.es\/ixuxu\/wp-json\/wp\/v2\/comments?post=46730"}],"version-history":[{"count":2,"href":"https:\/\/edublog.educastur.es\/ixuxu\/wp-json\/wp\/v2\/posts\/46730\/revisions"}],"predecessor-version":[{"id":46935,"href":"https:\/\/edublog.educastur.es\/ixuxu\/wp-json\/wp\/v2\/posts\/46730\/revisions\/46935"}],"wp:attachment":[{"href":"https:\/\/edublog.educastur.es\/ixuxu\/wp-json\/wp\/v2\/media?parent=46730"}],"wp:term":[{"taxonomy":"category","embeddable":true,"href":"https:\/\/edublog.educastur.es\/ixuxu\/wp-json\/wp\/v2\/categories?post=46730"},{"taxonomy":"post_tag","embeddable":true,"href":"https:\/\/edublog.educastur.es\/ixuxu\/wp-json\/wp\/v2\/tags?post=46730"}],"curies":[{"name":"wp","href":"https:\/\/api.w.org\/{rel}","templated":true}]}}