{"id":46731,"date":"2025-04-25T08:30:41","date_gmt":"2025-04-25T06:30:41","guid":{"rendered":"https:\/\/edublog.educastur.es\/ixuxu\/?p=46731"},"modified":"2025-04-25T10:23:25","modified_gmt":"2025-04-25T08:23:25","slug":"el-tiempu-nasturies-el-comercio-7","status":"publish","type":"post","link":"https:\/\/edublog.educastur.es\/ixuxu\/2025\/04\/el-tiempu-nasturies-el-comercio-7\/","title":{"rendered":"El tiempu n&#8217;Asturies (El Comercio)"},"content":{"rendered":"<p style=\"text-align: center\"><a href=\"https:\/\/s1.ppllstatics.com\/elcomercio\/www\/multimedia\/2025\/04\/24\/prevision-tiempo-asturias-kYOB-U2301404163085IHH-1850x840@El%20Comercio.jpg\"><img loading=\"lazy\" decoding=\"async\" class=\"aligncenter size-large\" src=\"https:\/\/s1.ppllstatics.com\/elcomercio\/www\/multimedia\/2025\/04\/24\/prevision-tiempo-asturias-kYOB-U2301404163085IHH-1850x840@El%20Comercio.jpg\" width=\"1850\" height=\"837\" \/><\/a>Fonte: <a href=\"https:\/\/www.elcomercio.es\/asturias\/tiempo-asturias-viernes-25-abril-20250424181613-nt.html\">El Comercio<\/a><\/p>\n<p><!--more--><\/p>\n<p><strong>Vamos amanecer<\/strong> con cielos pocu nublos polo xeneral, sacantes delles borrines en zones del centru d&#8217;Asturies principalmente. Estes borrines, comoquier, van sumir cola meyora de la ma\u00f1ana polo que&#8217;l sol va acabar rellumando en pr\u00e1cticamente tol Princip\u00e1u.<\/p>\n<p>Pero <strong>a partir del mediud\u00eda<\/strong> van entrar nubes pel sur y l&#8217;oeste que se van estender a tola Comunid\u00e1 Aut\u00f3noma mientres la segunda met\u00e1 de la xornada. Esta nubosid\u00e1 va dexar bastios d&#8217;orixe tormentosu que van afectar a munchos puntos de la rex\u00f3n pudiendo descargar localmente con cierta fuerza (sobremanera nel cordal).<\/p>\n<p><strong>Los vientos<\/strong> van soplar de componente este na mari\u00f1a pela ma\u00f1ana, pero acabar\u00e1n afit\u00e1ndose de noroeste pela tarde en toa Asturies.<\/p>\n<p><strong> Les temperatures m\u00e1ximes<\/strong> van xubir un pocu nel oriente, van baxar nel occidente, y van caltenese nel centru.<\/p>\n<p><strong>Les m\u00ednimes<\/strong>, sicas\u00ed, van xubir de forma xeneralizada.<\/p>\n<p><strong> El s\u00e1badu<\/strong> vamos empezar el d\u00eda con nubes y delles precipitaciones d\u00e9biles que van ser m\u00e1s probables y frecuentes escontra&#8217;l sector oriental. Esta inestabilid\u00e1 va unviar col pasu de les hores y, a lo llargo de la tarde, nun se refuga la posibilid\u00e1 de que puedan dise abriendo delles escamplaes. Les temperatures van baxar tanto les m\u00e1ximes como les m\u00ednimes.<\/p>\n<p><strong> El domingu<\/strong> va ser un d\u00eda soleyeru y, los primeros d\u00edes de la pr\u00f3xima selmana, esperamos temperatures que podr\u00eden devasar los 25 \u00baC.<\/p>\n","protected":false},"excerpt":{"rendered":"<p>Fonte: El Comercio<\/p>\n","protected":false},"author":117,"featured_media":0,"comment_status":"open","ping_status":"open","sticky":false,"template":"","format":"standard","meta":{"footnotes":""},"categories":[1,5],"tags":[],"class_list":["post-46731","post","type-post","status-publish","format-standard","hentry","category-sin-categoria","category-tiempu"],"_links":{"self":[{"href":"https:\/\/edublog.educastur.es\/ixuxu\/wp-json\/wp\/v2\/posts\/46731","targetHints":{"allow":["GET"]}}],"collection":[{"href":"https:\/\/edublog.educastur.es\/ixuxu\/wp-json\/wp\/v2\/posts"}],"about":[{"href":"https:\/\/edublog.educastur.es\/ixuxu\/wp-json\/wp\/v2\/types\/post"}],"author":[{"embeddable":true,"href":"https:\/\/edublog.educastur.es\/ixuxu\/wp-json\/wp\/v2\/users\/117"}],"replies":[{"embeddable":true,"href":"https:\/\/edublog.educastur.es\/ixuxu\/wp-json\/wp\/v2\/comments?post=46731"}],"version-history":[{"count":4,"href":"https:\/\/edublog.educastur.es\/ixuxu\/wp-json\/wp\/v2\/posts\/46731\/revisions"}],"predecessor-version":[{"id":46741,"href":"https:\/\/edublog.educastur.es\/ixuxu\/wp-json\/wp\/v2\/posts\/46731\/revisions\/46741"}],"wp:attachment":[{"href":"https:\/\/edublog.educastur.es\/ixuxu\/wp-json\/wp\/v2\/media?parent=46731"}],"wp:term":[{"taxonomy":"category","embeddable":true,"href":"https:\/\/edublog.educastur.es\/ixuxu\/wp-json\/wp\/v2\/categories?post=46731"},{"taxonomy":"post_tag","embeddable":true,"href":"https:\/\/edublog.educastur.es\/ixuxu\/wp-json\/wp\/v2\/tags?post=46731"}],"curies":[{"name":"wp","href":"https:\/\/api.w.org\/{rel}","templated":true}]}}