{"id":46756,"date":"2025-04-27T16:04:30","date_gmt":"2025-04-27T14:04:30","guid":{"rendered":"https:\/\/edublog.educastur.es\/ixuxu\/?p=46756"},"modified":"2025-04-29T19:50:44","modified_gmt":"2025-04-29T17:50:44","slug":"cultura-presental-programa-dactos-de-la-46-selmana-de-les-lletres-asturianes","status":"publish","type":"post","link":"https:\/\/edublog.educastur.es\/ixuxu\/2025\/04\/cultura-presental-programa-dactos-de-la-46-selmana-de-les-lletres-asturianes\/","title":{"rendered":"La 46\u00aa Selmana de les Lletres Asturianes homenaxa a Xos\u00e9 \u00c1lvarez \u00abPin\u00bb"},"content":{"rendered":"<ul>\n<li>\ud83d\uddd3\ufe0f La<span style=\"color: #008080\"><strong> Selmana de les Lletres Asturianes<\/strong><\/span> ye l&#8217;actu cultural m\u00e1s importante del a\u00f1u pa la promoci\u00f3n de les lling\u00fces y la cultura d&#8217;Asturies.\u00a0<strong>Descarga equ\u00ed&#8217;l\u00a0<a href=\"https:\/\/politicallinguistica.asturias.es\/documents\/35940\/450635\/Programa+actos+46+Selmana+de+les+Lletres+Asturianes.pdf\/54040754-fe19-c405-862d-e3eae023ee72?t=1745825430394\" target=\"_blank\" rel=\"noopener\">programa d&#8217;actos de la 46 Selmana de les Lletres Asturianes<\/a>.<\/strong><\/li>\n<\/ul>\n<p style=\"text-align: center\"><a href=\"https:\/\/actualidad.asturias.es\/documents\/537115\/2518269\/Selmana+de+les+lletres.jpg\/b9eeaf46-1c6f-ae57-e7e9-a7f8a59e78d8?t=1745661073136\"><img loading=\"lazy\" decoding=\"async\" class=\"aligncenter size-large\" src=\"https:\/\/actualidad.asturias.es\/documents\/537115\/2518269\/Selmana+de+les+lletres.jpg\/b9eeaf46-1c6f-ae57-e7e9-a7f8a59e78d8?t=1745661073136\" width=\"674\" height=\"943\" \/><\/a><\/p>\n<ul>\n<li><a href=\"https:\/\/actualidad.asturias.es\/documents\/537115\/2518269\/Selmana+de+les+lletres.jpg\/b9eeaf46-1c6f-ae57-e7e9-a7f8a59e78d8?t=1745661073136\">Cartelu<\/a> \/<a href=\"https:\/\/actualidad.asturias.es\/-\/cultura-presenta-el-programa-de-actos-de-la-46-selmana-de-les-lletres-asturianes-que-homenajea-a-xos\u00e9-\u00c1lvarez-pin-exponente-de-la-literatura-asturiana-de-la-di\u00e1spora?redirect=%2Fnoticias\"> Actualid\u00e1 Asturies<\/a> \/<\/li>\n<\/ul>\n<div class=\"description\">\n<p>Cultura presenta\u2019l programa d\u2019actos de la 46 Selmana de les Lletres Asturianes, qu\u2019homenaxa a Xos\u00e9 \u00c1lvarez, Pin, esponente de la lliteratura asturiana de la di\u00e1spora.<\/p>\n<ul>\n<li class=\"Tabulaciones1\">La conseyer\u00eda edita l\u2019antolox\u00eda\u00a0<i>Per toa tierra<\/i>\u00a0cola que quier rindir homenaxe a la emigraci\u00f3n y el so papel como difusora de la cultura asturiana<\/li>\n<li class=\"Entradilla\">El maestru \u00d3liver D\u00edaz va dirixir a la OSPA nel\u00a0<i>Conciertu de les Lletres Asturianes<\/i><\/li>\n<li class=\"Entradilla\">Los actos, qu\u2019incluyen presentaciones de llibros, conciertos, la entrega de premios de cert\u00e1menes escolares o la inauguraci\u00f3n d\u2019una esposici\u00f3n y l\u2019estrenu d\u2019un documental, cel\u00e9brense en Balmonte, Uvi\u00e9u, Cand\u00e1s, Tapia y Madrid<\/li>\n<\/ul>\n<p><!--more--><\/p>\n<p>La\u00a0<i>Selmana de les Lletres Asturianes<\/i>, organizada pol Gobiernu d\u2019Asturies dende hai 46 ediciones, rinde homenaxe esti a\u00f1u a Xos\u00e9 \u00c1lvarez,\u00a0<i>Pin<\/i>\u00a0(1948-2001), figura clave na primer promoci\u00f3n del Surdimientu y \u00fan de los m\u00e1ximos exponentes de la lliteratura asturiana de la di\u00e1spora.<\/p>\n<p>Pin mantuvo viva la cultura asturiana dende Arxentina, pa onde emigr\u00f3 bien mozu, y m\u00e1s tarde dende Madrid, onde sigui\u00f3 nutriendo la lliteratura infantil en llingua asturiana y vincul\u00f3se a asociaciones mui actives na defensa de les lling\u00fces y cultura d\u2019Asturies. El llibru\u00a0<i>Xos\u00e9 \u00c1lvarez, Pin. Asturies siempre<\/i>\u00a0y el documental\u00a0<i>Xos\u00e9 \u00c1lvarez y el Conceyu d\u2019Asturies en Madrid<\/i>, editaos pol Gobiernu asturianu pa la ocasi\u00f3n, analicen con detalle la trayectoria d\u2019un autor que s\u2019adelant\u00f3 cuasi nuna d\u00e9cada al\u00a0<i>Surdimientu<\/i>, escribiendo\u2019l so primer cuentu n\u2019asturianu en 1966, con 18 a\u00f1os.<\/p>\n<p>&nbsp;<\/p>\n<p>L&#8217;actu institucional de la\u00a0<i>Selmana<\/i>\u00a0va celebrase\u2019l d\u00eda 5 de mayu en Balmonte, conceyu natal de Xos\u00e9 \u00c1lvarez, onde se va descubrise una placa conmemorativa y va inaugurase una esposici\u00f3n representativa del so leg\u00e1u qu\u2019incl\u00fai numberosos testimonios gr\u00e1ficos de la so vida y obra. Un conciertu homenaxe al cargu del cantautor Rafa Lorenzo, nel que va estrenase un cantar dedic\u00e1u a Pin, va zarrar los actos d\u2019esti d\u00eda.<\/p>\n<p>&nbsp;<\/p>\n<p>Pin recibi\u00f3\u2019l Premiu \u00abUrogallo de Bronce\u00bb na categor\u00eda lliteraria del Centru Asturiani de Madrid en 1990, y dio nome a un concursu de cuentos n\u2019asturianu que convocaba esi mesmu centru nos primeros a\u00f1os del sieglu\u00a0xxi. Por ello, Madrid va acoyer nesta ocasi\u00f3n l\u2019actu de piesllu de la\u00a0<i>Selmana de les Lletres<\/i>, el d\u00eda 14 de mayu y cola presentaci\u00f3n d\u2019otra obra que\u2019l Gobiernu asturianu edita pa poner en valor la lliteratura asturiana vinculada a la emigraci\u00f3n:\u00a0<i>Per toa tierra<\/i>, antolox\u00eda coordinada por Arantza Margolles Beran y que se va distribuyor a tolos centros asturianos. Esti llibru, dedic\u00e1u a la emigraci\u00f3n asturiana, pon en valor la lliteratura escrita n\u2019asturianu vinculada a la di\u00e1spora. Con esti volume quier rindise homenaxe a la emigraci\u00f3n, abordada por diversos autores de diferentes xeneraciones.<\/p>\n<p>A esta celebraci\u00f3n organizada pol Gobiernu d\u2019Asturies \u00fanense m\u00faltiples instituciones y participen de manera especial los centros educativos, les llibrer\u00edes, les editoriales o los escritores. El programa d\u2019actos incl\u00fai am\u00e1s la celebraci\u00f3n d\u2019un conciertu de la Orquesta Sinf\u00f3nica del Princip\u00e1u d\u2019Asturies, que baxo la batuta del maestru \u00d3liver D\u00edaz, va interpretar obres de Falla, Bizet, Korsakov o Lauret. Les invitaciones pa esti conciertu pueden retirase de baldre dende\u2019l 28 d\u2019abril na p\u00e1xina web de la OSPA.<\/p>\n<p>Con motivu de la 46 Selmana de les Lletres Asturianes, la Conseyer\u00eda de Cultura, Pol\u00edtica Lling\u00fc\u00edstica y Deporte edita asina mesmo\u2019l poemariu n\u2019eonaviegu El equilibrio delicado del fun\u00e1mbulo, de Conchita \u00c1lvarez Lebredo, que va presentase\u2019l 10 de mayu en Tapia nun actu que va incluyir tami\u00e9n la representaci\u00f3n del espect\u00e1culu de danza El viaxe del andol\u00eda, qu\u2019a cargu de Produccines Nun Tris aborda\u2019l fen\u00f3menu de la emigraci\u00f3n dende una perspectiva contempor\u00e1nea.<\/p>\n<p>Esti poemariu pal estremu occidental d\u2019Asturies, y el y\u00e1 cit\u00e1u Xos\u00e9 \u00c1lvarez, Pin. Asturies siempre pal restu de la comunid\u00e1, son les obres que se van poner a disposici\u00f3n de baldre pa les persones que compren un llibru o un discu n\u2019asturianu o n\u2019eonaviegu\u2019l vienres 9 de mayu, D\u00eda de les Lletres Asturianes. Cincuenta llibrer\u00edes y tiendas de discos del Princip\u00e1u d\u2019Asturies collaboren esti a\u00f1u cola Conseyer\u00eda de Cultura na promoci\u00f3n y celebraci\u00f3n de Les Lletres.<\/p>\n<\/div>\n<p>&nbsp;<\/p>\n<div class=\"contenido-article documentacion\">\n<ul>\n<li><a class=\"pdf\" title=\"Programa de actos 46 Selmana de les Lletres Asturianes. Abre una nueva ventana\" href=\"https:\/\/actualidad.asturias.es\/documents\/533407\/0\/Programa+actos+46+Selmana+de+les+Lletres+Asturianes%281%29+%281%29.pdf\/fdc45faf-0d41-0cd2-fd21-2c5fde939c2f?t=1745665929566\" target=\"_blank\" rel=\"noopener\">\u00a0Programa de actos 46 Selmana de les Lletres Asturianes<\/a><\/li>\n<li><a class=\"pdf\" title=\"Cartel de la Selmana de les Lletres Asturianes. Abre una nueva ventana\" href=\"https:\/\/actualidad.asturias.es\/documents\/533407\/0\/SELMANA_LLETRES_25_CARTEL_DIGITAL_CASTELLANO.pdf\/5a972ffd-f866-4398-b262-94a7ea26a938?t=1745660942635\" target=\"_blank\" rel=\"noopener\">\u00a0Cartel de la Selmana de les Lletres Asturianes<\/a><\/li>\n<li><a class=\"pdf\" title=\"Cartel de la Selmana de les Lletres Asturianes Eonaviego. Abre una nueva ventana\" href=\"https:\/\/actualidad.asturias.es\/documents\/533407\/0\/SELMANA_LLETRES_25_CARTEL_DIGITAL_eonaviego.pdf\/076d2367-88c9-33fe-b3d3-ee8cec2bf05a?t=1745660967267\" target=\"_blank\" rel=\"noopener\">\u00a0Cartel de la Selmana de les Lletres Asturianes Eonaviego<\/a><\/li>\n<li><a class=\"pdf\" title=\"NP 46 Selmana de les Lletres Asturianes. Abre una nueva ventana\" href=\"https:\/\/actualidad.asturias.es\/documents\/533407\/0\/2025_04_25+NP+46+Selmana+de+les+Lletres+Asturianes+%281%29.pdf\/54b0b2ac-194a-17a7-b204-333864520f0b?t=1745665942124\" target=\"_blank\" rel=\"noopener\">\u00a0NP 46 Selmana de les Lletres Asturianes<\/a><\/li>\n<\/ul>\n<p style=\"text-align: center\"><span class=\"html-span xexx8yu x4uap5 x18d9i69 xkhd6sd x1hl2dhg x16tdsg8 x1vvkbs x3nfvp2 x1j61x8r x1fcty0u xdj266r xat24cr xgzva0m xhhsvwb xxymvpz xlup9mm x1kky2od\">\n<!-- iframe plugin v.6.0 wordpress.org\/plugins\/iframe\/ -->\n<iframe loading=\"lazy\" src=\"https:\/\/www.instagram.com\/reel\/DI8zBJWICQN\/embed\" width=\"400\" height=\"525\" 0=\"\/iframe\" scrolling=\"yes\" class=\"iframe-class\" frameborder=\"0\"><\/iframe>\n<\/span><\/p>\n<div class=\"_aasi\">\n<div class=\"x9f619 xjbqb8w x78zum5 x168nmei x13lgxp2 x5pf9jr xo71vjh x1n2onr6 x1plvlek xryxfnj x1c4vz4f x2lah0s x1q0g3np xqjyukv x6s0dn4 x1oa3qoh x1qughib\">\n<header class=\"_aaqw\">\n<div>\n<div class=\"x9f619 xjbqb8w x78zum5 x168nmei x13lgxp2 x5pf9jr xo71vjh x1n2onr6 x1plvlek xryxfnj x1c4vz4f x2lah0s xdt5ytf xqjyukv xuk3077 x1oa3qoh x1nhvcw1\">\n<div class=\"x1qjc9v5 xvbhtw8 x14yjl9h xudhj91 x18nykt9 xww2gxu x972fbf xcfux6l x1qhh985 xm0m39n x9f619 x78zum5 xdt5ytf x2lah0s xk390pu x1923su1 xdj266r x11i5rnm xat24cr x1mh8g0r x4p5aij x19um543 x1j85h84 x1m6msm x10l6tqk xfr5jun x11njtxf\">\n<ul>\n<li class=\"x9f619 xjbqb8w x78zum5 x168nmei x13lgxp2 x5pf9jr xo71vjh x1uhb9sk x1plvlek xryxfnj x1c4vz4f x2lah0s x1q0g3np xqjyukv x1cy8zhl x1oa3qoh x1nhvcw1\"><a class=\"x1i10hfl xjbqb8w x1ejq31n xd10rxx x1sy0etr x17r0tee x972fbf xcfux6l x1qhh985 xm0m39n x9f619 x1ypdohk xt0psk2 xe8uvvx xdj266r x11i5rnm xat24cr x1mh8g0r xexx8yu x4uap5 x18d9i69 xkhd6sd x16tdsg8 x1hl2dhg xggy1nq x1a2a7pz _acan _acao _acat _acaw _aj1- _ap30 _a6hd\" role=\"link\" href=\"https:\/\/www.instagram.com\/culturaast\/?hl=es\">culturaast<\/a>y <a class=\"x1i10hfl xjbqb8w x1ejq31n xd10rxx x1sy0etr x17r0tee x972fbf xcfux6l x1qhh985 xm0m39n x9f619 x1ypdohk xt0psk2 xe8uvvx xdj266r x11i5rnm xat24cr x1mh8g0r xexx8yu x4uap5 x18d9i69 xkhd6sd x16tdsg8 x1hl2dhg xggy1nq x1a2a7pz _acan _acao _acat _acaw _aj1- _ap30 _a6hd\" role=\"link\" href=\"https:\/\/www.instagram.com\/avanessagutierrez\/?hl=es\">avanessagutierrez5<\/a><\/li>\n<\/ul>\n<\/div>\n<\/div>\n<\/div>\n<\/header>\n<\/div>\n<\/div>\n<div class=\"x78zum5 xdt5ytf x1q2y9iw x1n2onr6 xh8yej3 x9f619 x1iyjqo2 x18l3tf1 x26u7qi xy80clv xexx8yu x4uap5 x18d9i69 xkhd6sd\">\n<div class=\"x78zum5 xdt5ytf x1iyjqo2 xs83m0k x2lwn1j x1odjw0f x1n2onr6 x9ek82g x6ikm8r xdj266r x11i5rnm x4ii5y1 x1mh8g0r xexx8yu x1pi30zi x18d9i69 x1swvt13\">\n<div class=\"x1qjc9v5 x972fbf xcfux6l x1qhh985 xm0m39n x9f619 x78zum5 xdt5ytf x2lah0s xk390pu xdj266r x11i5rnm xat24cr x1mh8g0r xexx8yu x4uap5 x18d9i69 xkhd6sd x1n2onr6 xggy1nq x11njtxf\" role=\"button\">\n<div class=\"_a9zm\">\n<div class=\"_a9zn _a9zo\">\n<div class=\"_a9zr\">\n<div class=\"xt0psk2\">\n<ul>\n<li><span style=\"color: #008080\"><strong>La 46\u00aa Selmana de les Lletres Asturianes homenaxa a Xos\u00e9 \u00c1lvarez \u00abPin\u00bb <\/strong><\/span>\ud83d\uddd3\ufe0f <strong>La Selmana de les Lletres Asturianes ye l&#8217;actu cultural m\u00e1s importante del a\u00f1u pa la promoci\u00f3n de les lling\u00fces y la cultura d&#8217;Asturies.<\/strong> Cada mes de mayu, reconocemos la trayectoria de figures que dexaron una buelga fonda na lliteratura asturiana.\ud83d\udc99\ud83d\udc9b Esti 2025, la 46\u00aa edici\u00f3n ta dedicada a Xos\u00e9 \u00c1lvarez \u00abPin\u00bb (1948\u20132001), <strong>\u00fan de los pioneros del Surdimientu lliterariu, emigrante a Arxentina y activista cultural en Madrid.<\/strong> Pin escribi\u00f3&#8217;l so primer cuentu n&#8217;asturianu en 1966 foi pieza clave del Conceyu d&#8217;Asturies en Madrid y gan\u00f3&#8217;l Premiu Urogallo de Bronce pol so llabor cultural.\ud83d\uddd2\ufe0fLa programaci\u00f3n d&#8217;esti a\u00f1u vien cargada d&#8217;actividaes nel so honor destacando: 5\ufe0f\u20e3 de mayu en Balmonte: actu institucional, descubrimientu d&#8217;una placa n&#8217;honor de Pin y inauguraci\u00f3n d&#8217;una esposici\u00f3n sobre la so vida y obra. \ud83c\udfb6 Conciertu de Rafa Lorenzo, que va estrenar un cantar dedic\u00e1u a Pin. \ud83d\udcda Presentaci\u00f3n del llibru \u00abXos\u00e9 \u00c1lvarez, Pin. Asturies siempre\u00bb y estrenu del documental \u00abXos\u00e9 \u00c1lvarez y el Conceyu d&#8217;Asturies en Madrid\u00bb. 1\ufe0f\u20e34\ufe0f\u20e3 de mayu en Madrid: actu de zarru cola presentaci\u00f3n de l&#8217;antolox\u00eda \u00abPer toa tierra, un homenaxe a la lliteratura asturiana de la di\u00e1spora\u00bb.\ud83c\udf0e Esta edici\u00f3n quier <strong>dar visibilid\u00e1 al papel de la emigraci\u00f3n asturiana nel mantenimientu y proyecci\u00f3n de la nuestra cultura y les nuestres lling\u00fces nel mundu.<\/strong> Un reconocimientu merec\u00edu a toles persones que, como Pin, nun dexaron que la so llingua y la so cultura morriere, anque tuvieren llo\u00f1e d&#8217;Asturies.<\/li>\n<\/ul>\n<div dir=\"auto\">\n<div dir=\"auto\"><strong>Y\u00e1 ta disponible la informaci\u00f3n sobre la 46 Selmana de les Lletres Asturianes, dedicada al escritor Xos\u00e9 \u00c1lvarez, Pin.<\/strong> La celebraci\u00f3n incluye una esposici\u00f3n en Balmonte, conceyu natal del autor, un conciertu de la OSPA y la presentaci\u00f3n del llibru y el documental conmemorativu sobre l&#8217;autor. Am\u00e1s, va facese un actu en Tapia y otru nel Centru Asturianu de Madrid; y va llevase a cabu tami\u00e9n l&#8217;actu de reconocimientu a los ganadores de los cert\u00e1menes escolares de creaci\u00f3n art\u00edstico-literaria y audiovisual y de cartelismu, teatru y podcast.<\/div>\n<div dir=\"auto\"><\/div>\n<div dir=\"auto\">El programa trai tami\u00e9n los actos entamaos por dellos conceyos de la Rede de Normalizaci\u00f3n.<\/div>\n<div dir=\"auto\">M\u00e1s informaci\u00f3n: <span class=\"html-span xdj266r x11i5rnm xat24cr x1mh8g0r xexx8yu x4uap5 x18d9i69 xkhd6sd x1hl2dhg x16tdsg8 x1vvkbs\"><a class=\"x1i10hfl xjbqb8w x1ejq31n xd10rxx x1sy0etr x17r0tee x972fbf xcfux6l x1qhh985 xm0m39n x9f619 x1ypdohk xt0psk2 xe8uvvx xdj266r x11i5rnm xat24cr x1mh8g0r xexx8yu x4uap5 x18d9i69 xkhd6sd x16tdsg8 x1hl2dhg xggy1nq x1a2a7pz xkrqix3 x1sur9pj x1fey0fg x1s688f\" role=\"link\" href=\"https:\/\/politicallinguistica.asturias.es\/-\/programa-d-actos-de-la-46-selmana-de-les-lletres-asturianes-dedicada-a-xos-c3-a9-c3-81lvarez-pin?redirect=%2F&amp;fbclid=IwZXh0bgNhZW0CMTAAYnJpZBExTVREOXNSWm5vd2tMamhsUAEeyKSU0aFv9mcUkhpYVnUj5vTCowpbjtFm__8nCfVBBUWfscA8E-6q-mJnZNU_aem_jFFaIH65JLNT2gvTsR_yEg\" target=\"_blank\" rel=\"nofollow noopener noreferrer\">https:\/\/politicallinguistica.asturias.es\/&#8230;\/programa-d&#8230;<\/a><\/span><\/div>\n<div dir=\"auto\"><\/div>\n<\/div>\n<\/div>\n<\/div>\n<\/div>\n<\/div>\n<\/div>\n<\/div>\n<\/div>\n<\/div>\n","protected":false},"excerpt":{"rendered":"<p>\ud83d\uddd3\ufe0f La Selmana de les Lletres Asturianes ye l&#8217;actu cultural m\u00e1s importante del a\u00f1u pa la promoci\u00f3n de les lling\u00fces y la cultura d&#8217;Asturies.\u00a0Descarga equ\u00ed&#8217;l\u00a0programa d&#8217;actos de la 46 Selmana de les Lletres Asturianes. Cartelu \/ Actualid\u00e1 Asturies \/ Cultura presenta\u2019l programa d\u2019actos de la 46 Selmana de les Lletres Asturianes, qu\u2019homenaxa a Xos\u00e9 \u00c1lvarez, [&hellip;]<\/p>\n","protected":false},"author":117,"featured_media":0,"comment_status":"open","ping_status":"open","sticky":false,"template":"","format":"standard","meta":{"footnotes":""},"categories":[144],"tags":[],"class_list":["post-46756","post","type-post","status-publish","format-standard","hentry","category-semana-de"],"_links":{"self":[{"href":"https:\/\/edublog.educastur.es\/ixuxu\/wp-json\/wp\/v2\/posts\/46756","targetHints":{"allow":["GET"]}}],"collection":[{"href":"https:\/\/edublog.educastur.es\/ixuxu\/wp-json\/wp\/v2\/posts"}],"about":[{"href":"https:\/\/edublog.educastur.es\/ixuxu\/wp-json\/wp\/v2\/types\/post"}],"author":[{"embeddable":true,"href":"https:\/\/edublog.educastur.es\/ixuxu\/wp-json\/wp\/v2\/users\/117"}],"replies":[{"embeddable":true,"href":"https:\/\/edublog.educastur.es\/ixuxu\/wp-json\/wp\/v2\/comments?post=46756"}],"version-history":[{"count":6,"href":"https:\/\/edublog.educastur.es\/ixuxu\/wp-json\/wp\/v2\/posts\/46756\/revisions"}],"predecessor-version":[{"id":46990,"href":"https:\/\/edublog.educastur.es\/ixuxu\/wp-json\/wp\/v2\/posts\/46756\/revisions\/46990"}],"wp:attachment":[{"href":"https:\/\/edublog.educastur.es\/ixuxu\/wp-json\/wp\/v2\/media?parent=46756"}],"wp:term":[{"taxonomy":"category","embeddable":true,"href":"https:\/\/edublog.educastur.es\/ixuxu\/wp-json\/wp\/v2\/categories?post=46756"},{"taxonomy":"post_tag","embeddable":true,"href":"https:\/\/edublog.educastur.es\/ixuxu\/wp-json\/wp\/v2\/tags?post=46756"}],"curies":[{"name":"wp","href":"https:\/\/api.w.org\/{rel}","templated":true}]}}