{"id":46758,"date":"2025-04-26T16:00:55","date_gmt":"2025-04-26T14:00:55","guid":{"rendered":"https:\/\/edublog.educastur.es\/ixuxu\/?p=46758"},"modified":"2025-04-27T22:00:29","modified_gmt":"2025-04-27T20:00:29","slug":"46758","status":"publish","type":"post","link":"https:\/\/edublog.educastur.es\/ixuxu\/2025\/04\/46758\/","title":{"rendered":"Dispidida de Xicu&#8217;l Papa Francisco n&#8217;asturianu"},"content":{"rendered":"<p style=\"text-align: center\">\n<!-- iframe plugin v.6.0 wordpress.org\/plugins\/iframe\/ -->\n<iframe loading=\"lazy\" src=\"https:\/\/www.facebook.com\/plugins\/post.php?href=https%3A%2F%2Fwww.facebook.com%2Fneto.garciadelcastillo%2Fposts%2Fpfbid02RBUtkK2TdBajqAXUpqRMfJDFukf4nLvXppyjFGT93ujG9kbjeB7MrU2nLFucCtpXl&#038;show_text=false&#038;width=500\" width=\"500\" height=\"147\" style=\"border:none;overflow:hidden\" scrolling=\"no\" frameborder=\"0\" allowfullscreen=\"true\" allow=\"autoplay; clipboard-write; encrypted-media; picture-in-picture; web-share\" 0=\"\/iframe\" class=\"iframe-class\"><\/iframe>\n<\/p>\n<ul>\n<li><a href=\"http:\/\/Neto Garc\u00eda del Castillo\">Imaxe Neto<\/a> \/ <a class=\"x1i10hfl xjbqb8w x1ejq31n xd10rxx x1sy0etr x17r0tee x972fbf xcfux6l x1qhh985 xm0m39n x9f619 x1ypdohk xt0psk2 xe8uvvx xdj266r x11i5rnm xat24cr x1mh8g0r xexx8yu x4uap5 x18d9i69 xkhd6sd x16tdsg8 x1hl2dhg xggy1nq x1a2a7pz xkrqix3 x1sur9pj xzsf02u x1s688f\" role=\"link\" href=\"https:\/\/www.facebook.com\/neto.garciadelcastillo?__cft__[0]=AZUUjKNdMiL3pmfsGxG5kMBtgxwY0zjYMy8WLzr5q0Bgr6FT8Pn61fRUhqUTTBHtoLArKs4uXmRhKlNNIanQAtMwYic8CorEE2a3napDyneDB1O3hdiGxIUw-PB2OJFfQWIuur4fUmr0I82bo1n5QWiv4xwIH9ns3ze0ePxbNfFHGH34G4-9e5H1bOO4RndnAfA&amp;__tn__=-UC*F\">Neto Garc\u00eda del Castillo<\/a>\/<\/li>\n<\/ul>\n<p><!--more--><\/p>\n<p style=\"text-align: center\">\n<!-- iframe plugin v.6.0 wordpress.org\/plugins\/iframe\/ -->\n<iframe loading=\"lazy\" src=\"https:\/\/www.facebook.com\/plugins\/video.php?height=476&#038;href=https%3A%2F%2Fwww.facebook.com%2Freel%2F980799600930618%2F&#038;show_text=false&#038;width=267&#038;t=0\" width=\"267\" height=\"476\" style=\"border:none;overflow:hidden\" scrolling=\"no\" frameborder=\"0\" allowfullscreen=\"true\" allow=\"autoplay; clipboard-write; encrypted-media; picture-in-picture; web-share\" 0=\"\/iframe\" class=\"iframe-class\"><\/iframe>\n<\/p>\n<ul>\n<li><a href=\"https:\/\/www.facebook.com\/reel\/980799600930618\">Reel<\/a> \/ L&#8217;italiano, llingua de base llatina<\/li>\n<\/ul>\n<p style=\"text-align: center\">\n<!-- iframe plugin v.6.0 wordpress.org\/plugins\/iframe\/ -->\n<iframe loading=\"lazy\" src=\"https:\/\/www.facebook.com\/plugins\/video.php?height=476&#038;href=https%3A%2F%2Fwww.facebook.com%2Freel%2F980799600930618%2F&#038;show_text=false&#038;width=267&#038;t=0\" width=\"267\" height=\"476\" style=\"border:none;overflow:hidden\" scrolling=\"no\" frameborder=\"0\" allowfullscreen=\"true\" allow=\"autoplay; clipboard-write; encrypted-media; picture-in-picture; web-share\" 0=\"\/iframe\" class=\"iframe-class\"><\/iframe>\n<\/p>\n<p style=\"text-align: center\"><span style=\"font-size: 24px;color: #800080\"><strong><em>Non temes al tiempu, naide ye eternu..<\/em><\/strong><\/span><br \/>\n<span style=\"font-size: 24px;color: #800080\"><strong><em>Non temes a les fer\u00edes, f\u00e1ente m\u00e1s fuerte.<\/em><\/strong><\/span><br \/>\n<span style=\"font-size: 24px;color: #800080\"><strong><em>Non temes al lloru, ll\u00edmpiate l&#8217;alma.<\/em><\/strong><\/span><br \/>\n<span style=\"font-size: 24px;color: #800080\"><strong><em>Nun lu tarrezas a los retos, f\u00e1ente m\u00e1s axilosu.<\/em><\/strong><\/span><br \/>\n<span style=\"font-size: 24px;color: #800080\"><strong><em>Non temes equivocate, faite m\u00e1s sabiu.<\/em><\/strong><\/span><\/p>\n<p>Esta monxa de 82 a\u00f1os yera amiga personal del Papa. Toles selmanes falaba con \u00e9l. <a href=\"https:\/\/www.facebook.com\/reel\/1181836266579816\">Reel<\/a><\/p>\n<p style=\"text-align: center\">\n<!-- iframe plugin v.6.0 wordpress.org\/plugins\/iframe\/ -->\n<iframe loading=\"lazy\" src=\"https:\/\/www.facebook.com\/plugins\/video.php?height=476&#038;href=https%3A%2F%2Fwww.facebook.com%2FSomosCatolicos1%2Fvideos%2F1181836266579816%2F&#038;show_text=false&#038;width=267&#038;t=0\" width=\"267\" height=\"476\" style=\"border:none;overflow:hidden\" scrolling=\"no\" frameborder=\"0\" allowfullscreen=\"true\" allow=\"autoplay; clipboard-write; encrypted-media; picture-in-picture; web-share\" 0=\"\/iframe\" class=\"iframe-class\"><\/iframe>\n<\/p>\n<p style=\"text-align: center\">\n","protected":false},"excerpt":{"rendered":"<p>Imaxe Neto \/ Neto Garc\u00eda del Castillo\/<\/p>\n","protected":false},"author":117,"featured_media":0,"comment_status":"open","ping_status":"open","sticky":false,"template":"","format":"standard","meta":{"footnotes":""},"categories":[162,1],"tags":[],"class_list":["post-46758","post","type-post","status-publish","format-standard","hentry","category-dep","category-sin-categoria"],"_links":{"self":[{"href":"https:\/\/edublog.educastur.es\/ixuxu\/wp-json\/wp\/v2\/posts\/46758","targetHints":{"allow":["GET"]}}],"collection":[{"href":"https:\/\/edublog.educastur.es\/ixuxu\/wp-json\/wp\/v2\/posts"}],"about":[{"href":"https:\/\/edublog.educastur.es\/ixuxu\/wp-json\/wp\/v2\/types\/post"}],"author":[{"embeddable":true,"href":"https:\/\/edublog.educastur.es\/ixuxu\/wp-json\/wp\/v2\/users\/117"}],"replies":[{"embeddable":true,"href":"https:\/\/edublog.educastur.es\/ixuxu\/wp-json\/wp\/v2\/comments?post=46758"}],"version-history":[{"count":12,"href":"https:\/\/edublog.educastur.es\/ixuxu\/wp-json\/wp\/v2\/posts\/46758\/revisions"}],"predecessor-version":[{"id":46873,"href":"https:\/\/edublog.educastur.es\/ixuxu\/wp-json\/wp\/v2\/posts\/46758\/revisions\/46873"}],"wp:attachment":[{"href":"https:\/\/edublog.educastur.es\/ixuxu\/wp-json\/wp\/v2\/media?parent=46758"}],"wp:term":[{"taxonomy":"category","embeddable":true,"href":"https:\/\/edublog.educastur.es\/ixuxu\/wp-json\/wp\/v2\/categories?post=46758"},{"taxonomy":"post_tag","embeddable":true,"href":"https:\/\/edublog.educastur.es\/ixuxu\/wp-json\/wp\/v2\/tags?post=46758"}],"curies":[{"name":"wp","href":"https:\/\/api.w.org\/{rel}","templated":true}]}}