{"id":46767,"date":"2025-04-27T09:00:49","date_gmt":"2025-04-27T07:00:49","guid":{"rendered":"https:\/\/edublog.educastur.es\/ixuxu\/?p=46767"},"modified":"2025-04-27T16:20:04","modified_gmt":"2025-04-27T14:20:04","slug":"46767","status":"publish","type":"post","link":"https:\/\/edublog.educastur.es\/ixuxu\/2025\/04\/46767\/","title":{"rendered":"D\u00eda de concienciaci\u00f3n sobro&#8217;l ruiu"},"content":{"rendered":"<ul>\n<li class=\"html-h3 x11i5rnm xat24cr x1mh8g0r xexx8yu x4uap5 x18d9i69 xkhd6sd x1vvkbs x1heor9g x1qlqyl8 x1pd3egz x1a2a7pz x1gslohp x1yc453h\"><span class=\"xt0psk2\"><span class=\"xjp7ctv\"><a class=\"x1i10hfl xjbqb8w x1ejq31n xd10rxx x1sy0etr x17r0tee x972fbf xcfux6l x1qhh985 xm0m39n x9f619 x1ypdohk xt0psk2 xe8uvvx xdj266r x11i5rnm xat24cr x1mh8g0r xexx8yu x4uap5 x18d9i69 xkhd6sd x16tdsg8 x1hl2dhg xggy1nq x1a2a7pz xkrqix3 x1sur9pj xzsf02u x1s688f\" role=\"link\" href=\"https:\/\/www.facebook.com\/fundacionbiodiversidad?__cft__[0]=AZVuAEaUqY03mBnL3X-6JZOGSOJkx0X1uEkSLt5O6qr0KmWrQG_vldfdzerW6xGE_lRjo9HeigNdZeBKr_rIGi84KxCN6MZCH_l2Jxjh_O5gq_nunoEOvn7RzOMcrUrEHCTyzrrtOA7qWtPgGjQ3k_zxIQeqJr5YMsciQZwBrFcqe_6SMsAHW5wqmP0J_OAMgaM&amp;__tn__=-UC%2CPH-R\"><strong class=\"html-strong xdj266r x11i5rnm xat24cr x1mh8g0r xexx8yu x4uap5 x18d9i69 xkhd6sd x1hl2dhg x16tdsg8 x1vvkbs x1s688f\"><span class=\"html-span xdj266r x11i5rnm xat24cr x1mh8g0r xexx8yu x4uap5 x18d9i69 xkhd6sd x1hl2dhg x16tdsg8 x1vvkbs\">Fundaci\u00f3n Biodiversidad<\/span><\/strong><\/a><\/span><\/span>\/<a href=\"https:\/\/scontent-mad1-1.xx.fbcdn.net\/v\/t39.30808-6\/279143104_10159267145948705_4600055993009551284_n.png?_nc_cat=105&amp;ccb=1-7&amp;_nc_sid=127cfc&amp;_nc_ohc=kOwZYDjw_ywQ7kNvwEhRFz3&amp;_nc_oc=AdmB3h0sfR6f0w3bE-o7QGgu2Q3PhIRs3Zw7tb50JWEAL8Y2Y4rfJ10amnan4J_h-3E&amp;_nc_zt=23&amp;_nc_ht=scontent-mad1-1.xx&amp;_nc_gid=C5qd4s6hN8q_G81_8BpDcg&amp;oh=00_AfGcjVwDH-DWTg5MEK_LGHHo-WKHBPBERBNpHKD5naJkfw&amp;oe=68140955\"> imaxe 1<\/a> \/ \/<\/li>\n<\/ul>\n<p style=\"text-align: center\">\n<!-- iframe plugin v.6.0 wordpress.org\/plugins\/iframe\/ -->\n<iframe loading=\"lazy\" src=\"https:\/\/www.facebook.com\/plugins\/post.php?href=https%3A%2F%2Fwww.facebook.com%2Ffundacionbiodiversidad%2Fposts%2Fpfbid02kjxRKdDHXdhQJainY6vxvRhqg7w6G9jdFSRLhFexAgjPFxUxvY4Y4XmdzMZMMXhSl&#038;show_text=false&#038;width=500\" width=\"500\" height=\"498\" style=\"border:none;overflow:hidden\" scrolling=\"no\" frameborder=\"0\" allowfullscreen=\"true\" allow=\"autoplay; clipboard-write; encrypted-media; picture-in-picture; web-share\" 0=\"\/iframe\" class=\"iframe-class\"><\/iframe>\n<\/p>\n<p style=\"text-align: left\">\u00b7<br \/>\nLa contaminaci\u00f3n ac\u00fastica afecta, cada vez de mayor manera, a la sal\u00fa mental y f\u00edsica. N&#8217;Espa\u00f1a&#8217;l ruiu \ud83d\udd0a provoca cada a\u00f1u:<br \/>\n<em>\ud83d\udc80<span style=\"color: #008080\"> 1.000 muertes prematures<\/span><\/em><br \/>\n<span style=\"color: #008080\"><em>\ud83c\udfe5 4.000 hospitalizaciones <\/em><\/span><br \/>\n<span style=\"color: #008080\"><em>\ud83d\udecc 2 M sufren alteraciones del sua\u00f1u<\/em><\/span><\/p>\n","protected":false},"excerpt":{"rendered":"<p>Fundaci\u00f3n Biodiversidad\/ imaxe 1 \/ \/ \u00b7 La contaminaci\u00f3n ac\u00fastica afecta, cada vez de mayor manera, a la sal\u00fa mental y f\u00edsica. N&#8217;Espa\u00f1a&#8217;l ruiu \ud83d\udd0a provoca cada a\u00f1u: \ud83d\udc80 1.000 muertes prematures \ud83c\udfe5 4.000 hospitalizaciones \ud83d\udecc 2 M sufren alteraciones del sua\u00f1u<\/p>\n","protected":false},"author":117,"featured_media":0,"comment_status":"open","ping_status":"open","sticky":false,"template":"","format":"standard","meta":{"footnotes":""},"categories":[6],"tags":[],"class_list":["post-46767","post","type-post","status-publish","format-standard","hentry","category-dia-de"],"_links":{"self":[{"href":"https:\/\/edublog.educastur.es\/ixuxu\/wp-json\/wp\/v2\/posts\/46767","targetHints":{"allow":["GET"]}}],"collection":[{"href":"https:\/\/edublog.educastur.es\/ixuxu\/wp-json\/wp\/v2\/posts"}],"about":[{"href":"https:\/\/edublog.educastur.es\/ixuxu\/wp-json\/wp\/v2\/types\/post"}],"author":[{"embeddable":true,"href":"https:\/\/edublog.educastur.es\/ixuxu\/wp-json\/wp\/v2\/users\/117"}],"replies":[{"embeddable":true,"href":"https:\/\/edublog.educastur.es\/ixuxu\/wp-json\/wp\/v2\/comments?post=46767"}],"version-history":[{"count":3,"href":"https:\/\/edublog.educastur.es\/ixuxu\/wp-json\/wp\/v2\/posts\/46767\/revisions"}],"predecessor-version":[{"id":46770,"href":"https:\/\/edublog.educastur.es\/ixuxu\/wp-json\/wp\/v2\/posts\/46767\/revisions\/46770"}],"wp:attachment":[{"href":"https:\/\/edublog.educastur.es\/ixuxu\/wp-json\/wp\/v2\/media?parent=46767"}],"wp:term":[{"taxonomy":"category","embeddable":true,"href":"https:\/\/edublog.educastur.es\/ixuxu\/wp-json\/wp\/v2\/categories?post=46767"},{"taxonomy":"post_tag","embeddable":true,"href":"https:\/\/edublog.educastur.es\/ixuxu\/wp-json\/wp\/v2\/tags?post=46767"}],"curies":[{"name":"wp","href":"https:\/\/api.w.org\/{rel}","templated":true}]}}