{"id":46783,"date":"2025-04-26T09:00:52","date_gmt":"2025-04-26T07:00:52","guid":{"rendered":"https:\/\/edublog.educastur.es\/ixuxu\/?p=46783"},"modified":"2025-04-27T16:50:02","modified_gmt":"2025-04-27T14:50:02","slug":"dia-mundial-de-la-propieda-intelectual","status":"publish","type":"post","link":"https:\/\/edublog.educastur.es\/ixuxu\/2025\/04\/dia-mundial-de-la-propieda-intelectual\/","title":{"rendered":"D\u00eda Mundial de la Propied\u00e1 Intelectual."},"content":{"rendered":"<ul>\n<li><a href=\"https:\/\/scontent-mad1-1.xx.fbcdn.net\/v\/t39.30808-6\/486690589_1251295843089628_5432266899058072492_n.jpg?_nc_cat=107&amp;ccb=1-7&amp;_nc_sid=127cfc&amp;_nc_ohc=Cu0j7TICC2YQ7kNvwGs-2Sy&amp;_nc_oc=AdkBYftAjQIK4cd9ugrCfPXvB2CyQgj7KJuZSHvA-u7hdWv1-L0UY3rFAxB7J__ZdZk&amp;_nc_zt=23&amp;_nc_ht=scontent-mad1-1.xx&amp;_nc_gid=Gps9Tf9d8hhvrufUdMAlow&amp;oh=00_AfHA-K5HW48_O3RL1Y-Yieh-fZMzw0uxN4nDEBjhJ6BLww&amp;oe=681415F9\">Imaxe<\/a> \/<a href=\"https:\/\/www.wipo.int\/es\/web\/ipday\/2025\/index\"> web OMPI<\/a> \/<strong><a href=\"https:\/\/multimedia.wipo.int\/wipo\/es\/ipday\/2025\/ipday-2025-feel-the-beat-of-ip-es-720p.mp4\">VIDEU 2025<\/a><\/strong> \/\u00a0 \/ <span class=\"html-span xdj266r x11i5rnm xat24cr x1mh8g0r xexx8yu x4uap5 x18d9i69 xkhd6sd x1hl2dhg x16tdsg8 x1vvkbs\"><a class=\"x1i10hfl xjbqb8w x1ejq31n xd10rxx x1sy0etr x17r0tee x972fbf xcfux6l x1qhh985 xm0m39n x9f619 x1ypdohk xt0psk2 xe8uvvx xdj266r x11i5rnm xat24cr x1mh8g0r xexx8yu x4uap5 x18d9i69 xkhd6sd x16tdsg8 x1hl2dhg xggy1nq x1a2a7pz xkrqix3 x1sur9pj x1fey0fg x1s688f\" role=\"link\" href=\"https:\/\/www.facebook.com\/hashtag\/efem%C3%A9ridesliterarias?__eep__=6&amp;__cft__[0]=AZW-SEyWFXZsdPw_DDmim__NMC8FZX4RKdSHoQMzzsNR9-eG2tuvICZPpFmomx3WbzCab0oLB_AdGVY1j0TdNhEluXUclUph2LkIJMTOYFSYuwbaUvQV1WXxo9CilZs-M1-uPV6bY5-d2L4Iy5QgMTJNZ6ZDmAVrxZtXdM0OejyugPD6UwvO_KeWTGQoKTUOCRs&amp;__tn__=*NKH-R\">#Efem\u00e9ridesLiterarias<\/a><\/span><\/li>\n<\/ul>\n<p style=\"text-align: center\"><a href=\"https:\/\/luzuriagacastro.com\/wp-content\/uploads\/2025\/04\/IPDay2025_X_header_S_1500x500-1024x341.jpg\"><img loading=\"lazy\" decoding=\"async\" class=\"aligncenter size-large\" src=\"https:\/\/luzuriagacastro.com\/wp-content\/uploads\/2025\/04\/IPDay2025_X_header_S_1500x500-1024x341.jpg\" width=\"1024\" height=\"341\" \/><\/a><\/p>\n<p>Ye&#8217;l Establec\u00edu pola Organizaci\u00f3n Mundial de la Propied\u00e1 Intelectual (OMPI) <strong>para concenciar sobro la importancia de los derechos de propied\u00e1 intelectual (PI)<\/strong> y promover la innovaci\u00f3n y la creativid\u00e1 en tol mundu. La propied\u00e1 intelectual abarca una amplia gama de derechos, como patentes, derechos d&#8217;autor, marques comerciales y dise\u00f1os industriales, y desempe\u00f1a un papel crucial nel fomentu de la innovaci\u00f3n y la creativid\u00e1 en toles \u00e1rees de la vida.<\/p>\n<p><!--more--><\/p>\n<div class=\"lfr-layout-structure-item-basic-component-heading lfr-layout-structure-item-4872a40f-0656-dd2b-d56a-c449ae63fa4c mt-3\">\n<div id=\"fragment-f1a51f39-3ba4-b94f-db4b-ca9b1f8c941d\">\n<p style=\"text-align: center\"><a href=\"https:\/\/www.galileo.edu\/wp-content\/uploads\/2025\/04\/IPDay2025_theme_.jpg\"><img loading=\"lazy\" decoding=\"async\" class=\"aligncenter size-large\" src=\"https:\/\/www.galileo.edu\/wp-content\/uploads\/2025\/04\/IPDay2025_theme_.jpg\" width=\"720\" height=\"405\" \/><\/a><\/p>\n<p style=\"text-align: center\"><span style=\"color: #008080;font-size: 20px\"><strong><em>D\u00eda Mundial de la PI 2025: Siente&#8217;l ritmu de la PI\u00a0<\/em><\/strong><\/span><\/p>\n<p><em><span style=\"color: #008080;font-size: 20px\">Imaxina un mundu ensin m\u00fasica<\/span><\/em><br \/>\n<em><span style=\"color: #008080;font-size: 20px\"> Ensin ritmos para baillar.<\/span><\/em><br \/>\n<em><span style=\"color: #008080;font-size: 20px\">Ensin melod\u00edes que nos trescalen.<\/span><\/em><br \/>\n<em><span style=\"color: #008080;font-size: 20px\">Ensin lletres que cunten hestories.<\/span><\/em><\/p>\n<p><em><span style=\"color: #008080;font-size: 20px\">Ensin m\u00fasica la vida ser\u00eda vacida y gris.<\/span><\/em><\/p>\n<p><em><span style=\"color: #008080;font-size: 20px\">Na m\u00fasica palpita el llat\u00edu de la vida.<\/span><\/em><br \/>\n<em><span style=\"color: #008080;font-size: 20px\">Con\u00e9ctanos<\/span><\/em><br \/>\n<em><span style=\"color: #008080;font-size: 20px\">insp\u00edranos<\/span><\/em><br \/>\n<em><span style=\"color: #008080;font-size: 20px\">y fainos sentir vivos.<\/span><\/em><\/p>\n<p><em><span style=\"color: #008080;font-size: 20px\">Por que la m\u00fasica siga sonando <\/span><\/em><br \/>\n<em><span style=\"color: #008080;font-size: 20px\">los m\u00fasicos tienen de recibir sofitu <\/span><\/em><br \/>\n<em><span style=\"color: #008080;font-size: 20px\">para ganase la vida coles sos obres.<\/span><\/em><\/p>\n<p><em><span style=\"color: #008080;font-size: 20px\">Toles formes de propied\u00e1 intelectual<\/span><\/em><br \/>\n<em><span style=\"color: #008080;font-size: 20px\">empresten sofitu a los m\u00fasicos<\/span><\/em><br \/>\n<em><span style=\"color: #008080;font-size: 20px\">y a una vibrante escena musical.<\/span><\/em><br \/>\n<em><span style=\"color: #008080;font-size: 20px\">Gracies a ello la m\u00fasica floria <\/span><\/em><br \/>\n<em><span style=\"color: #008080;font-size: 20px\">y los artistes pueden centrase en crear<\/span><\/em><br \/>\n<em><span style=\"color: #008080;font-size: 20px\">la m\u00fasica qu&#8217;amamos.<\/span><\/em><\/p>\n<p><em><span style=\"color: #008080;font-size: 20px\">Bailla al ritmu de la m\u00fasica. Al ritmu de la PI.<\/span><\/em><\/p>\n<\/div>\n<\/div>\n<div class=\"lfr-layout-structure-item-160960d4-0567-e922-0b1e-9fa7b65bbdd1 lfr-layout-structure-item-container ulf-transcript\">\n<div class=\"lfr-layout-structure-item-basic-component-paragraph lfr-layout-structure-item-ca284a0c-2154-6a07-f35f-5566c1af4ed4 \">\n<div id=\"fragment-14155eb7-d84f-c586-46a3-8d87cd5ebe70\">\n<div class=\"clearfix component-paragraph text-break\" data-lfr-editable-id=\"element-text\" data-lfr-editable-type=\"rich-text\">\n<p>&nbsp;<\/p>\n<\/div>\n<\/div>\n<\/div>\n<\/div>\n<p>Cel\u00e9brase a\u00f1almente&#8217;l 26 d&#8217;abril. La <strong><a href=\"https:\/\/www.wipo.int\/portal\/es\/\"><span style=\"color: #008080\">Organizaci\u00f3n Mundial de Propied\u00e1 Intelectual (OMPI)<\/span><\/a> instaur\u00f3 esta celebraci\u00f3n el 3 d&#8217;ochobre del a\u00f1u 2000<\/strong>\u200b para sensibilizar a la opini\u00f3n p\u00fablica sobro la incidencia de les patentes, el derechu d&#8217;autor, les marques y los dibuxos y modelos (dise\u00f1os) na vida cotidiana y celebrar la creativid\u00e1 y la contribuci\u00f3n de los\u00a0 ceadores ya innovadores al desenvolvimientu de les econom\u00edes y sociedaes de too el mundu. Escoy\u00f3se&#8217;l 26 d&#8217;abril como fecha del D\u00eda Mundial de la Propied\u00e1 Intelectual porque coincide cola fecha en qu&#8217;entr\u00f3 a valir, en 1970, el Conveniu qu&#8217;establez la Organizaci\u00f3n Mundial de la Propied\u00e1 Intelectual. El D\u00eda Mundial de la Propied\u00e1 Intelectual ye la mayor campa\u00f1a de divulgaci\u00f3n p\u00fablica de la OMPI en materia de propied\u00e1 intelectual (PI).<\/p>\n<p>&nbsp;<\/p>\n","protected":false},"excerpt":{"rendered":"<p>Imaxe \/ web OMPI \/VIDEU 2025 \/\u00a0 \/ #Efem\u00e9ridesLiterarias Ye&#8217;l Establec\u00edu pola Organizaci\u00f3n Mundial de la Propied\u00e1 Intelectual (OMPI) para concenciar sobro la importancia de los derechos de propied\u00e1 intelectual (PI) y promover la innovaci\u00f3n y la creativid\u00e1 en tol mundu. La propied\u00e1 intelectual abarca una amplia gama de derechos, como patentes, derechos d&#8217;autor, marques [&hellip;]<\/p>\n","protected":false},"author":117,"featured_media":0,"comment_status":"open","ping_status":"open","sticky":false,"template":"","format":"standard","meta":{"footnotes":""},"categories":[6,318],"tags":[],"class_list":["post-46783","post","type-post","status-publish","format-standard","hentry","category-dia-de","category-disenu"],"_links":{"self":[{"href":"https:\/\/edublog.educastur.es\/ixuxu\/wp-json\/wp\/v2\/posts\/46783","targetHints":{"allow":["GET"]}}],"collection":[{"href":"https:\/\/edublog.educastur.es\/ixuxu\/wp-json\/wp\/v2\/posts"}],"about":[{"href":"https:\/\/edublog.educastur.es\/ixuxu\/wp-json\/wp\/v2\/types\/post"}],"author":[{"embeddable":true,"href":"https:\/\/edublog.educastur.es\/ixuxu\/wp-json\/wp\/v2\/users\/117"}],"replies":[{"embeddable":true,"href":"https:\/\/edublog.educastur.es\/ixuxu\/wp-json\/wp\/v2\/comments?post=46783"}],"version-history":[{"count":6,"href":"https:\/\/edublog.educastur.es\/ixuxu\/wp-json\/wp\/v2\/posts\/46783\/revisions"}],"predecessor-version":[{"id":46789,"href":"https:\/\/edublog.educastur.es\/ixuxu\/wp-json\/wp\/v2\/posts\/46783\/revisions\/46789"}],"wp:attachment":[{"href":"https:\/\/edublog.educastur.es\/ixuxu\/wp-json\/wp\/v2\/media?parent=46783"}],"wp:term":[{"taxonomy":"category","embeddable":true,"href":"https:\/\/edublog.educastur.es\/ixuxu\/wp-json\/wp\/v2\/categories?post=46783"},{"taxonomy":"post_tag","embeddable":true,"href":"https:\/\/edublog.educastur.es\/ixuxu\/wp-json\/wp\/v2\/tags?post=46783"}],"curies":[{"name":"wp","href":"https:\/\/api.w.org\/{rel}","templated":true}]}}