{"id":46857,"date":"2025-04-27T19:00:47","date_gmt":"2025-04-27T17:00:47","guid":{"rendered":"https:\/\/edublog.educastur.es\/ixuxu\/?p=46857"},"modified":"2025-04-27T21:50:40","modified_gmt":"2025-04-27T19:50:40","slug":"asturies-ye-la-comunida-con-mas-muyeres-emprendedores","status":"publish","type":"post","link":"https:\/\/edublog.educastur.es\/ixuxu\/2025\/04\/asturies-ye-la-comunida-con-mas-muyeres-emprendedores\/","title":{"rendered":"Asturies ye la comunid\u00e1 con m\u00e1s muyeres emprendedores"},"content":{"rendered":"<p style=\"text-align: center\"><a href=\"https:\/\/img.lavdg.com\/sc\/H-rgqfz5ENY3NP1JlB772kYAcb4=\/768x\/2025\/03\/11\/00121741709439757424139\/Foto\/empresadi.jpg\"><img loading=\"lazy\" decoding=\"async\" class=\"aligncenter size-large\" src=\"https:\/\/img.lavdg.com\/sc\/H-rgqfz5ENY3NP1JlB772kYAcb4=\/768x\/2025\/03\/11\/00121741709439757424139\/Foto\/empresadi.jpg\" width=\"768\" height=\"429\" \/><\/a><\/p>\n<p>Fonte: <a href=\"https:\/\/www.lavozdeasturias.es\/noticia\/asturias\/2025\/03\/11\/asturias-comunidad-mujeres-emprendedoras\/00031741709455510273117.htm?utm_source=facebook.com&amp;fbclid=IwY2xjawJ7aGZleHRuA2FlbQIxMQBicmlkETFNVEQ5c1Jabm93a0xqaGxQAR6wrNuSWGmvzccfzBk-BRwLxenUmxJmd95Po1-rkWwyjCuN7ZFw03VOQSfHlA_aem_WYbF4--dvxjwepHeIhu7UA\">La Voz<\/a> \/<\/p>\n<p><span style=\"color: #008080\"><strong>En puestos directivos la presencia femenina ye mayor en publicid\u00e1 o recursos humanos.<\/strong><\/span> Nel cam\u00edn de la iguald\u00e1 ente x\u00e9neros di\u00e9ronse pasos tami\u00e9n, de cutiu col impulsu de reformes lexislatives, p&#8217;aumentar la presencia de muyeres nel mundu de la empresa, tanto en puestos directivos como&#8217;l frente d&#8217;a la propied\u00e1. No qu&#8217;ata\u00f1e a emprendedores, Asturies ocupa una posici\u00f3n destacada nel conxuntu de comunidaes y\u00e1 que<span style=\"color: #008080\"><strong> ye l&#8217;\u00fanicu territoriu del pa\u00eds nel les muyeres superen el 38% del total d&#8217;aut\u00f3nomos.<\/strong><\/span><\/p>\n<p><!--more--><\/p>\n<p>El Princip\u00e1u queda seg\u00fan la comunid\u00e1 con mayor porcentaxe de muyeres nel rexistru d&#8217;empresarios individuales. Tr\u00e1tase de les cifres recoy\u00edes por Estudiu sobro Presencia de les muyeres na empresa espa\u00f1ola realiz\u00e1u por INFORMA D&amp;B S.A.O. (S.M.Y.)<\/p>\n<p>Seg\u00fan esti estudiu, <span style=\"color: #008080\"><strong>el 34,5% de los trabayadores aut\u00f3nomos n&#8217;Espa\u00f1a son muyeres<\/strong><\/span>, una cifra qu&#8217;apenes varia respectu al 34,1% rexistr\u00e1u nel estudiu del a\u00f1u anterior. Asturies ye la \u00fanica comunid\u00e1 onde les muyeres aut\u00f3nomes superen el 38%, ente que en Navarra la proporci\u00f3n as\u00edtiase percima del 37%. Pela so parte, Galicia y La Rioxa presenten porcentaxes cercanos a esti nivel.<\/p>\n<p>Nel otru estremu, delles comunidaes at\u00f3pase por debaxo de la media nacional. Canaries rexistra un 34,15%, siguida de Castiella y Lli\u00f3n (33,25%), Catalu\u00f1a (33,14%), Castiella-La Mancha (32,55%), Madrid (32,34%) y Baleares (31,70%). Melilla presenta&#8217;l porcentaxe m\u00e1s baxu, con un 25,11%.<\/p>\n<p>Por sectores, <span style=\"color: #008080\"><strong>les actividaes con mayor presencia de muyeres aut\u00f3nomes son Sanid\u00e1 (67%), Otros Servicios (65%) y Educaci\u00f3n (58%).<\/strong> <\/span>En contraste, les Industries Extractivas, el Tresporte y l&#8217;Agricultura cunten coles cifres m\u00e1s baxes, toes cercanes al 12%. La diferencia ente&#8217;l sector con mayor proporci\u00f3n d&#8217;empresaries individuales, Sanid\u00e1, y el de menor presencia femenina, Agricultura, algama los 55 puntos porcentuales.<\/p>\n<p>Con tou, en t\u00e9rminos xenerales, l&#8217;estudiu apunta que<strong> la presencia de muyeres nos Conseyos d&#8217;Alministraci\u00f3n de les empreses espa\u00f1oles sigue ensin superar el 25%<\/strong>, xuna cifra ent\u00e1 distante del 40 % establec\u00edu na Llei d&#8217;Iguald\u00e1 de 2007. La fienda ye ent\u00e1 m\u00e1s evidente nos puestos de direcci\u00f3n xeneral, onde solo&#8217;l 15% de los cargos t\u00e1n ocupaos por muyeres en 2025.<\/p>\n<p>Sicas\u00ed, <strong>nes empreses del IBEX35 el panorama ye m\u00e1s alentador: la representaci\u00f3n femenina algam\u00f3&#8217;l 40% en 2023<\/strong>, cumpliendo asina colos oxetivos del C\u00f3digu de Bon Gobiernu. Tami\u00e9n se rexistr\u00f3 una meyora nes compa\u00f1\u00edes con participaci\u00f3n estatal, onde la presencia de muyeres supera&#8217;l 32%, lo que supon una medr\u00eda de casi siete puntos porcentuales na \u00faltima d\u00e9cada.<\/p>\n<p>L&#8217;anal\u00eds de la representaci\u00f3n femenina nos puestos directivos d&#8217;esti informe reflexa una relaci\u00f3n directa cola so presencia nos Conseyos d&#8217;Alministraci\u00f3n. Anque&#8217;l 63% de les empreses ent\u00e1 nun cunta con muyeres nos sos comit\u00e9s de direcci\u00f3n, esta cifra ameyor\u00f3 en 10 puntos porcentuales nos postreros 15 a\u00f1os.<\/p>\n<p><span style=\"color: #008080\"><strong>Los departamentos con mayor participaci\u00f3n femenina siguen siendo Publicid\u00e1, Recursos Humanos y Calid\u00e1<\/strong><\/span>. Sicas\u00ed, la so presencia en cargos de mayor responsabilid\u00e1 sigue siendo amenorgada: solo&#8217;l 10,62% de les muyeres ocupen la Direcci\u00f3n T\u00e9cnica, el 11,21% t\u00e1n en Producci\u00f3n y menos del 15% na Direcci\u00f3n Xeneral. Nel casu del puestu de Xerente, el porcentaxe xube al 17,65%.<\/p>\n<p>L&#8217;estudiu incide nel anal\u00eds de les iniciatives lexislatives pa favorecer la iguald\u00e1 en puestos directivos de les empreses. Asina se\u00f1ala que la <strong>Llei d&#8217;Iguald\u00e1 &#8211;del a\u00f1u 2007<\/strong>&#8211;, nel so art\u00edculu 75, establez que les empreses que nun presenten cuentes embriv\u00edes tienen de garantizar una representaci\u00f3n equilibrada de muyeres y homes nos sos Conseyos d&#8217;Alministraci\u00f3n nun plazu d&#8217;ocho a\u00f1os, afitando como fecha llende l&#8217;a\u00f1u 2015. Seg\u00fan la normativa, consid\u00e9rase una cifra equilibrada aquella na que neng\u00fan de los dos sexos supere&#8217;l 60% nin tea per debaxo del 40%. Nesti sent\u00edu destaca que \u00abye notable que la proporci\u00f3n de muyeres nos Conseyos d&#8217;Alministraci\u00f3n ye mayor nes empreses non suxetes a esta llei, onde casi algama&#8217;l 25 % de los puestos, en comparanza col 14,03 % repar\u00e1u nes sociedaes regulaes pol art\u00edculu 75\u00bb.<\/p>\n<p>De forma similar recueye que na mesma Llei d&#8217;Iguald\u00e1 pero nel so art\u00edculu 45, establec\u00eda que <strong>les empreses con m\u00e1s de 250 emplegaos ten\u00eden de tener un Plan d&#8217;Iguald\u00e1<\/strong>, pero depu\u00e9s reform\u00f3se y angua\u00f1o, les empreses con m\u00e1s de 50 emplegaos tienen de rexistrar dichu plan.<\/p>\n<p>Asina, l&#8217;informe indica: \u00abEl tama\u00f1u de la empresa infl\u00fai llevemente na proporci\u00f3n de muyeres nos Conseyos d&#8217;alministraci\u00f3n. Esti porcentaxe ye del 20,02% pa les empreses con m\u00e1s de 250 emplegaos y del 18,29% p&#8217;aquelles que tienen ente 50 y 100 emplegaos. Tocantes a la tasa de muyeres directives, hai xuna diferencia de 0,9 puntos porcentuales seg\u00fan los distintos tramos d&#8217;emplegaos\u00bb.<\/p>\n","protected":false},"excerpt":{"rendered":"<p>Fonte: La Voz \/ En puestos directivos la presencia femenina ye mayor en publicid\u00e1 o recursos humanos. Nel cam\u00edn de la iguald\u00e1 ente x\u00e9neros di\u00e9ronse pasos tami\u00e9n, de cutiu col impulsu de reformes lexislatives, p&#8217;aumentar la presencia de muyeres nel mundu de la empresa, tanto en puestos directivos como&#8217;l frente d&#8217;a la propied\u00e1. No qu&#8217;ata\u00f1e [&hellip;]<\/p>\n","protected":false},"author":117,"featured_media":0,"comment_status":"open","ping_status":"open","sticky":false,"template":"","format":"standard","meta":{"footnotes":""},"categories":[19,119,121],"tags":[],"class_list":["post-46857","post","type-post","status-publish","format-standard","hentry","category-asturies","category-empreses","category-muyeres"],"_links":{"self":[{"href":"https:\/\/edublog.educastur.es\/ixuxu\/wp-json\/wp\/v2\/posts\/46857","targetHints":{"allow":["GET"]}}],"collection":[{"href":"https:\/\/edublog.educastur.es\/ixuxu\/wp-json\/wp\/v2\/posts"}],"about":[{"href":"https:\/\/edublog.educastur.es\/ixuxu\/wp-json\/wp\/v2\/types\/post"}],"author":[{"embeddable":true,"href":"https:\/\/edublog.educastur.es\/ixuxu\/wp-json\/wp\/v2\/users\/117"}],"replies":[{"embeddable":true,"href":"https:\/\/edublog.educastur.es\/ixuxu\/wp-json\/wp\/v2\/comments?post=46857"}],"version-history":[{"count":3,"href":"https:\/\/edublog.educastur.es\/ixuxu\/wp-json\/wp\/v2\/posts\/46857\/revisions"}],"predecessor-version":[{"id":46863,"href":"https:\/\/edublog.educastur.es\/ixuxu\/wp-json\/wp\/v2\/posts\/46857\/revisions\/46863"}],"wp:attachment":[{"href":"https:\/\/edublog.educastur.es\/ixuxu\/wp-json\/wp\/v2\/media?parent=46857"}],"wp:term":[{"taxonomy":"category","embeddable":true,"href":"https:\/\/edublog.educastur.es\/ixuxu\/wp-json\/wp\/v2\/categories?post=46857"},{"taxonomy":"post_tag","embeddable":true,"href":"https:\/\/edublog.educastur.es\/ixuxu\/wp-json\/wp\/v2\/tags?post=46857"}],"curies":[{"name":"wp","href":"https:\/\/api.w.org\/{rel}","templated":true}]}}