{"id":46879,"date":"2025-04-28T08:30:24","date_gmt":"2025-04-28T06:30:24","guid":{"rendered":"https:\/\/edublog.educastur.es\/ixuxu\/?p=46879"},"modified":"2025-04-28T08:58:22","modified_gmt":"2025-04-28T06:58:22","slug":"tiempu-nasturies-el-comercio-2","status":"publish","type":"post","link":"https:\/\/edublog.educastur.es\/ixuxu\/2025\/04\/tiempu-nasturies-el-comercio-2\/","title":{"rendered":"Tiempu n&#8217;Asturies (El Comercio)"},"content":{"rendered":"<p style=\"text-align: center\"><a href=\"https:\/\/s1.ppllstatics.com\/elcomercio\/www\/multimedia\/2025\/04\/27\/tiempo-asturias-kKm-U2301404163085IHH-1200x840@El%20Comercio.jpg\"><img loading=\"lazy\" decoding=\"async\" class=\"aligncenter size-large\" src=\"https:\/\/s1.ppllstatics.com\/elcomercio\/www\/multimedia\/2025\/04\/27\/tiempo-asturias-kKm-U2301404163085IHH-1200x840@El%20Comercio.jpg\" width=\"1200\" height=\"840\" \/><\/a><\/p>\n<p>La presencia mientres estos d\u00edes d&#8217;una umbada nel oc\u00e9anu Atl\u00e1nticu va traer el <strong>predominiu de vientos de sur que va facilitar un ascensu de les temperatures xeneraliz\u00e1u.<\/strong> Concretamente, <strong>el llunes<\/strong> vamos esfrutar d&#8217;un d\u00eda soleyeru en tola rex\u00f3n anque, a partir del mediud\u00eda, nun se refuga la presencia d&#8217;intervalos de nubes altes insignificantes.<\/p>\n<p><strong> Los vientos<\/strong>, como se ment\u00f3 enantes, van soplar de sur moderaos salvu na mari\u00f1a onde van predominar de componente este.<strong> Les temperatures m\u00e1ximes<\/strong> van xubir hasta 6 o 7 \u00baC respectu al domingu en tol Princip\u00e1u. <strong>Les m\u00ednimes<\/strong> tami\u00e9n van xubir anque de forma m\u00e1s moderada.<\/p>\n<p><!--more--><\/p>\n<p><strong>El martes<\/strong> volveremos tener otru d\u00eda soleyeru na rex\u00f3n con, nuevamente, dellos intervalos de nubes altes ensin importancia. Les temperatures m\u00e1ximes volver\u00e1n xubir, sobremanera, nel centru. Les m\u00e1ximes podr\u00eden llegar a averase a los 30 \u00baC. Les m\u00ednimes tami\u00e9n van xubir.<\/p>\n<p><strong>El mi\u00e9rcoles<\/strong> va camudar el tiempu a partir de la tarde-nueche cola llegada d&#8217;una masa de precipitaciones que van entrar pel oeste y per el sur, estendi\u00e9ndose al restu de la Comunid\u00e1 Aut\u00f3noma.<\/p>\n<p><strong>El xueves<\/strong>, d\u00eda festivu, es\u00e9rase, en principiu, estabilid\u00e1 anque van baxar les temperatures.<\/p>\n<p>&nbsp;<\/p>\n<p>&nbsp;<\/p>\n","protected":false},"excerpt":{"rendered":"<p>La presencia mientres estos d\u00edes d&#8217;una umbada nel oc\u00e9anu Atl\u00e1nticu va traer el predominiu de vientos de sur que va facilitar un ascensu de les temperatures xeneraliz\u00e1u. Concretamente, el llunes vamos esfrutar d&#8217;un d\u00eda soleyeru en tola rex\u00f3n anque, a partir del mediud\u00eda, nun se refuga la presencia d&#8217;intervalos de nubes altes insignificantes. Los vientos, [&hellip;]<\/p>\n","protected":false},"author":117,"featured_media":0,"comment_status":"open","ping_status":"open","sticky":false,"template":"","format":"standard","meta":{"footnotes":""},"categories":[5],"tags":[],"class_list":["post-46879","post","type-post","status-publish","format-standard","hentry","category-tiempu"],"_links":{"self":[{"href":"https:\/\/edublog.educastur.es\/ixuxu\/wp-json\/wp\/v2\/posts\/46879","targetHints":{"allow":["GET"]}}],"collection":[{"href":"https:\/\/edublog.educastur.es\/ixuxu\/wp-json\/wp\/v2\/posts"}],"about":[{"href":"https:\/\/edublog.educastur.es\/ixuxu\/wp-json\/wp\/v2\/types\/post"}],"author":[{"embeddable":true,"href":"https:\/\/edublog.educastur.es\/ixuxu\/wp-json\/wp\/v2\/users\/117"}],"replies":[{"embeddable":true,"href":"https:\/\/edublog.educastur.es\/ixuxu\/wp-json\/wp\/v2\/comments?post=46879"}],"version-history":[{"count":1,"href":"https:\/\/edublog.educastur.es\/ixuxu\/wp-json\/wp\/v2\/posts\/46879\/revisions"}],"predecessor-version":[{"id":46880,"href":"https:\/\/edublog.educastur.es\/ixuxu\/wp-json\/wp\/v2\/posts\/46879\/revisions\/46880"}],"wp:attachment":[{"href":"https:\/\/edublog.educastur.es\/ixuxu\/wp-json\/wp\/v2\/media?parent=46879"}],"wp:term":[{"taxonomy":"category","embeddable":true,"href":"https:\/\/edublog.educastur.es\/ixuxu\/wp-json\/wp\/v2\/categories?post=46879"},{"taxonomy":"post_tag","embeddable":true,"href":"https:\/\/edublog.educastur.es\/ixuxu\/wp-json\/wp\/v2\/tags?post=46879"}],"curies":[{"name":"wp","href":"https:\/\/api.w.org\/{rel}","templated":true}]}}