{"id":46889,"date":"2025-04-28T10:31:55","date_gmt":"2025-04-28T08:31:55","guid":{"rendered":"https:\/\/edublog.educastur.es\/ixuxu\/?p=46889"},"modified":"2025-04-28T10:32:45","modified_gmt":"2025-04-28T08:32:45","slug":"46889","status":"publish","type":"post","link":"https:\/\/edublog.educastur.es\/ixuxu\/2025\/04\/46889\/","title":{"rendered":"El cl\u00e1sicu Seat 131, qu&#8217;emprest\u00f3 serviciu como taxi n&#8217;Uvi\u00e9u, matr\u00edcula O-0000-O"},"content":{"rendered":"<p style=\"text-align: center\"><a href=\"https:\/\/s3.ppllstatics.com\/elcomercio\/www\/multimedia\/2025\/04\/27\/coche-taxi-oviedo-asturias-matricula-klWC-U2301590029752WkD-1200x840@El%20Comercio.jpg\"><img loading=\"lazy\" decoding=\"async\" class=\"aligncenter size-large\" src=\"https:\/\/s3.ppllstatics.com\/elcomercio\/www\/multimedia\/2025\/04\/27\/coche-taxi-oviedo-asturias-matricula-klWC-U2301590029752WkD-1200x840@El%20Comercio.jpg\" width=\"1200\" height=\"840\" \/><\/a><\/p>\n<p class=\"v-p\">\u00a0<a title=\"www.elcomercio.es\" href=\"https:\/\/www.elcomercio.es\/sociedad\/encuentra-primer-coche-historia-asturias-matricula-20240729190227-nt.html\" data-voc-vtm-id=\"in-text-traffic\" data-mrf-link=\"www.elcomercio.es\">Jacinto Manuel Men\u00e9ndez<\/a>,\/ <a href=\"https:\/\/www.instagram.com\/thecorvusclanoficial\/?utm_source=ig_embed\">@thecorvusclanoficial<\/a> \/<a href=\"https:\/\/www.elcomercio.es\/sociedad\/taxi-oviedo-leyenda-asturias-matricula-audi-nuevo-20250427193446-nt.html\">El Comercio<\/a> \/<\/p>\n<p>El cl\u00e1sicu Seat 131, que mientres d\u00e9cades emprest\u00f3 serviciu como taxi n&#8217;Uvi\u00e9u, volvi\u00f3 encender l&#8217;inter\u00e9s de les redes sociales. El so propietariu, Jacinto Manuel Men\u00e9ndez, merc\u00f3&#8217;l veh\u00edculu&#8217;l 5 de mayu de 1978 por unos 2.000 euros (equivalentes a 340.000 pesetes ent\u00f3s daquella).<\/p>\n<p><!--more--><\/p>\n<p>El<a href=\"https:\/\/www.instagram.com\/thecorvusclanoficial\/?utm_source=ig_embed\"> youtuber asturianu @thecorvusclanoficial<\/a> amosolu nun v\u00eddeu qu&#8217;atropa y\u00e1 m\u00e1s de 100.000 reacciones y que nun tard\u00f3 en llegar a miles d&#8217;usuarios que compartieron el so fascinaci\u00f3n pol veh\u00edculu, y\u00e1 \u00abun m\u00edticu\u00ab de munchos que lo recuerden ver dalguna vegada na so vida.<\/p>\n<p style=\"text-align: center\"><span class=\"html-span xexx8yu x4uap5 x18d9i69 xkhd6sd x1hl2dhg x16tdsg8 x1vvkbs x3nfvp2 x1j61x8r x1fcty0u xdj266r xat24cr xgzva0m xhhsvwb xxymvpz xlup9mm x1kky2od\">\n<!-- iframe plugin v.6.0 wordpress.org\/plugins\/iframe\/ -->\n<iframe loading=\"lazy\" src=\"https:\/\/www.instagram.com\/reel\/DIt9sMNtjIr\/embed\" width=\"460\" height=\"525\" 0=\"\/iframe\" scrolling=\"yes\" class=\"iframe-class\" frameborder=\"0\"><\/iframe>\n<\/span><\/p>\n<p>De norte a sur, esti turismu nun pas\u00f3 desapercib\u00edu inclusive para persones de C\u00f3rdoba o Lli\u00f3n. Utiliz\u00e1u primeramente como taxi, esti Seat -con un motor de 1.600 c.c. y que rinde 95 caballos- non solo percorri\u00f3 les cais d&#8217;Uvi\u00e9u, sin\u00f3n tami\u00e9n delles rutes pol Princip\u00e1u d&#8217;Asturies y el pandu lleon\u00e9s.<\/p>\n<p>El so est\u00e1u de caltenimientu, que dexa qu&#8217;ent\u00e1 circule, evidencia&#8217;l cuidu y el caltenimientu que Men\u00e9ndez aplic\u00f3 mientres toos estos a\u00f1os.<\/p>\n<p><strong>La particularid\u00e1 que marc\u00f3 la fama&#8217; del veh\u00edculu ye, ensin dulda, la so matr\u00edcula O-0000-O<\/strong>. La combinaci\u00f3n \u2013la lletra &#8216;O&#8217;, distintivu de Uvi\u00e9u, siguida de cuatro ceros y otra &#8216;O&#8217; a la fin f\u00edzola \u00fanica nel pa\u00eds. A lo llargo de los a\u00f1os, Men\u00e9ndez recibi\u00f3 diverses ufiertes para vender o intercambiar el taxi, inclusive la propuesta de camudalo por un Audi nuevecito; sicas\u00ed, el propietariu decidi\u00f3 caltenese fiel a esti \u00abamuleto\u00bb que guarda un valor sentimental y un fuerte leg\u00e1u hist\u00f3ricu.<\/p>\n","protected":false},"excerpt":{"rendered":"<p>\u00a0Jacinto Manuel Men\u00e9ndez,\/ @thecorvusclanoficial \/El Comercio \/ El cl\u00e1sicu Seat 131, que mientres d\u00e9cades emprest\u00f3 serviciu como taxi n&#8217;Uvi\u00e9u, volvi\u00f3 encender l&#8217;inter\u00e9s de les redes sociales. El so propietariu, Jacinto Manuel Men\u00e9ndez, merc\u00f3&#8217;l veh\u00edculu&#8217;l 5 de mayu de 1978 por unos 2.000 euros (equivalentes a 340.000 pesetes ent\u00f3s daquella).<\/p>\n","protected":false},"author":117,"featured_media":0,"comment_status":"open","ping_status":"open","sticky":false,"template":"","format":"standard","meta":{"footnotes":""},"categories":[25,232],"tags":[],"class_list":["post-46889","post","type-post","status-publish","format-standard","hentry","category-curiosidaes","category-tresportes"],"_links":{"self":[{"href":"https:\/\/edublog.educastur.es\/ixuxu\/wp-json\/wp\/v2\/posts\/46889","targetHints":{"allow":["GET"]}}],"collection":[{"href":"https:\/\/edublog.educastur.es\/ixuxu\/wp-json\/wp\/v2\/posts"}],"about":[{"href":"https:\/\/edublog.educastur.es\/ixuxu\/wp-json\/wp\/v2\/types\/post"}],"author":[{"embeddable":true,"href":"https:\/\/edublog.educastur.es\/ixuxu\/wp-json\/wp\/v2\/users\/117"}],"replies":[{"embeddable":true,"href":"https:\/\/edublog.educastur.es\/ixuxu\/wp-json\/wp\/v2\/comments?post=46889"}],"version-history":[{"count":2,"href":"https:\/\/edublog.educastur.es\/ixuxu\/wp-json\/wp\/v2\/posts\/46889\/revisions"}],"predecessor-version":[{"id":46908,"href":"https:\/\/edublog.educastur.es\/ixuxu\/wp-json\/wp\/v2\/posts\/46889\/revisions\/46908"}],"wp:attachment":[{"href":"https:\/\/edublog.educastur.es\/ixuxu\/wp-json\/wp\/v2\/media?parent=46889"}],"wp:term":[{"taxonomy":"category","embeddable":true,"href":"https:\/\/edublog.educastur.es\/ixuxu\/wp-json\/wp\/v2\/categories?post=46889"},{"taxonomy":"post_tag","embeddable":true,"href":"https:\/\/edublog.educastur.es\/ixuxu\/wp-json\/wp\/v2\/tags?post=46889"}],"curies":[{"name":"wp","href":"https:\/\/api.w.org\/{rel}","templated":true}]}}