{"id":46890,"date":"2025-04-28T09:09:09","date_gmt":"2025-04-28T07:09:09","guid":{"rendered":"https:\/\/edublog.educastur.es\/ixuxu\/?p=46890"},"modified":"2025-04-28T09:21:00","modified_gmt":"2025-04-28T07:21:00","slug":"46890","status":"publish","type":"post","link":"https:\/\/edublog.educastur.es\/ixuxu\/2025\/04\/46890\/","title":{"rendered":"Un 28 d\u2019abril de 1968 Tino Casal anunciaba que diba grabar un discu n\u2019asturianu"},"content":{"rendered":"<div class=\"html-div xdj266r x11i5rnm xat24cr x1mh8g0r xexx8yu x1a8lsjc x1swvt13 x1pi30zi\">\n<div class=\"html-div xdj266r x11i5rnm xat24cr x1mh8g0r xexx8yu x4uap5 x18d9i69 xkhd6sd x1jx94hy x78zum5 x1q0g3np\">\n<div class=\"x78zum5 xdt5ytf xz62fqu x16ldp7u\">\n<div class=\"xu06os2 x1ok221b\">\n<div class=\"html-div xdj266r x11i5rnm xat24cr x1mh8g0r xexx8yu x4uap5 x18d9i69 xkhd6sd\" data-ad-rendering-role=\"profile_name\">\n<ul>\n<li class=\"html-h3 x11i5rnm xat24cr x1mh8g0r xexx8yu x4uap5 x18d9i69 xkhd6sd x1vvkbs x1heor9g x1qlqyl8 x1pd3egz x1a2a7pz x1gslohp x1yc453h\"><span class=\"x1lliihq x6ikm8r x10wlt62 x1n2onr6\"><span class=\"x193iq5w xeuugli x13faqbe x1vvkbs x1xmvt09 x1f6kntn xvq8zen xo1l8bm xi81zsa\"><strong class=\"html-strong xdj266r x11i5rnm xat24cr x1mh8g0r xexx8yu x4uap5 x18d9i69 xkhd6sd x1hl2dhg x16tdsg8 x1vvkbs x1s688f\"><span class=\"xt0psk2\"><span class=\"html-span xdj266r x11i5rnm xat24cr x1mh8g0r xexx8yu x4uap5 x18d9i69 xkhd6sd x1hl2dhg x16tdsg8 x1vvkbs\"><a class=\"x1i10hfl xjbqb8w x1ejq31n xd10rxx x1sy0etr x17r0tee x972fbf xcfux6l x1qhh985 xm0m39n x9f619 x1ypdohk xt0psk2 xe8uvvx xdj266r x11i5rnm xat24cr x1mh8g0r xexx8yu x4uap5 x18d9i69 xkhd6sd x16tdsg8 x1hl2dhg xggy1nq x1a2a7pz xkrqix3 x1sur9pj xzsf02u x1s688f\" role=\"link\" href=\"https:\/\/www.facebook.com\/inaciu?__cft__[0]=AZWENESt_cLauSCzD3hvjHYYVBzLh7mKBEiy98rgi8oGsAyXd7x3NXAtubG-uXHcecljPhYEGYy5v56eKJx6VasK64yxkY-5a4ZqNj2iwTFYjqkUzZm6VKXI64BSMA3JRAybDLJbJ5ysg0pfvtaTBSrB4NqKSoFe4hyOS_LX_xj-R3oYWhnZhkHwALT8T7ehni66A7VLontFc2pMahs6P3a8&amp;__tn__=-]C%2CP-y-R\">Inaciu Gal\u00e1n<\/a><\/span><\/span><\/strong> \/ <a href=\"https:\/\/scontent-mad1-1.xx.fbcdn.net\/v\/t51.75761-15\/491439946_18391019860117856_4596565097283338209_n.jpg?_nc_cat=107&amp;ccb=1-7&amp;_nc_sid=127cfc&amp;_nc_ohc=bm20m1exY5MQ7kNvwF_mYXc&amp;_nc_oc=AdnRhMGSxF4RCOlqunZ8F33-cqLGVXuOWRNm3ILLzPwNpjsnETovZ1_YOTa5qFi9kCk&amp;_nc_zt=23&amp;_nc_ht=scontent-mad1-1.xx&amp;_nc_gid=npM8j3JCthrCGj8BAepMjw&amp;oh=00_AfGIS-t8K4sQmI5a2SW-H0uwZWpaApoM2adfLQDmZdtm9Q&amp;oe=681516B5\">\u00a0imaxe<\/a><\/span><\/span><\/li>\n<li><strong>Tino Casal<\/strong>: <a href=\"https:\/\/es.wikipedia.org\/wiki\/Tino_Casal\">wiki<\/a> \/<\/li>\n<\/ul>\n<p style=\"text-align: center\">\n<!-- iframe plugin v.6.0 wordpress.org\/plugins\/iframe\/ -->\n<iframe loading=\"lazy\" src=\"https:\/\/www.facebook.com\/plugins\/post.php?href=https%3A%2F%2Fwww.facebook.com%2Finaciu%2Fposts%2Fpfbid0iuaywSzxjCDgWziBXvh74VP85HwRigu4Zie4xUV4vh5dKhmrnsiob1HSoR7cXcWkl&#038;show_text=false&#038;width=500\" width=\"500\" height=\"498\" style=\"border:none;overflow:hidden\" scrolling=\"no\" frameborder=\"0\" allowfullscreen=\"true\" allow=\"autoplay; clipboard-write; encrypted-media; picture-in-picture; web-share\" 0=\"\/iframe\" class=\"iframe-class\"><\/iframe>\n<\/p>\n<\/div>\n<\/div>\n<div class=\"xu06os2 x1ok221b\">\n<div class=\"html-div xdj266r x11i5rnm xat24cr x1mh8g0r xexx8yu x4uap5 x18d9i69 xkhd6sd x1q0g3np\">Un 28 d\u2019abril de 1968 <strong>Tino Casal<\/strong> anunciaba que diba grabar un discu n\u2019<span class=\"html-span xdj266r x11i5rnm xat24cr x1mh8g0r xexx8yu x4uap5 x18d9i69 xkhd6sd x1hl2dhg x16tdsg8 x1vvkbs\"><a class=\"x1i10hfl xjbqb8w x1ejq31n xd10rxx x1sy0etr x17r0tee x972fbf xcfux6l x1qhh985 xm0m39n x9f619 x1ypdohk xt0psk2 xe8uvvx xdj266r x11i5rnm xat24cr x1mh8g0r xexx8yu x4uap5 x18d9i69 xkhd6sd x16tdsg8 x1hl2dhg xggy1nq x1a2a7pz xkrqix3 x1sur9pj x1fey0fg x1s688f\" role=\"link\" href=\"https:\/\/www.facebook.com\/hashtag\/asturianu?__eep__=6&amp;__cft__[0]=AZWENESt_cLauSCzD3hvjHYYVBzLh7mKBEiy98rgi8oGsAyXd7x3NXAtubG-uXHcecljPhYEGYy5v56eKJx6VasK64yxkY-5a4ZqNj2iwTFYjqkUzZm6VKXI64BSMA3JRAybDLJbJ5ysg0pfvtaTBSrB4NqKSoFe4hyOS_LX_xj-R3oYWhnZhkHwALT8T7ehni66A7VLontFc2pMahs6P3a8&amp;__tn__=*NK-y-R\">#asturianu<\/a><\/span> nel mes de xunu d\u2019esi mesmu a\u00f1u col so grupu Los Archiduques, proyectu que por causes desconoc\u00edes nun se llev\u00f3 alantre.<span class=\"html-span xdj266r x11i5rnm xat24cr x1mh8g0r xexx8yu x4uap5 x18d9i69 xkhd6sd x1hl2dhg x16tdsg8 x1vvkbs\"><a class=\"x1i10hfl xjbqb8w x1ejq31n xd10rxx x1sy0etr x17r0tee x972fbf xcfux6l x1qhh985 xm0m39n x9f619 x1ypdohk xt0psk2 xe8uvvx xdj266r x11i5rnm xat24cr x1mh8g0r xexx8yu x4uap5 x18d9i69 xkhd6sd x16tdsg8 x1hl2dhg xggy1nq x1a2a7pz xkrqix3 x1sur9pj x1fey0fg x1s688f\" role=\"link\" href=\"https:\/\/www.facebook.com\/hashtag\/efem%C3%A9ridesasturianu?__eep__=6&amp;__cft__[0]=AZWENESt_cLauSCzD3hvjHYYVBzLh7mKBEiy98rgi8oGsAyXd7x3NXAtubG-uXHcecljPhYEGYy5v56eKJx6VasK64yxkY-5a4ZqNj2iwTFYjqkUzZm6VKXI64BSMA3JRAybDLJbJ5ysg0pfvtaTBSrB4NqKSoFe4hyOS_LX_xj-R3oYWhnZhkHwALT8T7ehni66A7VLontFc2pMahs6P3a8&amp;__tn__=*NK-y-R\"> #Efem\u00e9ridesAsturianu<\/a><\/span><\/div>\n<\/div>\n<div><\/div>\n<div><\/div>\n<\/div>\n<\/div>\n<\/div>\n<p><!--more--><\/p>\n<p style=\"text-align: center\"><a href=\"https:\/\/upload.wikimedia.org\/wikipedia\/commons\/thumb\/f\/f7\/Mural_de_Tino_Casal_en_Tudela_Vegu%C3%ADn_%28Oviedo%2C_Asturias%29.jpg\/500px-Mural_de_Tino_Casal_en_Tudela_Vegu%C3%ADn_%28Oviedo%2C_Asturias%29.jpg\"><img loading=\"lazy\" decoding=\"async\" class=\"aligncenter size-large\" src=\"https:\/\/upload.wikimedia.org\/wikipedia\/commons\/thumb\/f\/f7\/Mural_de_Tino_Casal_en_Tudela_Vegu%C3%ADn_%28Oviedo%2C_Asturias%29.jpg\/500px-Mural_de_Tino_Casal_en_Tudela_Vegu%C3%ADn_%28Oviedo%2C_Asturias%29.jpg\" width=\"500\" height=\"440\" \/><\/a><\/p>\n<p>Jos\u00e9 Celestino Casal \u00c1lvarez, m\u00e1s conoc\u00edu como Tino Casal (Tudela Vegu\u00edn, Asturies, 11 de febreru de 1950 &#8211; Madrid, 22 de setiembre de 1991), <strong>foi un cantante y compositor espa\u00f1ol de m\u00fasica pop<\/strong> inscritu nes corrientes techno y new romantic de los a\u00f1os ochenta.\u200b Desenvolvi\u00f3 tami\u00e9n otres facetes, como <strong>productor d&#8217;otros cantantes, pintor y escultor.<\/strong><\/p>\n<p style=\"text-align: center\"><a href=\"https:\/\/upload.wikimedia.org\/wikipedia\/commons\/b\/ba\/Tino_Casal..jpg\"><img loading=\"lazy\" decoding=\"async\" class=\"aligncenter \" src=\"https:\/\/upload.wikimedia.org\/wikipedia\/commons\/b\/ba\/Tino_Casal..jpg\" width=\"346\" height=\"387\" \/><\/a><\/p>\n<p style=\"text-align: center\">\n<!-- iframe plugin v.6.0 wordpress.org\/plugins\/iframe\/ -->\n<iframe loading=\"lazy\" width=\"699\" height=\"383\" src=\"https:\/\/www.youtube.com\/embed\/5MV5Kvz565o\" title=\"Tino Casal - Eloise (Actuaci\u00f3n)\" frameborder=\"0\" allow=\"accelerometer; autoplay; clipboard-write; encrypted-media; gyroscope; picture-in-picture; web-share\" referrerpolicy=\"strict-origin-when-cross-origin\" 0=\"allowfullscreen\" 1=\"\/iframe\" scrolling=\"yes\" class=\"iframe-class\"><\/iframe>\n<\/p>\n","protected":false},"excerpt":{"rendered":"<p>Inaciu Gal\u00e1n \/ \u00a0imaxe Tino Casal: wiki \/ Un 28 d\u2019abril de 1968 Tino Casal anunciaba que diba grabar un discu n\u2019#asturianu nel mes de xunu d\u2019esi mesmu a\u00f1u col so grupu Los Archiduques, proyectu que por causes desconoc\u00edes nun se llev\u00f3 alantre. #Efem\u00e9ridesAsturianu<\/p>\n","protected":false},"author":117,"featured_media":0,"comment_status":"open","ping_status":"open","sticky":false,"template":"","format":"standard","meta":{"footnotes":""},"categories":[264,322,35],"tags":[],"class_list":["post-46890","post","type-post","status-publish","format-standard","hentry","category-efemerides","category-inaciu-galan","category-musica"],"_links":{"self":[{"href":"https:\/\/edublog.educastur.es\/ixuxu\/wp-json\/wp\/v2\/posts\/46890","targetHints":{"allow":["GET"]}}],"collection":[{"href":"https:\/\/edublog.educastur.es\/ixuxu\/wp-json\/wp\/v2\/posts"}],"about":[{"href":"https:\/\/edublog.educastur.es\/ixuxu\/wp-json\/wp\/v2\/types\/post"}],"author":[{"embeddable":true,"href":"https:\/\/edublog.educastur.es\/ixuxu\/wp-json\/wp\/v2\/users\/117"}],"replies":[{"embeddable":true,"href":"https:\/\/edublog.educastur.es\/ixuxu\/wp-json\/wp\/v2\/comments?post=46890"}],"version-history":[{"count":3,"href":"https:\/\/edublog.educastur.es\/ixuxu\/wp-json\/wp\/v2\/posts\/46890\/revisions"}],"predecessor-version":[{"id":46901,"href":"https:\/\/edublog.educastur.es\/ixuxu\/wp-json\/wp\/v2\/posts\/46890\/revisions\/46901"}],"wp:attachment":[{"href":"https:\/\/edublog.educastur.es\/ixuxu\/wp-json\/wp\/v2\/media?parent=46890"}],"wp:term":[{"taxonomy":"category","embeddable":true,"href":"https:\/\/edublog.educastur.es\/ixuxu\/wp-json\/wp\/v2\/categories?post=46890"},{"taxonomy":"post_tag","embeddable":true,"href":"https:\/\/edublog.educastur.es\/ixuxu\/wp-json\/wp\/v2\/tags?post=46890"}],"curies":[{"name":"wp","href":"https:\/\/api.w.org\/{rel}","templated":true}]}}