{"id":46922,"date":"2025-04-28T11:13:30","date_gmt":"2025-04-28T09:13:30","guid":{"rendered":"https:\/\/edublog.educastur.es\/ixuxu\/?p=46922"},"modified":"2025-04-28T11:18:18","modified_gmt":"2025-04-28T09:18:18","slug":"certamenes-escolares-na-xlvi-selmana-de-les-lletres-asturianes-2025","status":"publish","type":"post","link":"https:\/\/edublog.educastur.es\/ixuxu\/2025\/04\/certamenes-escolares-na-xlvi-selmana-de-les-lletres-asturianes-2025\/","title":{"rendered":"Actividaes Dixitales y Cert\u00e1menes escolares na XLVI Selmana de les Lletres Asturianes 2025"},"content":{"rendered":"<ul>\n<li>Fonte: <a href=\"https:\/\/www.educastur.es\/-\/certamenes-escolares-na-xlvi-selmana-de-les-lletres-asturianes-2025-premios?redirect=%2Finicio\">Educastur<\/a> \/<a href=\"https:\/\/www.educastur.es\/-\/xlvi-selmana-lletres-asturianes-2025-actividades-digitales?redirect=%2Finicio\"><strong> Actividaes dixitales<\/strong><\/a> \/ <a href=\"https:\/\/view.genially.com\/680739abe0c0fb4f62e6adc1\/learning-experience-didactic-unit-xeres-con-historiaxeiras-con-historia\" target=\"_blank\" rel=\"noopener\">Ver en Genially<\/a> \/<\/li>\n<\/ul>\n<p>La\u00a0<strong>XLVI Selmana de les Lletres Asturianes\u00a0<\/strong>homenaxea a Xos\u00e9 \u00c1lvarez \u2018Pin\u2019 (Cig\u00fcedres, Balmonte, Miranda, en 1948- Madrid 2001), \u00fan de los m\u00e1ximos esponentes de la lliteratura asturiana na di\u00e1spora.<\/p>\n<p style=\"text-align: center\">\n<!-- iframe plugin v.6.0 wordpress.org\/plugins\/iframe\/ -->\n<iframe loading=\"lazy\" frameborder=\"0\" width=\"600px\" height=\"338px\" src=\"https:\/\/view.genial.ly\/680739abe0c0fb4f62e6adc1\" 0=\"\/iframe\" scrolling=\"yes\" class=\"iframe-class\"><\/iframe>\n<\/p>\n<p><!--more--><\/p>\n<p>L\u2019autor de Cig\u00fcedres caltuvo viva la cultura asturiana mesmo dende Arxentina, onde emigr\u00f3 bien mozu, mesmo dende Madrid m\u00e1s tarde. Al travi\u00e9s de la figura d\u2019\u00c1lvarez, reconozse\u2019l papel de la emigraci\u00f3n na protecci\u00f3n de la lliteratura y la llingua asturiana.<\/p>\n<p>Con mires de llevar el so lleg\u00e1u a les aules ponse a disposici\u00f3n del profesor\u00e1u un fexe d\u2019actividaes que pueden axeitase a cada etapa educativa, alredor de la so figura y en xeneral de la llingua y de la lliteratura, n\u2019asturianu y n\u2019eonaviegu, centraes nesta efem\u00e9ride.<\/p>\n<p>Al mesmu tiempu amiestense a estes, actividaes que celebren tami\u00e9n el\u00a0<em>D\u00eda Internacional de la Tierra<\/em>\u00a0y el\u00a0<em>D\u00eda Internacional del Llibru.<\/em><\/p>\n<p style=\"text-align: center\"><a href=\"https:\/\/www.educastur.es\/documents\/34868\/2177104\/XLVI_Selmana_Lletres.png\/343658a5-f474-4b17-fd01-c99d0a25ad24?t=1745583323773\"><img loading=\"lazy\" decoding=\"async\" class=\"aligncenter size-large\" src=\"https:\/\/www.educastur.es\/documents\/34868\/2177104\/XLVI_Selmana_Lletres.png\/343658a5-f474-4b17-fd01-c99d0a25ad24?t=1745583323773\" width=\"1060\" height=\"324\" \/><\/a><\/p>\n<ul>\n<li><a href=\"https:\/\/educastur-my.sharepoint.com\/:f:\/g\/personal\/llinguastur_educastur_org\/Eo5wW0UjfrhApShdpd2mPAMBFA3B6ZxTB3txTmvL4yfRqw?e=MQcHI8\" target=\"_blank\" rel=\"noopener\">Acta ganadores cert\u00e1menes escolares XLVI Selmana<\/a><\/li>\n<\/ul>\n<p>La Conseyer\u00eda d\u2019Educaci\u00f3n entama un actu pa la entrega de reconocimientos a los premiaos y premiaes el mi\u00e9rcoles 7 de mayu de 10:30 a 12:00 nel Teatru \u201cPrendes\u201d de Cand\u00e1s. \u00a0<a href=\"https:\/\/forms.office.com\/e\/kAXam3aKqx\" target=\"_blank\" rel=\"noopener\">Confirmaci\u00f3n asistencia actu\/o<\/a><\/p>\n","protected":false},"excerpt":{"rendered":"<p>Fonte: Educastur \/ Actividaes dixitales \/ Ver en Genially \/ La\u00a0XLVI Selmana de les Lletres Asturianes\u00a0homenaxea a Xos\u00e9 \u00c1lvarez \u2018Pin\u2019 (Cig\u00fcedres, Balmonte, Miranda, en 1948- Madrid 2001), \u00fan de los m\u00e1ximos esponentes de la lliteratura asturiana na di\u00e1spora.<\/p>\n","protected":false},"author":117,"featured_media":0,"comment_status":"open","ping_status":"open","sticky":false,"template":"","format":"standard","meta":{"footnotes":""},"categories":[74,144],"tags":[],"class_list":["post-46922","post","type-post","status-publish","format-standard","hentry","category-certame","category-semana-de"],"_links":{"self":[{"href":"https:\/\/edublog.educastur.es\/ixuxu\/wp-json\/wp\/v2\/posts\/46922","targetHints":{"allow":["GET"]}}],"collection":[{"href":"https:\/\/edublog.educastur.es\/ixuxu\/wp-json\/wp\/v2\/posts"}],"about":[{"href":"https:\/\/edublog.educastur.es\/ixuxu\/wp-json\/wp\/v2\/types\/post"}],"author":[{"embeddable":true,"href":"https:\/\/edublog.educastur.es\/ixuxu\/wp-json\/wp\/v2\/users\/117"}],"replies":[{"embeddable":true,"href":"https:\/\/edublog.educastur.es\/ixuxu\/wp-json\/wp\/v2\/comments?post=46922"}],"version-history":[{"count":6,"href":"https:\/\/edublog.educastur.es\/ixuxu\/wp-json\/wp\/v2\/posts\/46922\/revisions"}],"predecessor-version":[{"id":46928,"href":"https:\/\/edublog.educastur.es\/ixuxu\/wp-json\/wp\/v2\/posts\/46922\/revisions\/46928"}],"wp:attachment":[{"href":"https:\/\/edublog.educastur.es\/ixuxu\/wp-json\/wp\/v2\/media?parent=46922"}],"wp:term":[{"taxonomy":"category","embeddable":true,"href":"https:\/\/edublog.educastur.es\/ixuxu\/wp-json\/wp\/v2\/categories?post=46922"},{"taxonomy":"post_tag","embeddable":true,"href":"https:\/\/edublog.educastur.es\/ixuxu\/wp-json\/wp\/v2\/tags?post=46922"}],"curies":[{"name":"wp","href":"https:\/\/api.w.org\/{rel}","templated":true}]}}