{"id":46930,"date":"2025-04-28T11:29:15","date_gmt":"2025-04-28T09:29:15","guid":{"rendered":"https:\/\/edublog.educastur.es\/ixuxu\/?p=46930"},"modified":"2025-04-28T11:32:23","modified_gmt":"2025-04-28T09:32:23","slug":"46930","status":"publish","type":"post","link":"https:\/\/edublog.educastur.es\/ixuxu\/2025\/04\/46930\/","title":{"rendered":"La Escuela Asturiana de Cuidos cumple diez a\u00f1os promoviendo&#8217;l bienestar de tola poblaci\u00f3n"},"content":{"rendered":"<div id=\"main-content\" class=\"columns-1\" role=\"main\">\n<div class=\"portlet-layout row\">\n<div id=\"column-1\" class=\"col-md-12 portlet-column portlet-column-only\">\n<div id=\"layout-column_column-1\" class=\"portlet-dropzone portlet-column-content portlet-column-content-only\">\n<div id=\"p_p_id_com_liferay_asset_publisher_web_portlet_AssetPublisherPortlet_INSTANCE_DSnKSBdGDt7q_\" class=\"portlet-boundary portlet-boundary_com_liferay_asset_publisher_web_portlet_AssetPublisherPortlet_ portlet-static portlet-static-end portlet-barebone portlet-asset-publisher nota-detalle\">\n<section id=\"portlet_com_liferay_asset_publisher_web_portlet_AssetPublisherPortlet_INSTANCE_DSnKSBdGDt7q\" class=\"portlet\">\n<div class=\"portlet-content\">\n<div class=\" portlet-content-container\">\n<div class=\"portlet-body\">\n<div class=\"asset-full-content clearfix default-asset-publisher show-asset-title\">\n<div id=\"_com_liferay_asset_publisher_web_portlet_AssetPublisherPortlet_INSTANCE_DSnKSBdGDt7q_2517769\" class=\"asset-content\">\n<div class=\"clearfix journal-content-article\" data-analytics-asset-id=\"2517756\" data-analytics-asset-title=\"La Escuela Asturiana de Cuidados cumple diez a\u00f1os y ampl\u00eda su oferta formativa para promover el bienestar de toda la poblaci\u00f3n\" data-analytics-asset-type=\"web-content\">\n<div class=\"nota\">\n<div class=\"description\">\n<ul>\n<li><strong><a href=\"http:\/\/www.escuelaasturianadecuidados.asturias.es\">Web<\/a><\/strong> \/\u00a0<a class=\"pdf\" title=\"Cartel_digital.pdf. Abre una nueva ventana\" href=\"https:\/\/actualidad.asturias.es\/documents\/533407\/0\/Cartel_digital.pdf\/f09b99e6-1bdb-a616-ad36-41bc0ef3fc74?t=1745650396920\" target=\"_blank\" rel=\"noopener\"> Cartel_dixital.pdf<\/a>\/\u00a0<a class=\"pdf\" title=\"Folleto_digitalEscuelaAsturianadeCuidados.pdf. Abre una nueva ventana\" href=\"https:\/\/actualidad.asturias.es\/documents\/533407\/0\/Folleto_digitalEscuelaAsturianadeCuidados.pdf\/da476162-8a38-3173-cd6b-c5d562647df6?t=1745650407530\" target=\"_blank\" rel=\"noopener\"> Folletu_dixital.pdf<\/a><\/li>\n<\/ul>\n<\/div>\n<div class=\"contenido-article documentacion\">\n<p>La<span style=\"color: #008080\"><strong> Escuela Asturiana de Cuidos, dependiente de la Conseyer\u00eda de Sal\u00fa<\/strong><\/span>, celebra&#8217;l so d\u00e9cimu aniversariu cola ampliaci\u00f3n de la so ufierta formativa para fomentar l&#8217;autocuid\u00e1u y el bienestar f\u00edsico y emocional de la ciudadan\u00eda.<\/p>\n<p style=\"text-align: center\"><a href=\"https:\/\/alojaweb-salud.asturias.es\/documents\/1252511\/1480851\/Banner_campa%C3%B1a.jpg\/5e338896-37c7-f920-440f-ae817a1125dc?t=1743678938741\"><img loading=\"lazy\" decoding=\"async\" class=\"aligncenter size-large\" src=\"https:\/\/alojaweb-salud.asturias.es\/documents\/1252511\/1480851\/Banner_campa%C3%B1a.jpg\/5e338896-37c7-f920-440f-ae817a1125dc?t=1743678938741\" width=\"1500\" height=\"500\" \/><\/a><\/p>\n<p><!--more--><\/p>\n<p>Hasta agora, los sos talleres y encamientos llegaron a m\u00e1s de tr\u00e9s mil persones, ente pacientes con enfermedaes cr\u00f3niques y los sos cuidadores, y agora \u00e1brese a tola poblaci\u00f3n. Sal\u00fa llanza una campa\u00f1a para espublizar los nuevos programes, que van tener tami\u00e9n una versi\u00f3n online.<\/p>\n<p><em>\u201cQueremos que la ciudadan\u00eda tome les meyores decisiones sobro la so sal\u00fa, polo que reforcemos la nuesa ufierta formativa, \u00e1brise al p\u00fablicu polo xeneral, pa fomentar la so participaci\u00f3n, tami\u00e9n de forma telem\u00e1tica\u201d,<\/em> esplic\u00f3 la directora xeneral de Cuidos, Roc\u00edo Ayande.<\/p>\n<p><span style=\"color: #008080\"><strong>L&#8217;oxetivu ye que tola poblaci\u00f3n asturiana aprienda a curiase, adopte vezos que favorezan el so bienestar y desenvuelva valores, actit\u00faes y habilidaes qu&#8217;ameyoren la so calid\u00e1 de vida.<\/strong><\/span> La escuela busca arreyar nel procesu formativu al personal sanitario, seg\u00fan a asociaciones y conceyos, p&#8217;ayudar a poner en pr\u00e1ctica estos encamientos de forma m\u00e1s efectiva y colaborativa.<\/p>\n<p>La escuela estren\u00f3 una p\u00e1xina web na que puede consultase tol cat\u00e1logu formativu y aportar a los cursos telem\u00e1ticos. Al primer programa, Curiando viviegamente&#8217;l mio sal\u00fa, s\u00famise agora iniciatives espec\u00edfiques como<strong> Curiando&#8217;l mio bienestar emocional<\/strong> y <strong>Curi\u00e1ndome pa curiar<\/strong>, <a href=\"http:\/\/www.escuelaasturianadecuidados.asturias.es\/\">disponibles na so web.<\/a><\/p>\n<p>L&#8217;ampliaci\u00f3n de la formaci\u00f3n de la escuela de cuidos coincide col llanzamientu de la campa\u00f1a Con muncha escuela, que pretende dar a conocer los oxetivos d&#8217;esta iniciativa.<\/p>\n<p style=\"text-align: center\">\n<a href=\"https:\/\/actualidad.asturias.es\/documents\/537115\/2517759\/Cartel_digital.jpg\/e0a0f3bd-6e51-707c-009d-0ade345a670f?t=1745650496232\"><img loading=\"lazy\" decoding=\"async\" class=\"aligncenter size-large\" src=\"https:\/\/actualidad.asturias.es\/documents\/537115\/2517759\/Cartel_digital.jpg\/e0a0f3bd-6e51-707c-009d-0ade345a670f?t=1745650496232\" width=\"842\" height=\"1191\" \/><\/a><\/p>\n<p style=\"text-align: left\">La campa\u00f1a incl\u00fai material audiovisual, reportaxes, fotograf\u00edes y conten\u00edos dixitales con testimonios y esperiencies de delles persones que se beneficiaron de la formaci\u00f3n. Ente les temes encetaes figuren: tomar de decisiones, el pensamientu positivu, el camb\u00e9u de vezos, el valor del grupu o la consecuci\u00f3n de prop\u00f3sitos.<\/p>\n<p>Nestos a\u00f1os, la escuela recibi\u00f3 la reconocencia de Bones Pr\u00e1ctiques en Sal\u00fa de la Uni\u00f3n Europea y integr\u00f3se na Rede Nacional d&#8217;Escueles de Sal\u00fa pa la Ciudadan\u00eda del Ministeriu de Sanid\u00e1.<\/p>\n<\/div>\n<\/div>\n<\/div>\n<\/div>\n<\/div>\n<\/div>\n<\/div>\n<\/div>\n<\/section>\n<\/div>\n<\/div>\n<\/div>\n<\/div>\n<\/div>\n<p>&nbsp;<\/p>\n","protected":false},"excerpt":{"rendered":"<p>Web \/\u00a0 Cartel_dixital.pdf\/\u00a0 Folletu_dixital.pdf La Escuela Asturiana de Cuidos, dependiente de la Conseyer\u00eda de Sal\u00fa, celebra&#8217;l so d\u00e9cimu aniversariu cola ampliaci\u00f3n de la so ufierta formativa para fomentar l&#8217;autocuid\u00e1u y el bienestar f\u00edsico y emocional de la ciudadan\u00eda.<\/p>\n","protected":false},"author":117,"featured_media":0,"comment_status":"open","ping_status":"open","sticky":false,"template":"","format":"standard","meta":{"footnotes":""},"categories":[48,1],"tags":[],"class_list":["post-46930","post","type-post","status-publish","format-standard","hentry","category-salu","category-sin-categoria"],"_links":{"self":[{"href":"https:\/\/edublog.educastur.es\/ixuxu\/wp-json\/wp\/v2\/posts\/46930","targetHints":{"allow":["GET"]}}],"collection":[{"href":"https:\/\/edublog.educastur.es\/ixuxu\/wp-json\/wp\/v2\/posts"}],"about":[{"href":"https:\/\/edublog.educastur.es\/ixuxu\/wp-json\/wp\/v2\/types\/post"}],"author":[{"embeddable":true,"href":"https:\/\/edublog.educastur.es\/ixuxu\/wp-json\/wp\/v2\/users\/117"}],"replies":[{"embeddable":true,"href":"https:\/\/edublog.educastur.es\/ixuxu\/wp-json\/wp\/v2\/comments?post=46930"}],"version-history":[{"count":4,"href":"https:\/\/edublog.educastur.es\/ixuxu\/wp-json\/wp\/v2\/posts\/46930\/revisions"}],"predecessor-version":[{"id":46934,"href":"https:\/\/edublog.educastur.es\/ixuxu\/wp-json\/wp\/v2\/posts\/46930\/revisions\/46934"}],"wp:attachment":[{"href":"https:\/\/edublog.educastur.es\/ixuxu\/wp-json\/wp\/v2\/media?parent=46930"}],"wp:term":[{"taxonomy":"category","embeddable":true,"href":"https:\/\/edublog.educastur.es\/ixuxu\/wp-json\/wp\/v2\/categories?post=46930"},{"taxonomy":"post_tag","embeddable":true,"href":"https:\/\/edublog.educastur.es\/ixuxu\/wp-json\/wp\/v2\/tags?post=46930"}],"curies":[{"name":"wp","href":"https:\/\/api.w.org\/{rel}","templated":true}]}}