{"id":46944,"date":"2025-04-29T08:30:46","date_gmt":"2025-04-29T06:30:46","guid":{"rendered":"https:\/\/edublog.educastur.es\/ixuxu\/?p=46944"},"modified":"2025-04-29T13:34:08","modified_gmt":"2025-04-29T11:34:08","slug":"el-tiempu-nasturies-el-comercio-8","status":"publish","type":"post","link":"https:\/\/edublog.educastur.es\/ixuxu\/2025\/04\/el-tiempu-nasturies-el-comercio-8\/","title":{"rendered":"El tiempu n&#8217;Asturies (El Comercio)"},"content":{"rendered":"<p style=\"text-align: center\"><a href=\"https:\/\/s1.ppllstatics.com\/elcomercio\/www\/multimedia\/2025\/04\/28\/tiempo-asturias-kFOD-U2301404163085IHH-1200x840@El%20Comercio.jpg\"><img loading=\"lazy\" decoding=\"async\" class=\"aligncenter size-large\" src=\"https:\/\/s1.ppllstatics.com\/elcomercio\/www\/multimedia\/2025\/04\/28\/tiempo-asturias-kFOD-U2301404163085IHH-1200x840@El%20Comercio.jpg\" width=\"1200\" height=\"840\" \/><\/a><\/p>\n<p>Esperamos unes condiciones meteorol\u00f3xiques estables en tol Princip\u00e1u d&#8217;Asturies.<strong> Los cielos<\/strong> van tar asoleyaos con, a lo sumo, la presencia de cobardes intervalos de nubes altes ensin importancia. Los vientos van predominar de componente sur con posibles raches moderaes especialmente nel cordal.<strong> Les temperatures<\/strong> van xubir tantu nel casu de les m\u00e1ximes como nel de les m\u00ednimes. Les m\u00e1ximes van xubir notablemente nel centru d&#8217;Asturies, moderadamente nel restu de la met\u00e1 norte, y de forma d\u00e9bil nel cordal y otres zones del sur asturianu. Podr\u00e1n rexistrase 30 \u00baC nes localidaes m\u00e1s templaes de la rex\u00f3n. <strong>Les m\u00ednimes<\/strong> van xubir llixeramente de forma xeneralizada con dellos ascensos locales daqu\u00e9 m\u00e1s significativos (hasta 3 \u00baC m\u00e1s) nel centru y tami\u00e9n nel cordal.<\/p>\n<p><!--more--><\/p>\n<p><strong>El mi\u00e9rcoles<\/strong> vamos tener una ma\u00f1ana soleyera con temperatures bien prestoses nuevamente pero, a lo llargo de la tarde, van entrar nubes pol suroeste que se van estender por tola Comunid\u00e1 Aut\u00f3noma. Estes nubes van dexar bastios nel oeste y nel cordal que van ser fuertes y acompa\u00f1aos de nube. Nel restu ye posible que tami\u00e9n acaben afectaos por estos bastios pero, en principiu, m\u00e1s probable nel tramu final del d\u00eda y na madrugada del xueves.<\/p>\n<p>&nbsp;<\/p>\n","protected":false},"excerpt":{"rendered":"<p>Esperamos unes condiciones meteorol\u00f3xiques estables en tol Princip\u00e1u d&#8217;Asturies. Los cielos van tar asoleyaos con, a lo sumo, la presencia de cobardes intervalos de nubes altes ensin importancia. Los vientos van predominar de componente sur con posibles raches moderaes especialmente nel cordal. Les temperatures van xubir tantu nel casu de les m\u00e1ximes como nel de [&hellip;]<\/p>\n","protected":false},"author":117,"featured_media":0,"comment_status":"open","ping_status":"open","sticky":false,"template":"","format":"standard","meta":{"footnotes":""},"categories":[5],"tags":[],"class_list":["post-46944","post","type-post","status-publish","format-standard","hentry","category-tiempu"],"_links":{"self":[{"href":"https:\/\/edublog.educastur.es\/ixuxu\/wp-json\/wp\/v2\/posts\/46944","targetHints":{"allow":["GET"]}}],"collection":[{"href":"https:\/\/edublog.educastur.es\/ixuxu\/wp-json\/wp\/v2\/posts"}],"about":[{"href":"https:\/\/edublog.educastur.es\/ixuxu\/wp-json\/wp\/v2\/types\/post"}],"author":[{"embeddable":true,"href":"https:\/\/edublog.educastur.es\/ixuxu\/wp-json\/wp\/v2\/users\/117"}],"replies":[{"embeddable":true,"href":"https:\/\/edublog.educastur.es\/ixuxu\/wp-json\/wp\/v2\/comments?post=46944"}],"version-history":[{"count":1,"href":"https:\/\/edublog.educastur.es\/ixuxu\/wp-json\/wp\/v2\/posts\/46944\/revisions"}],"predecessor-version":[{"id":46949,"href":"https:\/\/edublog.educastur.es\/ixuxu\/wp-json\/wp\/v2\/posts\/46944\/revisions\/46949"}],"wp:attachment":[{"href":"https:\/\/edublog.educastur.es\/ixuxu\/wp-json\/wp\/v2\/media?parent=46944"}],"wp:term":[{"taxonomy":"category","embeddable":true,"href":"https:\/\/edublog.educastur.es\/ixuxu\/wp-json\/wp\/v2\/categories?post=46944"},{"taxonomy":"post_tag","embeddable":true,"href":"https:\/\/edublog.educastur.es\/ixuxu\/wp-json\/wp\/v2\/tags?post=46944"}],"curies":[{"name":"wp","href":"https:\/\/api.w.org\/{rel}","templated":true}]}}