{"id":46991,"date":"2025-04-29T19:52:44","date_gmt":"2025-04-29T17:52:44","guid":{"rendered":"https:\/\/edublog.educastur.es\/ixuxu\/?p=46991"},"modified":"2025-04-30T10:16:11","modified_gmt":"2025-04-30T08:16:11","slug":"i-edicion-premios-la-flor-de-grau","status":"publish","type":"post","link":"https:\/\/edublog.educastur.es\/ixuxu\/2025\/04\/i-edicion-premios-la-flor-de-grau\/","title":{"rendered":"I Edici\u00f3n Premios \u00abLa Flor de Grau\u00bb"},"content":{"rendered":"<div class=\"html-div xdj266r x11i5rnm xat24cr x1mh8g0r xexx8yu x1a8lsjc x1swvt13 x1pi30zi\">\n<div class=\"html-div xdj266r x11i5rnm xat24cr x1mh8g0r xexx8yu x4uap5 x18d9i69 xkhd6sd x1jx94hy x78zum5 x1q0g3np\">\n<div class=\"x78zum5 xdt5ytf xz62fqu x16ldp7u\">\n<div class=\"xu06os2 x1ok221b\">\n<div class=\"html-div xdj266r x11i5rnm xat24cr x1mh8g0r xexx8yu x4uap5 x18d9i69 xkhd6sd\" data-ad-rendering-role=\"profile_name\">\n<ul>\n<li class=\"html-h3 x11i5rnm xat24cr x1mh8g0r xexx8yu x4uap5 x18d9i69 xkhd6sd x1vvkbs x1heor9g x1qlqyl8 x1pd3egz x1a2a7pz x1gslohp x1yc453h\"><span class=\"x1lliihq x6ikm8r x10wlt62 x1n2onr6\"><span class=\"x193iq5w xeuugli x13faqbe x1vvkbs x1xmvt09 x1f6kntn xvq8zen xo1l8bm xi81zsa\"><strong class=\"html-strong xdj266r x11i5rnm xat24cr x1mh8g0r xexx8yu x4uap5 x18d9i69 xkhd6sd x1hl2dhg x16tdsg8 x1vvkbs x1s688f\"><span class=\"xt0psk2\"><span class=\"html-span xdj266r x11i5rnm xat24cr x1mh8g0r xexx8yu x4uap5 x18d9i69 xkhd6sd x1hl2dhg x16tdsg8 x1vvkbs\"><a class=\"x1i10hfl xjbqb8w x1ejq31n xd10rxx x1sy0etr x17r0tee x972fbf xcfux6l x1qhh985 xm0m39n x9f619 x1ypdohk xt0psk2 xe8uvvx xdj266r x11i5rnm xat24cr x1mh8g0r xexx8yu x4uap5 x18d9i69 xkhd6sd x16tdsg8 x1hl2dhg xggy1nq x1a2a7pz xkrqix3 x1sur9pj xzsf02u x1s688f\" role=\"link\" href=\"https:\/\/www.facebook.com\/profile.php?id=61565809742351&amp;__cft__[0]=AZWzWn7LLQw92nSiUcRKF99ZMSN3f_2Fa-cHbPXeiLo7XDQST8rFzAhWt0kNjfleIhJ_XjYBNlL7G6Vb3b3m-yYJ6e5AdX0Hn-eFXuFNf94b8YRxQY9_PottlzMhH3Iie_SUf-77EciNmXa11WxY4VihZITxaOgH5Fxd3Myfhc0_gT06XLnrUx7C9tEB7S-MF9n2frKyahWXmb1pZL_NPe-r8kIrNhDNEQ-jVCpsFaUJug&amp;__tn__=-]C%2CP-y-R\">La Flor De Grau<\/a><\/span><\/span><\/strong>\u00a0est\u00e1 en\u00a0<strong class=\"html-strong xdj266r x11i5rnm xat24cr x1mh8g0r xexx8yu x4uap5 x18d9i69 xkhd6sd x1hl2dhg x16tdsg8 x1vvkbs x1s688f\"><span class=\"xt0psk2\"><span class=\"xjp7ctv\"><span class=\"html-span xdj266r x11i5rnm xat24cr x1mh8g0r xexx8yu x4uap5 x18d9i69 xkhd6sd x1hl2dhg x16tdsg8 x1vvkbs\"><a class=\"x1i10hfl xjbqb8w x1ejq31n xd10rxx x1sy0etr x17r0tee x972fbf xcfux6l x1qhh985 xm0m39n x9f619 x1ypdohk xt0psk2 xe8uvvx xdj266r x11i5rnm xat24cr x1mh8g0r xexx8yu x4uap5 x18d9i69 xkhd6sd x16tdsg8 x1hl2dhg xggy1nq x1a2a7pz xkrqix3 x1sur9pj xzsf02u x1s688f\" role=\"link\" href=\"https:\/\/www.facebook.com\/capilla.dolores.grado?__cft__[0]=AZWzWn7LLQw92nSiUcRKF99ZMSN3f_2Fa-cHbPXeiLo7XDQST8rFzAhWt0kNjfleIhJ_XjYBNlL7G6Vb3b3m-yYJ6e5AdX0Hn-eFXuFNf94b8YRxQY9_PottlzMhH3Iie_SUf-77EciNmXa11WxY4VihZITxaOgH5Fxd3Myfhc0_gT06XLnrUx7C9tEB7S-MF9n2frKyahWXmb1pZL_NPe-r8kIrNhDNEQ-jVCpsFaUJug&amp;__tn__=-]C%2CP-y-R\">Capilla de los Dolores<\/a><\/span><\/span><\/span><\/strong>.<\/span><\/span><\/li>\n<\/ul>\n<\/div>\n<\/div>\n<div class=\"xu06os2 x1ok221b\"><\/div>\n<\/div>\n<\/div>\n<\/div>\n<div class=\"html-div xdj266r x11i5rnm xat24cr x1mh8g0r xexx8yu x4uap5 x18d9i69 xkhd6sd\" dir=\"auto\">\n<div class=\"html-div xdj266r x11i5rnm xat24cr x1mh8g0r xexx8yu x4uap5 x18d9i69 xkhd6sd\" dir=\"auto\">\n<div class=\"html-div xdj266r x11i5rnm xat24cr x1mh8g0r xexx8yu x4uap5 x18d9i69 xkhd6sd\" data-ad-rendering-role=\"story_message\">\n<div class=\"x1l90r2v x1iorvi4 x1ye3gou xn6708d\" data-ad-comet-preview=\"message\" data-ad-preview=\"message\">\n<div class=\"x78zum5 xdt5ytf xz62fqu x16ldp7u\">\n<div class=\"xu06os2 x1ok221b\">\n<div class=\"x11i5rnm xat24cr x1mh8g0r x1vvkbs xtlvy1s x126k92a\">\n<div dir=\"auto\">Ayeri foi un d\u00eda mui especial nel que fiximos entrega a <strong>Mariluz Crist\u00f3bal Caunedo<\/strong> del primer galard\u00f3n que lleva&#8217;l nome de la nuesa asociaci\u00f3n. Nel marcu de les celebraciones de la Primera Flor, reconocimos la trayeutoria de la gran dama de la canci\u00f3n asturiana y, pa ello, cuntamos cola collaboraci\u00f3n de grandes figures del panorama musical asturianu. Xuntamos voces moces prometedores y voces ya consolidaes.<\/div>\n<\/div>\n<div dir=\"auto\" style=\"text-align: center\">\n<!-- iframe plugin v.6.0 wordpress.org\/plugins\/iframe\/ -->\n<iframe loading=\"lazy\" src=\"https:\/\/www.facebook.com\/plugins\/post.php?href=https%3A%2F%2Fwww.facebook.com%2Fphoto.php%3Ffbid%3D122151178490526991%26set%3Da.122101951172526991%26type%3D3&#038;show_text=false&#038;width=500\" width=\"500\" height=\"690\" style=\"border:none;overflow:hidden\" scrolling=\"no\" frameborder=\"0\" allowfullscreen=\"true\" allow=\"autoplay; clipboard-write; encrypted-media; picture-in-picture; web-share\" 0=\"\/iframe\" class=\"iframe-class\"><\/iframe>\n<\/div>\n<div class=\"x11i5rnm xat24cr x1mh8g0r x1vvkbs xtlvy1s x126k92a\">\n<div dir=\"auto\"><!--more--><\/div>\n<\/div>\n<div class=\"x11i5rnm xat24cr x1mh8g0r x1vvkbs xtlvy1s x126k92a\">\n<div dir=\"auto\">Damos les gracies a Ainhoa Garc\u00eda, Fina \u00c1lvarez y Marina Carbajosa poles sos interpretaciones musicales. Asina mesmo, damos les gracies al Taller \u00abLolo Cornellana\u00bb por regalanos dos pieces de la misa de gaita asturiana.<\/div>\n<div dir=\"auto\"><\/div>\n<\/div>\n<div class=\"x11i5rnm xat24cr x1mh8g0r x1vvkbs xtlvy1s x126k92a\">\n<div dir=\"auto\">Dende un puntu de vista acad\u00e9micu, los doctores en Musicolox\u00eda <span class=\"html-span xdj266r x11i5rnm xat24cr x1mh8g0r xexx8yu x4uap5 x18d9i69 xkhd6sd x1hl2dhg x16tdsg8 x1vvkbs\"><a class=\"x1i10hfl xjbqb8w x1ejq31n xd10rxx x1sy0etr x17r0tee x972fbf xcfux6l x1qhh985 xm0m39n x9f619 x1ypdohk xt0psk2 xe8uvvx xdj266r x11i5rnm xat24cr x1mh8g0r xexx8yu x4uap5 x18d9i69 xkhd6sd x16tdsg8 x1hl2dhg xggy1nq x1a2a7pz xkrqix3 x1sur9pj x1fey0fg x1s688f\" role=\"link\" href=\"https:\/\/l.facebook.com\/l.php?u=https%3A%2F%2Fwww.instagram.com%2F_u%2Fluispola94%3Ffbclid%3DIwZXh0bgNhZW0CMTAAYnJpZBExTVREOXNSWm5vd2tMamhsUAEeLs0rWN_XzHMwrNKwQt56C8Nu1Vmj8sLsXMpXtIslkh9sv1xu4-PYp9ryDGA_aem_PZgdl2u9ZA0TfL52sdTSow&amp;h=AT1vEgCBoYthc7A8wYWy4pEo7hqdQcH83WiojZF-K5geCdbXmhowpLHbMeO60rV50JI4PuIXALmQb5BKnejqB9bIuEMVJW-VHmLqkP9UNBsgA4P4tki2X9JMEBYDZvNl7w&amp;__tn__=-UK-y-R&amp;c[0]=AT2fg5jgdFR1sbKzx4YOjLbySicz2PvrfDo6qlt-GTtjYb4FFVN7EQeS56gm63jPQz1zNkvfmVFESYN4ijytJPEqoEUvFQA_WzaD-ia6ykpA6A4tm-t8Ww7MgLbWOEoCkP0jeJjNEBm0h1Yg70_vfKWj9bmPkLgADLsQg7aAWmMIXb1OZ01AwwTc8Jyk8CuWaHm7Rz8StQMMJXJkCTH-3A4LMTiDUdUWQU5pSAcNF9I5NTh-fB-H\" target=\"_blank\" rel=\"nofollow noopener noreferrer\">@luispola94<\/a><\/span> y Llorian Garc\u00eda glosaron la figura de Mariluz, recoyendo los sos innumerables llogros y destacando&#8217;l so enorme valor humanu. Tami\u00e9n se lleeron unes pallabres del catedr\u00e1ticu \u00c1ngel Medina sobre la galardonada.<\/div>\n<div dir=\"auto\"><\/div>\n<\/div>\n<div class=\"x11i5rnm xat24cr x1mh8g0r x1vvkbs xtlvy1s x126k92a\">\n<div dir=\"auto\">En cuanto al trof\u00e9u, ye una pieza \u00fanica fecho pola ceramista Natalia Su\u00e1rez del taller @woodic, tomando como referencia&#8217;l nuesu logotipu (@berto.graphic)<\/div>\n<div dir=\"auto\"><\/div>\n<\/div>\n<div class=\"x11i5rnm xat24cr x1mh8g0r x1vvkbs xtlvy1s x126k92a\">\n<div dir=\"auto\">Agradecemos a tolos que nos acompa\u00f1astis ayeri na Capilla nun d\u00eda tan especial pa n\u00f3s. Ye una sensaci\u00f3n preciosa.<\/div>\n<\/div>\n<div class=\"x11i5rnm xat24cr x1mh8g0r x1vvkbs xtlvy1s x126k92a\">\n<div dir=\"auto\">El agradecimientu faise extensible al Ayuntamientu de Grau (@ayto.grau) pola so collaboraci\u00f3n con estos premios y a la Caja Rural d&#8217;Asturies (@cajarural) por grabanos pa Canal Prestosu.<\/div>\n<div dir=\"auto\"><\/div>\n<\/div>\n<div class=\"x11i5rnm xat24cr x1mh8g0r x1vvkbs xtlvy1s x126k92a\">\n<div dir=\"auto\">Y\u00e1 sab\u00e9is: queden convocaos los Premios La Flor de Grau 2026.<\/div>\n<div dir=\"auto\"><\/div>\n<div dir=\"auto\" style=\"text-align: center\">\n<!-- iframe plugin v.6.0 wordpress.org\/plugins\/iframe\/ -->\n<iframe loading=\"lazy\" src=\"https:\/\/www.facebook.com\/plugins\/post.php?href=https%3A%2F%2Fwww.facebook.com%2Fphoto.php%3Ffbid%3D122151488486526991%26set%3Da.122101951172526991%26type%3D3&#038;show_text=false&#038;width=500\" width=\"500\" height=\"0\" style=\"border:none;overflow:hidden\" scrolling=\"no\" frameborder=\"0\" allowfullscreen=\"true\" allow=\"autoplay; clipboard-write; encrypted-media; picture-in-picture; web-share\" 0=\"\/iframe\" class=\"iframe-class\"><\/iframe>\n<\/div>\n<\/div>\n<\/div>\n<\/div>\n<\/div>\n<\/div>\n<\/div>\n<\/div>\n<p>&nbsp;<\/p>\n","protected":false},"excerpt":{"rendered":"<p>La Flor De Grau\u00a0est\u00e1 en\u00a0Capilla de los Dolores. Ayeri foi un d\u00eda mui especial nel que fiximos entrega a Mariluz Crist\u00f3bal Caunedo del primer galard\u00f3n que lleva&#8217;l nome de la nuesa asociaci\u00f3n. Nel marcu de les celebraciones de la Primera Flor, reconocimos la trayeutoria de la gran dama de la canci\u00f3n asturiana y, pa ello, [&hellip;]<\/p>\n","protected":false},"author":117,"featured_media":0,"comment_status":"open","ping_status":"open","sticky":false,"template":"","format":"standard","meta":{"footnotes":""},"categories":[204,58],"tags":[],"class_list":["post-46991","post","type-post","status-publish","format-standard","hentry","category-festivales","category-premios"],"_links":{"self":[{"href":"https:\/\/edublog.educastur.es\/ixuxu\/wp-json\/wp\/v2\/posts\/46991","targetHints":{"allow":["GET"]}}],"collection":[{"href":"https:\/\/edublog.educastur.es\/ixuxu\/wp-json\/wp\/v2\/posts"}],"about":[{"href":"https:\/\/edublog.educastur.es\/ixuxu\/wp-json\/wp\/v2\/types\/post"}],"author":[{"embeddable":true,"href":"https:\/\/edublog.educastur.es\/ixuxu\/wp-json\/wp\/v2\/users\/117"}],"replies":[{"embeddable":true,"href":"https:\/\/edublog.educastur.es\/ixuxu\/wp-json\/wp\/v2\/comments?post=46991"}],"version-history":[{"count":4,"href":"https:\/\/edublog.educastur.es\/ixuxu\/wp-json\/wp\/v2\/posts\/46991\/revisions"}],"predecessor-version":[{"id":47023,"href":"https:\/\/edublog.educastur.es\/ixuxu\/wp-json\/wp\/v2\/posts\/46991\/revisions\/47023"}],"wp:attachment":[{"href":"https:\/\/edublog.educastur.es\/ixuxu\/wp-json\/wp\/v2\/media?parent=46991"}],"wp:term":[{"taxonomy":"category","embeddable":true,"href":"https:\/\/edublog.educastur.es\/ixuxu\/wp-json\/wp\/v2\/categories?post=46991"},{"taxonomy":"post_tag","embeddable":true,"href":"https:\/\/edublog.educastur.es\/ixuxu\/wp-json\/wp\/v2\/tags?post=46991"}],"curies":[{"name":"wp","href":"https:\/\/api.w.org\/{rel}","templated":true}]}}