{"id":46997,"date":"2025-04-30T09:30:23","date_gmt":"2025-04-30T07:30:23","guid":{"rendered":"https:\/\/edublog.educastur.es\/ixuxu\/?p=46997"},"modified":"2025-04-30T09:15:44","modified_gmt":"2025-04-30T07:15:44","slug":"xorna-entre-teitos-esti-xueves-1-de-mayu-abierta-a-tol-mundu","status":"publish","type":"post","link":"https:\/\/edublog.educastur.es\/ixuxu\/2025\/04\/xorna-entre-teitos-esti-xueves-1-de-mayu-abierta-a-tol-mundu\/","title":{"rendered":"\u00a0&#8216;Xorn\u00e1 entre teitos&#8217;, esti xueves 1 de mayu, abierta a tol mundu"},"content":{"rendered":"<div class=\"v-r__c v-r__c--1 v-r-c-9 v-r-c-sm-12\">\n<article class=\"v-a v-a--v v-a--ds v-a--d-9-c v-a--rpg v-a--p-r v-a--p-t-xs v-a--v-l-xs\">\n<div class=\"v-a-info-c\">\n<ul>\n<li class=\"v-a-t \"><a title=\"Ruta, comida y baile alrededor de los teitos en Somiedo\" href=\"https:\/\/www.elcomercio.es\/rutas-senderismo-por-asturias\/ruta-comida-baile-xorna-teitos-somiedo-asturias-20250429185643-nt.html\">Ruta, comida y baile alrededor de los teitos en Somiedo<\/a>\/ <a title=\"Mara Llamedo\" href=\"https:\/\/www.elcomercio.es\/autor\/mara-llamedo-4903.html\">Mara Llamedo<\/a><\/li>\n<\/ul>\n<div class=\"v-op\">\n<p style=\"text-align: center\"><a href=\"https:\/\/s2.ppllstatics.com\/elcomercio\/www\/multimedia\/2025\/04\/29\/pornacal-somiedo-kVaF-U2301616533474JoC-1200x840@El%20Comercio.jpg\"><img loading=\"lazy\" decoding=\"async\" class=\"aligncenter size-large\" src=\"https:\/\/s2.ppllstatics.com\/elcomercio\/www\/multimedia\/2025\/04\/29\/pornacal-somiedo-kVaF-U2301616533474JoC-1200x840@El%20Comercio.jpg\" width=\"1200\" height=\"837\" \/><\/a><\/p>\n<\/div>\n<p class=\"v-a-sub-t\"><strong><span style=\"color: #008080\">\u00a0&#8216;Xorn\u00e1 entre teitos&#8217;,<\/span><\/strong> va tener llugar esti xueves 1 de mayu <strong>abierta a tol mundu<\/strong> y, am\u00e1s de bona comida y un taller de baille, incl\u00fai una ruta interpretativa hasta la Bra\u00f1a La Pornacal dende Vi.llar de Vidas.<\/p>\n<\/div>\n<\/article>\n<\/div>\n<div class=\"v-r__c v-r__c--2 v-r-c-3 v-r-bdr-l-md\">\n<article class=\"v-a v-a--v v-a--t v-a--t-3-c v-a--p-t v-a--v-m-xs\">\n<div class=\"v-a-info-c \">\n<div class=\"v-op\">\n<ul>\n<li class=\"v-op__c\">Fonte: <a href=\"https:\/\/www.elcomercio.es\/rutas-senderismo-por-asturias\/ruta-comida-baile-xorna-teitos-somiedo-asturias-20250429185643-nt.html\">El Comercio<\/a> \/<\/li>\n<\/ul>\n<p><!--more--><\/p>\n<\/div>\n<\/div>\n<\/article>\n<\/div>\n<div class=\"v-r__c v-r__c--3 v-r-c-12 v-r-bdr-t-md\">\n<div class=\"v-r-s v-r-s-c-4 v-r-bdr-v\">\n<div class=\"v-r-s__c v-r-s__c--1\">\n<article class=\"v-a v-a--v v-a--t v-a--t-3-c v-a--p-t v-a--p-r-sm v-a--v-s-xs \">\n<div class=\"v-a-img-c \">\n<p>La<strong> Bra\u00f1a la Pornacal<\/strong> y los senderos montunos del <strong>Parque Natural de Somiedu<\/strong> van ser l&#8217;escenariu d&#8217;una xornada bien especial que xira alredor de los teitos y va tener llugar esti mesmu xueves, 1 de mayu, abierta a tol p\u00fablicu que deseye unise a ella.<\/p>\n<p><strong>El plan nun puede ser m\u00e1s suxerente<\/strong>: pasar el d\u00eda n&#8217;una bra\u00f1a, aprendiendo sobro estos hist\u00f3ricos llugares y sobro el so elementu etnogr\u00e1ficu m\u00e1s importante: los teitos, singulares cabanes de cubierta vexetal a les que quier ponese en valor con actividaes como esta, na que se busca crear un ambiente de<strong> \u00abxuntanza\u00bb, l\u00fadicu y festivu, que sirva p&#8217;afayar la biodiversid\u00e1 y el bellu paisaxe somedense pero tami\u00e9n la so cultura,la so etnograf\u00eda y l&#8217;hestoria de los sos montes.<\/strong><\/p>\n<p>Los teitos son los protagonistes alredor de los cualos va xirar la xornada preparada pal 1 de mayu, qu&#8217;empieza con una ruta interpretativa dende Vi.llar de Vidas hasta la Pornacal.<\/p>\n<p>Entam\u00e1u pol proyectu <strong>Escuela de Teitau<\/strong> en collaboraci\u00f3n con<strong> Natura Somiedu<\/strong>, el plan del xueves va empezar a eso de les 11 de la ma\u00f1ana nel pueblu de Lla\u00edn.llar de Vides con una ruta senciella, apta pa tola familia, que va tener como destino la Bra\u00f1a de la Pornacal, xuna de les m\u00e1s grandes y espectaculares de too Somiedu:<\/p>\n<p><em>\u00abLa ruta en realid\u00e1 quier ser un pas\u00e9u interpretativu, pa faer tranquilos y ensin priesa, nel que vamos poner el g\u00fceyu nos aspeutos m\u00e1s caracter\u00edsticos de la zona: la flora, la fauna, la etnograf\u00eda\u2026 Na activid\u00e1 van participar tami\u00e9n vecinos de Lla\u00edn.llar de Vides, que van compartir les sos alcordances y la cultura de les bra\u00f1es colos participantes. Va Haber avistamientu d&#8217;aves, informaci\u00f3n sobro l&#8217;osu, reconocencia de plantes, bonos paisaxes\u2026 \u00ab<\/em>, cuenta Roberto, de Natura Somiedu, emp\u00f3n encarg\u00e1u d&#8217;esta primer parte de la xornada.<\/p>\n<p><em>\u00abTenemos entam\u00e1u quedar sobro les 11 de la ma\u00f1ana. La ruta que se va a realizar ye d&#8217;unos 3-4 kil\u00f3metros, bien algamadizu: Lla\u00edn.llar de Vides ta a 850 metros y la Pornacal a 1200, asina que son unos 350 metros de desnivel. La intensid\u00e1 de la ruta nesti casu nun ta na so dificult\u00e1 t\u00e9cnica sin\u00f3n en que n&#8217;apenes 4 kil\u00f3metros de percorr\u00edu vense y apr\u00e9ciense munchos detalles sobro esti sitiu, con muncho qu&#8217;amosar aparte del paisaxe mesmu\u00bb<\/em>, remarca Roberto.<\/p>\n<p>L&#8217;activid\u00e1, dafechu gratuita y abierta a tol mundu, va avanzar \u2013ensin priesa- dende Vi.llar de Vidas pa recalar na Bra\u00f1a La Pornacal, una de les m\u00e1s belles y m\u00e1s grandes de too Somiedu, estremada en dellos barrios y con maraviyosos exemplos de teitos de too tipu.<\/p>\n<p>\u00abLlegaos a la bra\u00f1a, empieza puramente la Xorn\u00e1 entre Teitos. La<strong> Escuela de Teitau<\/strong> \u2013organizadores principales d&#8217;esti plan de monte- <strong><span style=\"color: #008080\">lo que pretende ye crear redes de trabayu y d&#8217;espardimientu de la cultura de los teitos, contribuyendo d&#8217;esta forma a la recuperaci\u00f3n y el caltenimientu d&#8217;estes cabanes, tan caracter\u00edstiques d&#8217;esti paisaxe de monte y tan esenciales na cultura de la zona\u00bb.<\/span><\/strong><\/p>\n<p style=\"text-align: center\"><a href=\"https:\/\/s1.ppllstatics.com\/elcomercio\/www\/multimedia\/2025\/04\/29\/brana-pornacal-kVaF-U230161653347404F-624x385@El%20Comercio.jpg\"><img loading=\"lazy\" decoding=\"async\" class=\"aligncenter size-large\" src=\"https:\/\/s1.ppllstatics.com\/elcomercio\/www\/multimedia\/2025\/04\/29\/brana-pornacal-kVaF-U230161653347404F-624x385@El%20Comercio.jpg\" width=\"621\" height=\"385\" \/><\/a><\/p>\n<p style=\"text-align: center\"><em>Conocer la flora y la fauna con una ruta interpretativa y,<\/em><br \/>\n<em> depu\u00e9s, pasar el d\u00eda na bra\u00f1a, entre teitos, faciendo xuntanza<\/em><\/p>\n<p>Asina, tres la caminada interpretativa, na Bra\u00f1a La Pornacal<strong> va celebrase una comida: la Escuela de Teitau va preparar ensalada<\/strong>, pataques y cabritu pa tol que quiera tastiar talos manxares a cuerpu de bra\u00f1a: podr\u00e1 mercase un ticket de comida, collaborando d&#8217;esa forma a que les actividaes de restauraci\u00f3n y espardimientu de teitos puedan siguir llev\u00e1ndose a cabu.<\/p>\n<p>Tres la comida, la xuntanza va siguir a base de un taller de baille tradicional, impart\u00edu por Alba Men\u00e9ndez: una forma de cerrar el d\u00eda de forma festiva antes de volver poner aldu (de nuevu, ensin priesa) escontra Vil.llar de Vides al filu de la media tarde.<\/p>\n<p><em>\u00abEste ye&#8217;l segundu a\u00f1u que s&#8217;entama esta Xorn\u00e1\u00a0 y esperamos que nos acompa\u00f1e muncha xente. El pas\u00e1u a\u00f1u fiz\u00edmoslo en Teberga, con un gran \u00e9situ: cualquier persona con inter\u00e9s nes cabanes de teito, na cultura de les bra\u00f1es y en conocer un poquit\u00edn m\u00e1s de cerca esta ayalga que ye Somiedu ta convid\u00e1u a acompa\u00f1anos esti xueves\u00bb<\/em>, concl\u00fai Roberto, animando a que m\u00e1s persones s&#8217;interesen por esi bellu proyectu que ye la Escuela de Teitau seg\u00fan por eses construcciones (tan de monte como los osos o les plantes aut\u00f3ctones) que son los teitos:<\/p>\n<p><strong>\u00abYe un d\u00eda especial porque nun se trata nam\u00e1 de dir de ruta, maravi\u00e1ndose con esti paisaxe y la maxa d&#8217;esti llugar: participar nesta Xorn\u00e1 entre teitos tami\u00e9n ye poner en valor la cultura de monte y collaborar por que nun se pierda, por que perdure.<\/strong> Ye una forma de faer pi\u00f1a, comunid\u00e1, xuntanza\u2026 alredor d&#8217;un elementu de la etnograf\u00eda que tien enforma que cuntar sobro&#8217;l territoriu y que ye xuna pieza clave del paisaxe que nunca tendr\u00eda de perdese\u00bb.<\/p>\n<p>Pa m\u00e1s informaci\u00f3n sobro&#8217;l proyectu o les actividaes previstes pa esti xueves, d\u00eda 1 de mayu puede allegase a la p\u00e1xina web <strong>escueladeteitau.com<\/strong> o contactar con Roberto al travi\u00e9s de <strong>naturasomiedo.es<\/strong><\/p>\n<p style=\"text-align: center\"><a href=\"https:\/\/s2.ppllstatics.com\/elcomercio\/www\/multimedia\/2025\/04\/29\/xorna-teitos-somiedo-kVaF-U2301616533474odC-624x385@El%20Comercio.jpg\"><img loading=\"lazy\" decoding=\"async\" class=\"aligncenter size-large\" src=\"https:\/\/s2.ppllstatics.com\/elcomercio\/www\/multimedia\/2025\/04\/29\/xorna-teitos-somiedo-kVaF-U2301616533474odC-624x385@El%20Comercio.jpg\" width=\"618\" height=\"385\" \/><\/a><\/p>\n<\/div>\n<\/article>\n<\/div>\n<\/div>\n<\/div>\n<p>&nbsp;<\/p>\n","protected":false},"excerpt":{"rendered":"<p>Ruta, comida y baile alrededor de los teitos en Somiedo\/ Mara Llamedo \u00a0&#8216;Xorn\u00e1 entre teitos&#8217;, va tener llugar esti xueves 1 de mayu abierta a tol mundu y, am\u00e1s de bona comida y un taller de baille, incl\u00fai una ruta interpretativa hasta la Bra\u00f1a La Pornacal dende Vi.llar de Vidas. Fonte: El Comercio \/<\/p>\n","protected":false},"author":117,"featured_media":0,"comment_status":"open","ping_status":"open","sticky":false,"template":"","format":"standard","meta":{"footnotes":""},"categories":[198,225,1],"tags":[],"class_list":["post-46997","post","type-post","status-publish","format-standard","hentry","category-arquitectura","category-rutes","category-sin-categoria"],"_links":{"self":[{"href":"https:\/\/edublog.educastur.es\/ixuxu\/wp-json\/wp\/v2\/posts\/46997","targetHints":{"allow":["GET"]}}],"collection":[{"href":"https:\/\/edublog.educastur.es\/ixuxu\/wp-json\/wp\/v2\/posts"}],"about":[{"href":"https:\/\/edublog.educastur.es\/ixuxu\/wp-json\/wp\/v2\/types\/post"}],"author":[{"embeddable":true,"href":"https:\/\/edublog.educastur.es\/ixuxu\/wp-json\/wp\/v2\/users\/117"}],"replies":[{"embeddable":true,"href":"https:\/\/edublog.educastur.es\/ixuxu\/wp-json\/wp\/v2\/comments?post=46997"}],"version-history":[{"count":3,"href":"https:\/\/edublog.educastur.es\/ixuxu\/wp-json\/wp\/v2\/posts\/46997\/revisions"}],"predecessor-version":[{"id":47000,"href":"https:\/\/edublog.educastur.es\/ixuxu\/wp-json\/wp\/v2\/posts\/46997\/revisions\/47000"}],"wp:attachment":[{"href":"https:\/\/edublog.educastur.es\/ixuxu\/wp-json\/wp\/v2\/media?parent=46997"}],"wp:term":[{"taxonomy":"category","embeddable":true,"href":"https:\/\/edublog.educastur.es\/ixuxu\/wp-json\/wp\/v2\/categories?post=46997"},{"taxonomy":"post_tag","embeddable":true,"href":"https:\/\/edublog.educastur.es\/ixuxu\/wp-json\/wp\/v2\/tags?post=46997"}],"curies":[{"name":"wp","href":"https:\/\/api.w.org\/{rel}","templated":true}]}}