{"id":47001,"date":"2025-04-30T08:30:30","date_gmt":"2025-04-30T06:30:30","guid":{"rendered":"https:\/\/edublog.educastur.es\/ixuxu\/?p=47001"},"modified":"2025-04-30T09:19:49","modified_gmt":"2025-04-30T07:19:49","slug":"tiempu-nasturies-el-comercio-3","status":"publish","type":"post","link":"https:\/\/edublog.educastur.es\/ixuxu\/2025\/04\/tiempu-nasturies-el-comercio-3\/","title":{"rendered":"Tiempu n&#8217;Asturies (El Comercio)"},"content":{"rendered":"<p><strong>L&#8217;Aemet activa l&#8217;avisu mariellu a partir de les 16 hores<\/strong> d&#8217;esti mi\u00e9rcoles en tola franxa sur del Princip\u00e1u por riesgu de precipitaciones y nubes. \/<a title=\"tiempo en Asturias\" href=\"https:\/\/www.elcomercio.es\/temas\/generales\/el-tiempo-en-asturias.html\" data-voc-vtm-id=\"in-text-traffic\" data-mrf-link=\"www.elcomercio.es\">tiempo en Asturias<\/a><\/p>\n<p style=\"text-align: center\"><a href=\"https:\/\/s1.ppllstatics.com\/elcomercio\/www\/multimedia\/2025\/04\/29\/tiempo-asturias-kvgC-U2301404163085IHH-1200x840@El%20Comercio.jpg\"><img loading=\"lazy\" decoding=\"async\" class=\"aligncenter size-large\" src=\"https:\/\/s1.ppllstatics.com\/elcomercio\/www\/multimedia\/2025\/04\/29\/tiempo-asturias-kvgC-U2301404163085IHH-1200x840@El%20Comercio.jpg\" width=\"1200\" height=\"840\" \/><\/a><\/p>\n<p>Vamos concluyir el mes con una xornada estable de primeres anque, na recta final del d\u00eda, van llegar bastios pol suroeste que se van estender a otres zones d&#8217;Asturies. Con \u00e9ses <strong>vamos amanecer<\/strong> con cielos pocu nublos o inclusive estenos. <strong>A lo llargo de la ma\u00f1ana<\/strong> van poder apaecer intervalos de nubes altes ensin importancia. <strong>Mientres la tarde<\/strong> y\u00e1 van empezar a reparase nubes de tipu medio y, finalmente, el cielu va tar dafechu cubiertu.<\/p>\n<p><!--more--><\/p>\n<p>L&#8217;Axencia Estatal de Meteorolox\u00eda va activar <strong>l&#8217;avisu mariellu a partir de les 16 hores<\/strong> nel suroeste y a partir de les 18 hores tanto nel cordal como na zona central del Princip\u00e1u, por posibilid\u00e1 de fuertes ag\u00fces que podr\u00eden rexistrar hasta 20 llitros per metro cuadr\u00e1u nuna hora, am\u00e1s de la posibilid\u00e1 de xarazo.<\/p>\n<p>Comoquier, seg\u00fan los \u00faltimos modelos meteorol\u00f3xicos, lo m\u00e1s probable ye que los bastios nun lleguen al suroeste hasta \u00faltimes hores de la tarde, y al restu d&#8217;Asturies y\u00e1 pela nueche.<\/p>\n<p><strong>Tocantes a les temperatures<\/strong>, van baxar les m\u00e1ximes salvo nel cordal y nel terciu oriental. Les m\u00ednimes, sicas\u00ed, van xubir. Los vientos van empezar soplando de sur pero van acabar siendo variables.<\/p>\n<p>Mieres rexistra la temperatura m\u00e1s alto d&#8217;Espa\u00f1a n&#8217;una madrugada de valores tropicales.<\/p>\n","protected":false},"excerpt":{"rendered":"<p>L&#8217;Aemet activa l&#8217;avisu mariellu a partir de les 16 hores d&#8217;esti mi\u00e9rcoles en tola franxa sur del Princip\u00e1u por riesgu de precipitaciones y nubes. \/tiempo en Asturias Vamos concluyir el mes con una xornada estable de primeres anque, na recta final del d\u00eda, van llegar bastios pol suroeste que se van estender a otres zones [&hellip;]<\/p>\n","protected":false},"author":117,"featured_media":0,"comment_status":"open","ping_status":"open","sticky":false,"template":"","format":"standard","meta":{"footnotes":""},"categories":[5],"tags":[],"class_list":["post-47001","post","type-post","status-publish","format-standard","hentry","category-tiempu"],"_links":{"self":[{"href":"https:\/\/edublog.educastur.es\/ixuxu\/wp-json\/wp\/v2\/posts\/47001","targetHints":{"allow":["GET"]}}],"collection":[{"href":"https:\/\/edublog.educastur.es\/ixuxu\/wp-json\/wp\/v2\/posts"}],"about":[{"href":"https:\/\/edublog.educastur.es\/ixuxu\/wp-json\/wp\/v2\/types\/post"}],"author":[{"embeddable":true,"href":"https:\/\/edublog.educastur.es\/ixuxu\/wp-json\/wp\/v2\/users\/117"}],"replies":[{"embeddable":true,"href":"https:\/\/edublog.educastur.es\/ixuxu\/wp-json\/wp\/v2\/comments?post=47001"}],"version-history":[{"count":1,"href":"https:\/\/edublog.educastur.es\/ixuxu\/wp-json\/wp\/v2\/posts\/47001\/revisions"}],"predecessor-version":[{"id":47002,"href":"https:\/\/edublog.educastur.es\/ixuxu\/wp-json\/wp\/v2\/posts\/47001\/revisions\/47002"}],"wp:attachment":[{"href":"https:\/\/edublog.educastur.es\/ixuxu\/wp-json\/wp\/v2\/media?parent=47001"}],"wp:term":[{"taxonomy":"category","embeddable":true,"href":"https:\/\/edublog.educastur.es\/ixuxu\/wp-json\/wp\/v2\/categories?post=47001"},{"taxonomy":"post_tag","embeddable":true,"href":"https:\/\/edublog.educastur.es\/ixuxu\/wp-json\/wp\/v2\/tags?post=47001"}],"curies":[{"name":"wp","href":"https:\/\/api.w.org\/{rel}","templated":true}]}}