{"id":47003,"date":"2025-04-30T10:00:01","date_gmt":"2025-04-30T08:00:01","guid":{"rendered":"https:\/\/edublog.educastur.es\/ixuxu\/?p=47003"},"modified":"2025-05-02T10:58:43","modified_gmt":"2025-05-02T08:58:43","slug":"los-guevos-mas-caros-de-la-decada-van-siguir-a-lalza-nee-uu","status":"publish","type":"post","link":"https:\/\/edublog.educastur.es\/ixuxu\/2025\/04\/los-guevos-mas-caros-de-la-decada-van-siguir-a-lalza-nee-uu\/","title":{"rendered":"Los g\u00fcevos m\u00e1s caros de la d\u00e9cada van siguir a l&#8217;alza n&#8217;EE UU"},"content":{"rendered":"<p style=\"text-align: center\"><a href=\"https:\/\/s1.ppllstatics.com\/rc\/www\/multimedia\/2025\/04\/25\/huevo-fotolead-arriba4.png\"><img loading=\"lazy\" decoding=\"async\" class=\"aligncenter \" src=\"https:\/\/s1.ppllstatics.com\/rc\/www\/multimedia\/2025\/04\/25\/huevo-fotolead-arriba4.png\" width=\"521\" height=\"365\" \/><\/a><\/p>\n<ul>\n<li>Fonte: <a href=\"https:\/\/www.elcomercio.es\/economia\/huevos-caros-decada-seguiran-alza-falta-gallinas-20250427005238-ntrc.html#vtm_modulosEngag=historias-visuales:portada:noticia:3\">El Comercio<\/a> \/<\/li>\n<\/ul>\n<p><strong>Los g\u00fcevos son un alimentu b\u00e1sico de la dieta mediterr\u00e1nea<\/strong>. N&#8217;Espa\u00f1a cada ciudadanu consume 8,7 quilos de g\u00fcevos, unes 137 unidaes al a\u00f1u o 3 g\u00fcevos a la selmana, seg\u00fan datos del Ministeriu d&#8217;Agricultura y Alimentaci\u00f3n.<\/p>\n<p><!--more--><\/p>\n<p>Los g\u00fcevos m\u00e1s caros de la d\u00e9cada van siguir a l&#8217;alza pola falta de pites n&#8217;EE UU.<strong> Espa\u00f1a as\u00edtiase como uno de los primeros productores europeos<\/strong>, pero los aranceles impuestos por Trump y la dificult\u00e1 para aumentar r\u00e1pido la ufierta enterria los precios \u00e9nte una demanda que nun cesa.<\/p>\n<p>Hasta agora<strong> cada espa\u00f1ol gastaba 28 euros de media al a\u00f1u nel so consumu de g\u00fcevo<\/strong>s, pero&#8217;l &#8216;boom&#8217; nel so preciu deriv\u00e1u de la crisis d&#8217;Estaos Xun\u00edos puede asitiar esa factura bien percima angua\u00f1o.<\/p>\n<p>Y en esti casu la crisis d&#8217;EE UU nun ye arancelaria, sin\u00f3n sanitaria. Un sector que factura al a\u00f1u 2.300 millones d&#8217;euros ta nel puntu de mira agora que los precios dispar\u00e1ronse. <strong>N&#8217;Espa\u00f1a&#8217;l preciu de los g\u00fcevos amont\u00f3se un 11,4% el pas\u00e1u mes de marzu<\/strong> al respective de va un a\u00f1u y un 7% frente al mes anterior -\u00faltimos datos disponibles nel INE-.<\/p>\n<p>&nbsp;<\/p>\n","protected":false},"excerpt":{"rendered":"<p>Fonte: El Comercio \/ Los g\u00fcevos son un alimentu b\u00e1sico de la dieta mediterr\u00e1nea. N&#8217;Espa\u00f1a cada ciudadanu consume 8,7 quilos de g\u00fcevos, unes 137 unidaes al a\u00f1u o 3 g\u00fcevos a la selmana, seg\u00fan datos del Ministeriu d&#8217;Agricultura y Alimentaci\u00f3n.<\/p>\n","protected":false},"author":117,"featured_media":0,"comment_status":"open","ping_status":"open","sticky":false,"template":"","format":"standard","meta":{"footnotes":""},"categories":[138],"tags":[],"class_list":["post-47003","post","type-post","status-publish","format-standard","hentry","category-alimentos"],"_links":{"self":[{"href":"https:\/\/edublog.educastur.es\/ixuxu\/wp-json\/wp\/v2\/posts\/47003","targetHints":{"allow":["GET"]}}],"collection":[{"href":"https:\/\/edublog.educastur.es\/ixuxu\/wp-json\/wp\/v2\/posts"}],"about":[{"href":"https:\/\/edublog.educastur.es\/ixuxu\/wp-json\/wp\/v2\/types\/post"}],"author":[{"embeddable":true,"href":"https:\/\/edublog.educastur.es\/ixuxu\/wp-json\/wp\/v2\/users\/117"}],"replies":[{"embeddable":true,"href":"https:\/\/edublog.educastur.es\/ixuxu\/wp-json\/wp\/v2\/comments?post=47003"}],"version-history":[{"count":4,"href":"https:\/\/edublog.educastur.es\/ixuxu\/wp-json\/wp\/v2\/posts\/47003\/revisions"}],"predecessor-version":[{"id":47252,"href":"https:\/\/edublog.educastur.es\/ixuxu\/wp-json\/wp\/v2\/posts\/47003\/revisions\/47252"}],"wp:attachment":[{"href":"https:\/\/edublog.educastur.es\/ixuxu\/wp-json\/wp\/v2\/media?parent=47003"}],"wp:term":[{"taxonomy":"category","embeddable":true,"href":"https:\/\/edublog.educastur.es\/ixuxu\/wp-json\/wp\/v2\/categories?post=47003"},{"taxonomy":"post_tag","embeddable":true,"href":"https:\/\/edublog.educastur.es\/ixuxu\/wp-json\/wp\/v2\/tags?post=47003"}],"curies":[{"name":"wp","href":"https:\/\/api.w.org\/{rel}","templated":true}]}}