{"id":47007,"date":"2025-04-30T09:00:05","date_gmt":"2025-04-30T07:00:05","guid":{"rendered":"https:\/\/edublog.educastur.es\/ixuxu\/?p=47007"},"modified":"2025-04-30T14:37:28","modified_gmt":"2025-04-30T12:37:28","slug":"dia-internacional-del-jazz-2","status":"publish","type":"post","link":"https:\/\/edublog.educastur.es\/ixuxu\/2025\/04\/dia-internacional-del-jazz-2\/","title":{"rendered":"D\u00eda Internacional del Jazz."},"content":{"rendered":"<p style=\"text-align: center\"><a href=\"https:\/\/imgs.search.brave.com\/UlcHwKyABPpcy44YXc7IplDFYBslgF06en5HWoBc-1g\/rs:fit:860:0:0:0\/g:ce\/aHR0cHM6Ly93d3cu\/Y2xhcmluLmNvbS9p\/bWcvMjAyMS8wNC8y\/MS9aWnhockQyREFf\/NzIweDBfXzEuanBn\"><img loading=\"lazy\" decoding=\"async\" class=\"aligncenter size-large\" src=\"https:\/\/imgs.search.brave.com\/UlcHwKyABPpcy44YXc7IplDFYBslgF06en5HWoBc-1g\/rs:fit:860:0:0:0\/g:ce\/aHR0cHM6Ly93d3cu\/Y2xhcmluLmNvbS9p\/bWcvMjAyMS8wNC8y\/MS9aWnhockQyREFf\/NzIweDBfXzEuanBn\" width=\"720\" height=\"480\" \/><\/a><\/p>\n<p>\u00abEsta xornada tien como oxetivu sensibilizar al p\u00fablicu xeneral sobro les virt\u00faes de la m\u00fasica jazz como ferramienta educativo y como motor pa la paz, la unid\u00e1, el di\u00e1logu y el refuerzu de la cooperaci\u00f3n ente pueblos\u00bb. \u2013UNESCO. Plan pa g\u00fcei: lleer, baillar, escuchar m\u00fasica\u2026<\/p>\n<p><!--more--><\/p>\n<p style=\"text-align: center\">\n<!-- iframe plugin v.6.0 wordpress.org\/plugins\/iframe\/ -->\n<iframe loading=\"lazy\" width=\"100%\" height=\"383\" src=\"https:\/\/www.youtube.com\/embed\/H94ntp93SGY\" title=\"M\u00fasica De Jazz De Forest Caf\u00e9 | Jazz Tranquilo Matutino Con Terapia De La Naturaleza Para Aliviar...\" frameborder=\"0\" allow=\"accelerometer; autoplay; clipboard-write; encrypted-media; gyroscope; picture-in-picture; web-share\" referrerpolicy=\"strict-origin-when-cross-origin\" 0=\"allowfullscreen\" 1=\"\/iframe\" scrolling=\"yes\" class=\"iframe-class\"><\/iframe>\n<\/p>\n<p>&nbsp;<\/p>\n<p>Esti d\u00eda\u00a0 foi proclam\u00e1u en payares de 2011 pola UNESCO, <strong>coles mires de destacar el jazz y el so papel diplom\u00e1ticu de xunir a les persones en tolos rincones del globu.<\/strong><\/p>\n<p style=\"text-align: center\"><a href=\"https:\/\/imgs.search.brave.com\/KgvqRdCTtEjNb0HFdjlCBJ4NLQaf0rfS4gFg8Awda2E\/rs:fit:860:0:0:0\/g:ce\/aHR0cHM6Ly9tbWEu\/cHJuZXdzd2lyZS5j\/b20vbWVkaWEvMjQ1\/ODQyOC9IZXJiaWVf\/SGFuY29ja19JbnN0\/aXR1dGVfb2ZfSmF6\/ei5qcGc_dz0zMDA\"><img loading=\"lazy\" decoding=\"async\" class=\"aligncenter size-large\" src=\"https:\/\/imgs.search.brave.com\/KgvqRdCTtEjNb0HFdjlCBJ4NLQaf0rfS4gFg8Awda2E\/rs:fit:860:0:0:0\/g:ce\/aHR0cHM6Ly9tbWEu\/cHJuZXdzd2lyZS5j\/b20vbWVkaWEvMjQ1\/ODQyOC9IZXJiaWVf\/SGFuY29ja19JbnN0\/aXR1dGVfb2ZfSmF6\/ei5qcGc_dz0zMDA\" width=\"300\" height=\"335\" \/><\/a><\/p>\n<p>Esti d\u00eda <strong>busca sensibilizar al p\u00fablicu xeneral sobro les virt\u00faes del jazz como ferramienta educativo y motor pa la paz, la unid\u00e1, el di\u00e1logu y la cooperaci\u00f3n ente pueblos.<\/strong><\/p>\n<p style=\"text-align: center\"><a href=\"https:\/\/imgs.search.brave.com\/ULLPxmE2mE3trFlo4maX-OcPe-nIbgq16ZgBrtAsjoo\/rs:fit:860:0:0:0\/g:ce\/aHR0cHM6Ly91cGxv\/YWQud2lraW1lZGlh\/Lm9yZy93aWtpcGVk\/aWEvY29tbW9ucy9h\/L2E4L0hlcmJpZV9I\/YW5jb2NrX1N0YXJf\/YXRfSG9sbHl3b29k\/X1dhbGtfb2ZfRmFt\/ZS5qcGc\"><img loading=\"lazy\" decoding=\"async\" class=\"aligncenter \" src=\"https:\/\/imgs.search.brave.com\/ULLPxmE2mE3trFlo4maX-OcPe-nIbgq16ZgBrtAsjoo\/rs:fit:860:0:0:0\/g:ce\/aHR0cHM6Ly91cGxv\/YWQud2lraW1lZGlh\/Lm9yZy93aWtpcGVk\/aWEvY29tbW9ucy9h\/L2E4L0hlcmJpZV9I\/YW5jb2NrX1N0YXJf\/YXRfSG9sbHl3b29k\/X1dhbGtfb2ZfRmFt\/ZS5qcGc\" width=\"472\" height=\"354\" \/><\/a><\/p>\n<p>La UNESCO, xuntu con Herbie Hancock, pianista de jazz y Embaxador de la UNESCO pal Di\u00e1logu Intercultural, lideren esta iniciativa. El <strong><a href=\"https:\/\/hancockinstitute.org\/\">Herbie Hancock Institute of Jazz<\/a>\u200b<\/strong> ye l&#8217;encarg\u00e1u de planiar, promover y producir esta celebraci\u00f3n a\u00f1al.<\/p>\n<p style=\"text-align: center\"><a href=\"https:\/\/imgs.search.brave.com\/j8HMItjmPJs-ORdeFb9s32PlDObHFk8TD51XSYZr1sM\/rs:fit:860:0:0:0\/g:ce\/aHR0cHM6Ly9saXZl\/LnN0YXRpY2ZsaWNr\/ci5jb20vNjU1MzUv\/NTQ0MTI2NTU0ODNf\/Mjk2ZGExNDZhNV96\/LmpwZw\"><img loading=\"lazy\" decoding=\"async\" class=\"aligncenter size-large\" src=\"https:\/\/imgs.search.brave.com\/j8HMItjmPJs-ORdeFb9s32PlDObHFk8TD51XSYZr1sM\/rs:fit:860:0:0:0\/g:ce\/aHR0cHM6Ly9saXZl\/LnN0YXRpY2ZsaWNr\/ci5jb20vNjU1MzUv\/NTQ0MTI2NTU0ODNf\/Mjk2ZGExNDZhNV96\/LmpwZw\" width=\"640\" height=\"427\" \/><\/a><\/p>\n<p>&nbsp;<\/p>\n<p style=\"text-align: center\">\n<!-- iframe plugin v.6.0 wordpress.org\/plugins\/iframe\/ -->\n<iframe loading=\"lazy\" width=\"100%\" height=\"383\" src=\"https:\/\/www.youtube.com\/embed\/FuRbRAExypI\" title=\"Happy Relaxing Music - Jazz For Kids\" frameborder=\"0\" allow=\"accelerometer; autoplay; clipboard-write; encrypted-media; gyroscope; picture-in-picture; web-share\" referrerpolicy=\"strict-origin-when-cross-origin\" 0=\"allowfullscreen\" 1=\"\/iframe\" scrolling=\"yes\" class=\"iframe-class\"><\/iframe>\n<\/p>\n<p>&nbsp;<\/p>\n<p style=\"text-align: center\">\n<!-- iframe plugin v.6.0 wordpress.org\/plugins\/iframe\/ -->\n<iframe loading=\"lazy\" width=\"100%\" height=\"383\" src=\"https:\/\/www.youtube.com\/embed\/V0KOqSHY-XY\" title=\"Jazz Positivo de Marzo - Dulce Jazz de Invierno &amp;amp; Bossa Nova para Relajarse, Estudiar y Trabajar\" frameborder=\"0\" allow=\"accelerometer; autoplay; clipboard-write; encrypted-media; gyroscope; picture-in-picture; web-share\" referrerpolicy=\"strict-origin-when-cross-origin\" 0=\"allowfullscreen\" 1=\"\/iframe\" scrolling=\"yes\" class=\"iframe-class\"><\/iframe>\n<\/p>\n<p style=\"text-align: center\">\n<!-- iframe plugin v.6.0 wordpress.org\/plugins\/iframe\/ -->\n<iframe width=\"\u00bb681&#8243;\" height=\"\u00bb383&#8243;\" src title=\"\u00bb[\ud835\udc2b\ud835\udc1e\ud835\udc25\ud835\udc1a\ud835\udc31\ud835\udc22\ud835\udc27\ud835\udc20\" 0=\"\ud835\uddfd\ud835\uddf9\ud835\uddee\ud835\ude06\ud835\uddf9\ud835\uddf6\ud835\ude00\ud835\ude01\" scrolling=\"yes\" class=\"iframe-class\" frameborder=\"0\"><\/iframe>\n Happy Dance Move with Snoopy \ud83e\udd41\ud83d\udc83 Uplifting Jazz to Boost Your Moods\u00bb frameborder=\u00bb0&#8243; allow=\u00bbaccelerometer; autoplay; clipboard-write; encrypted-media; gyroscope; picture-in-picture; web-share\u00bb referrerpolicy=\u00bbstrict-origin-when-cross-origin\u00bb allowfullscreen \/iframe]<\/p>\n","protected":false},"excerpt":{"rendered":"<p>\u00abEsta xornada tien como oxetivu sensibilizar al p\u00fablicu xeneral sobro les virt\u00faes de la m\u00fasica jazz como ferramienta educativo y como motor pa la paz, la unid\u00e1, el di\u00e1logu y el refuerzu de la cooperaci\u00f3n ente pueblos\u00bb. \u2013UNESCO. Plan pa g\u00fcei: lleer, baillar, escuchar m\u00fasica\u2026<\/p>\n","protected":false},"author":117,"featured_media":0,"comment_status":"open","ping_status":"open","sticky":false,"template":"","format":"standard","meta":{"footnotes":""},"categories":[6,35],"tags":[],"class_list":["post-47007","post","type-post","status-publish","format-standard","hentry","category-dia-de","category-musica"],"_links":{"self":[{"href":"https:\/\/edublog.educastur.es\/ixuxu\/wp-json\/wp\/v2\/posts\/47007","targetHints":{"allow":["GET"]}}],"collection":[{"href":"https:\/\/edublog.educastur.es\/ixuxu\/wp-json\/wp\/v2\/posts"}],"about":[{"href":"https:\/\/edublog.educastur.es\/ixuxu\/wp-json\/wp\/v2\/types\/post"}],"author":[{"embeddable":true,"href":"https:\/\/edublog.educastur.es\/ixuxu\/wp-json\/wp\/v2\/users\/117"}],"replies":[{"embeddable":true,"href":"https:\/\/edublog.educastur.es\/ixuxu\/wp-json\/wp\/v2\/comments?post=47007"}],"version-history":[{"count":9,"href":"https:\/\/edublog.educastur.es\/ixuxu\/wp-json\/wp\/v2\/posts\/47007\/revisions"}],"predecessor-version":[{"id":47085,"href":"https:\/\/edublog.educastur.es\/ixuxu\/wp-json\/wp\/v2\/posts\/47007\/revisions\/47085"}],"wp:attachment":[{"href":"https:\/\/edublog.educastur.es\/ixuxu\/wp-json\/wp\/v2\/media?parent=47007"}],"wp:term":[{"taxonomy":"category","embeddable":true,"href":"https:\/\/edublog.educastur.es\/ixuxu\/wp-json\/wp\/v2\/categories?post=47007"},{"taxonomy":"post_tag","embeddable":true,"href":"https:\/\/edublog.educastur.es\/ixuxu\/wp-json\/wp\/v2\/tags?post=47007"}],"curies":[{"name":"wp","href":"https:\/\/api.w.org\/{rel}","templated":true}]}}