{"id":47015,"date":"2025-05-02T09:34:59","date_gmt":"2025-05-02T07:34:59","guid":{"rendered":"https:\/\/edublog.educastur.es\/ixuxu\/?p=47015"},"modified":"2025-05-06T11:15:10","modified_gmt":"2025-05-06T09:15:10","slug":"vienres-2-de-mayu-naviles","status":"publish","type":"post","link":"https:\/\/edublog.educastur.es\/ixuxu\/2025\/05\/vienres-2-de-mayu-naviles\/","title":{"rendered":"Vienres 2 de mayu n&#8217;Avil\u00e9s, n&#8217;alcordanza de Dami\u00e1n"},"content":{"rendered":"<p>La cultura asturiana rindi homenaxe al periodista Dami\u00e1n Barreiro nun actu musical col t\u00edtulu &#8216;Universu Dami\u00e1n&#8217;. Confirmaron la so presencia artistes y personalidaes que representen el mundu del qu&#8217;escrib\u00eda&#8217;l periodista. La Casa de Cultura d&#8217;Avil\u00e9s va acoyer esti vienres un actu d&#8217;homenaxe al periodista y escritor que fin\u00f3&#8217;l pas\u00e1u 5 de febreru a los 40 a\u00f1os.<\/p>\n<p style=\"text-align: center\"><span class=\"html-span xexx8yu x4uap5 x18d9i69 xkhd6sd x1hl2dhg x16tdsg8 x1vvkbs x3nfvp2 x1j61x8r x1fcty0u xdj266r xat24cr xgzva0m xhhsvwb xxymvpz xlup9mm x1kky2od\">\n<!-- iframe plugin v.6.0 wordpress.org\/plugins\/iframe\/ -->\n<iframe loading=\"lazy\" src=\"https:\/\/www.instagram.com\/reel\/DJKeZ26sVao\/embed\" width=\"460\" height=\"500\" 0=\"\/iframe\" scrolling=\"yes\" class=\"iframe-class\" frameborder=\"0\"><\/iframe>\n<\/span><\/p>\n<p>L&#8217;actu, entam\u00e1u pol Conceyu d&#8217;Avil\u00e9s y la <strong>Xunta pola Defensa de la Llingua Asturiana (XDLA)<\/strong>, organizaci\u00f3n na que militaba&#8217;l periodista.<\/p>\n<p style=\"text-align: center\"><a href=\"https:\/\/www.nortes.me\/wp-content\/uploads\/2025\/02\/damian.jpg\"><img loading=\"lazy\" decoding=\"async\" class=\"aligncenter \" src=\"https:\/\/www.nortes.me\/wp-content\/uploads\/2025\/02\/damian.jpg\" width=\"438\" height=\"431\" \/><\/a><\/p>\n<ul>\n<li><strong>Dami\u00e1n Barreiro<\/strong>:\/ <a href=\"https:\/\/www.instagram.com\/damiandbm\/?hl=es\">Instagram<\/a> \/ <a href=\"https:\/\/www.facebook.com\/damian.barreiro.5\">Facebook<\/a> \/<a href=\"https:\/\/www.youtube.com\/@horrosyfrixuelos\"> canal Youtube <\/a>\/<\/li>\n<li>Noticies: <a href=\"https:\/\/www.nortes.me\/2025\/05\/01\/la-cultura-asturiana-rendira-homenaje-al-periodista-damian-barreiro-en-un-acto-musical\/\">Nortes.me<\/a> \/<\/li>\n<\/ul>\n<p><!--more--><\/p>\n<p>\ud83d\udc99\ud83d\udc9b <em>Ayeri, Avil\u00e9s foi escenariu d\u2019un momentu mui especial n\u2019alcordanza de Dami\u00e1n Barreiro. La conseyera de Cultura, Pol\u00edtica Lling\u00fc\u00edstica y Deporte, Vanessa Guti\u00e9rrez, asisti\u00f3 al homenaxe emotivu \u2018Universu Dami\u00e1n\u2019, periodista compromet\u00edu cola nuestra llingua y cultura, organiz\u00e1u pola Xunta pola Defensa de la Llingua Asturiana. <\/em>\ud83d\ude4f Un reconocimientu m\u00e1s que merec\u00edu a un home que punxo voz y coraz\u00f3n al asturianu dende los medios.<\/p>\n<p style=\"text-align: center\"><span class=\"html-span xexx8yu x4uap5 x18d9i69 xkhd6sd x1hl2dhg x16tdsg8 x1vvkbs x3nfvp2 x1j61x8r x1fcty0u xdj266r xat24cr xgzva0m xhhsvwb xxymvpz xlup9mm x1kky2od\">\n<!-- iframe plugin v.6.0 wordpress.org\/plugins\/iframe\/ -->\n<iframe loading=\"lazy\" src=\"https:\/\/www.instagram.com\/reel\/DJMHbmisvew\/embed\" width=\"260\" height=\"500\" 0=\"\/iframe\" scrolling=\"yes\" class=\"iframe-class\" frameborder=\"0\"><\/iframe>\n<\/span><\/p>\n<p>Col t\u00edtulu <strong>\u2018Universu Dami\u00e1n\u2019,<\/strong> confirmaron la so presencia artistes y personalidaes que representen el mundu del qu&#8217;escrib\u00eda&#8217;l periodista, como los int\u00e9rpretes Rodrigo Cuevas y Mariluz Crist\u00f3bal Caunedo.<\/p>\n<p style=\"text-align: center\">\n<!-- iframe plugin v.6.0 wordpress.org\/plugins\/iframe\/ -->\n<iframe loading=\"lazy\" src=\"https:\/\/www.facebook.com\/plugins\/post.php?href=https%3A%2F%2Fwww.facebook.com%2Fphoto.php%3Ffbid%3D122173754246297870%26set%3Da.122096741246297870%26type%3D3&#038;show_text=false&#038;width=500\" width=\"500\" height=\"684\" style=\"border:none;overflow:hidden\" scrolling=\"no\" frameborder=\"0\" allowfullscreen=\"true\" allow=\"autoplay; clipboard-write; encrypted-media; picture-in-picture; web-share\" 0=\"\/iframe\" class=\"iframe-class\"><\/iframe>\n<\/p>\n<p>La organizaci\u00f3n esplica al travi\u00e9s d&#8217;una nota de prensa que l&#8217;actu ta pens\u00e1u \u00abcon munchu ci\u00f1u\u00bb y \u00abta fechu d&#8217;amist\u00e1\u00bb, por xente que quer\u00eda a Dami\u00e1n y que va recordalu a \u00abla so manera\u00bb. La idea, seg\u00fan recueye Europa Press, ye rendiyi tributu a la so memoria coles coses que-y prestaben, aquelles sobre les qu&#8217;escrib\u00eda y nes que militaba.<\/p>\n<p style=\"text-align: center\">\n<!-- iframe plugin v.6.0 wordpress.org\/plugins\/iframe\/ -->\n<iframe loading=\"lazy\" src=\"https:\/\/www.facebook.com\/plugins\/post.php?href=https%3A%2F%2Fwww.facebook.com%2Fphoto.php%3Ffbid%3D10234796973440383%26set%3Da.4169099340745%26type%3D3&#038;show_text=false&#038;width=500\" width=\"500\" height=\"659\" style=\"border:none;overflow:hidden\" scrolling=\"no\" frameborder=\"0\" allowfullscreen=\"true\" allow=\"autoplay; clipboard-write; encrypted-media; picture-in-picture; web-share\" 0=\"\/iframe\" class=\"iframe-class\"><\/iframe>\n<\/p>\n<p><strong>Llicenci\u00e1u en Periodismu<\/strong> pola Universid\u00e1 del Pa\u00eds Vascu, Barreiro yera ensayista y taba especializ\u00e1u en cuestiones rellacionaes cola cultura asturiana.<\/p>\n<p>&nbsp;<\/p>\n<p style=\"text-align: center\">\n<!-- iframe plugin v.6.0 wordpress.org\/plugins\/iframe\/ -->\n<iframe loading=\"lazy\" src=\"https:\/\/www.facebook.com\/plugins\/post.php?href=https%3A%2F%2Fwww.facebook.com%2Fexunta%2Fposts%2Fpfbid0zRv7XBbPZnVujDecJhwFM5MCcFyxoyFzEqJvk1WrR3LpwNQBj4bbrsu5zFqvQZVyl&#038;show_text=true&#038;width=500\" width=\"500\" height=\"589\" style=\"border:none;overflow:hidden\" scrolling=\"no\" frameborder=\"0\" allowfullscreen=\"true\" allow=\"autoplay; clipboard-write; encrypted-media; picture-in-picture; web-share\" 0=\"\/iframe\" class=\"iframe-class\"><\/iframe>\n<\/p>\n<p style=\"text-align: center\"><span class=\"html-span xexx8yu x4uap5 x18d9i69 xkhd6sd x1hl2dhg x16tdsg8 x1vvkbs x3nfvp2 x1j61x8r x1fcty0u xdj266r xat24cr xgzva0m xhhsvwb xxymvpz xlup9mm x1kky2od\">\n<!-- iframe plugin v.6.0 wordpress.org\/plugins\/iframe\/ -->\n<iframe loading=\"lazy\" src=\"https:\/\/www.instagram.com\/reel\/DD7D1Tksh74\/embed\" width=\"400\" height=\"550\" 0=\"\/iframe\" scrolling=\"yes\" class=\"iframe-class\" frameborder=\"0\"><\/iframe>\n<\/span><\/p>\n<p style=\"text-align: center\"><span class=\"html-span xexx8yu x4uap5 x18d9i69 xkhd6sd x1hl2dhg x16tdsg8 x1vvkbs x3nfvp2 x1j61x8r x1fcty0u xdj266r xat24cr xgzva0m xhhsvwb xxymvpz xlup9mm x1kky2od\">\n<!-- iframe plugin v.6.0 wordpress.org\/plugins\/iframe\/ -->\n<iframe loading=\"lazy\" src=\"https:\/\/www.instagram.com\/reel\/C94E9l4MtCn\/embed\" width=\"400\" height=\"550\" 0=\"\/iframe\" scrolling=\"yes\" class=\"iframe-class\" frameborder=\"0\"><\/iframe>\n<\/span><\/p>\n<p style=\"text-align: center\">\n<!-- iframe plugin v.6.0 wordpress.org\/plugins\/iframe\/ -->\n<iframe loading=\"lazy\" width=\"100%\" height=\"427\" src=\"https:\/\/www.youtube.com\/embed\/fDUp77cFE4A\" title=\"L&#039;asturianu y el cantar del branu\" frameborder=\"0\" allow=\"accelerometer; autoplay; clipboard-write; encrypted-media; gyroscope; picture-in-picture; web-share\" referrerpolicy=\"strict-origin-when-cross-origin\" 0=\"allowfullscreen\" 1=\"\/iframe\" scrolling=\"yes\" class=\"iframe-class\"><\/iframe>\n<\/p>\n","protected":false},"excerpt":{"rendered":"<p>La cultura asturiana rindi homenaxe al periodista Dami\u00e1n Barreiro nun actu musical col t\u00edtulu &#8216;Universu Dami\u00e1n&#8217;. Confirmaron la so presencia artistes y personalidaes que representen el mundu del qu&#8217;escrib\u00eda&#8217;l periodista. La Casa de Cultura d&#8217;Avil\u00e9s va acoyer esti vienres un actu d&#8217;homenaxe al periodista y escritor que fin\u00f3&#8217;l pas\u00e1u 5 de febreru a los 40 [&hellip;]<\/p>\n","protected":false},"author":117,"featured_media":0,"comment_status":"open","ping_status":"open","sticky":false,"template":"","format":"standard","meta":{"footnotes":""},"categories":[215,1],"tags":[],"class_list":["post-47015","post","type-post","status-publish","format-standard","hentry","category-homenaxe","category-sin-categoria"],"_links":{"self":[{"href":"https:\/\/edublog.educastur.es\/ixuxu\/wp-json\/wp\/v2\/posts\/47015","targetHints":{"allow":["GET"]}}],"collection":[{"href":"https:\/\/edublog.educastur.es\/ixuxu\/wp-json\/wp\/v2\/posts"}],"about":[{"href":"https:\/\/edublog.educastur.es\/ixuxu\/wp-json\/wp\/v2\/types\/post"}],"author":[{"embeddable":true,"href":"https:\/\/edublog.educastur.es\/ixuxu\/wp-json\/wp\/v2\/users\/117"}],"replies":[{"embeddable":true,"href":"https:\/\/edublog.educastur.es\/ixuxu\/wp-json\/wp\/v2\/comments?post=47015"}],"version-history":[{"count":21,"href":"https:\/\/edublog.educastur.es\/ixuxu\/wp-json\/wp\/v2\/posts\/47015\/revisions"}],"predecessor-version":[{"id":47659,"href":"https:\/\/edublog.educastur.es\/ixuxu\/wp-json\/wp\/v2\/posts\/47015\/revisions\/47659"}],"wp:attachment":[{"href":"https:\/\/edublog.educastur.es\/ixuxu\/wp-json\/wp\/v2\/media?parent=47015"}],"wp:term":[{"taxonomy":"category","embeddable":true,"href":"https:\/\/edublog.educastur.es\/ixuxu\/wp-json\/wp\/v2\/categories?post=47015"},{"taxonomy":"post_tag","embeddable":true,"href":"https:\/\/edublog.educastur.es\/ixuxu\/wp-json\/wp\/v2\/tags?post=47015"}],"curies":[{"name":"wp","href":"https:\/\/api.w.org\/{rel}","templated":true}]}}