{"id":47024,"date":"2025-04-29T20:00:23","date_gmt":"2025-04-29T18:00:23","guid":{"rendered":"https:\/\/edublog.educastur.es\/ixuxu\/?p=47024"},"modified":"2025-04-30T09:57:24","modified_gmt":"2025-04-30T07:57:24","slug":"la-localida-mas-caliente-de-too-el-pais-ta-guei-nasturies-294-graos","status":"publish","type":"post","link":"https:\/\/edublog.educastur.es\/ixuxu\/2025\/04\/la-localida-mas-caliente-de-too-el-pais-ta-guei-nasturies-294-graos\/","title":{"rendered":"La localid\u00e1 m\u00e1s \u00abcaliente\u00bb de too el pa\u00eds ta g\u00fcei n&#8217;Asturies: 29,4 graos"},"content":{"rendered":"<p style=\"text-align: center\"><a href=\"https:\/\/estaticos-cdn.prensaiberica.es\/clip\/be093fb4-b9c9-4d57-beca-0abc6307ecac_16-9-aspect-ratio_default_0_x371y184.jpg\"><img loading=\"lazy\" decoding=\"async\" class=\"aligncenter size-large\" src=\"https:\/\/estaticos-cdn.prensaiberica.es\/clip\/be093fb4-b9c9-4d57-beca-0abc6307ecac_16-9-aspect-ratio_default_0_x371y184.jpg\" width=\"880\" height=\"495\" \/><\/a><\/p>\n<p class=\"ft-title ft-helper-spacer-b-xs ft-helper-fontSize-heading-M\">La localid\u00e1 m\u00e1s \u00abcaliente\u00bb de too el pa\u00eds ta g\u00fcei n&#8217;Asturies: 29,4 graos. Munchos asturianos viven la matinada\u00bb del apag\u00f3n nes sableres con un tiempu cien per cien veraniega que ma\u00f1ana s&#8217;acaba&#8230;<\/p>\n<ul>\n<li>Fonte:<a href=\"https:\/\/www.lne.es\/asturias\/2025\/04\/29\/localidad-caliente-pais-hoy-asturias-116871694.html?utm_medium=Social&amp;utm_campaign=Echobox&amp;utm_source=Facebook#Echobox=1745943577\"> LNE<\/a> \/<a href=\"https:\/\/twitter.com\/i\/status\/1917123621958439120\"><strong>Aemet<\/strong><\/a> \/<\/li>\n<\/ul>\n<p>El puntu m\u00e1s templ\u00e1u de toa Espa\u00f1a t<strong>a n&#8217;Asturies y m\u00e1s en concretu en Mieres.<\/strong> Los term\u00f3metros algamaron esti martes nel Princip\u00e1u los 29,4 graos.<\/p>\n<p><!--more--><\/p>\n<p>Seg\u00fan datos de l&#8217;<a href=\"https:\/\/t.co\/keCWfwv3Ua\"><strong>Aemet<\/strong><\/a>, Tin\u00e9u (28,7 graos), Salas (28,3),<strong> Uvi\u00e9u (27,5)<\/strong> y Xix\u00f3n (27,5) tami\u00e9n tuvieron mui cerca de llegar a los 30 graos. Ello ye que Tin\u00e9u ye la segunda localid\u00e1 m\u00e1s calorosa del pa\u00eds.<\/p>\n<p>Con esta fola de calor, cien per cien veraniega, vivi\u00f3 Asturies la matinada\u00bb del apag\u00f3n qu&#8217;esti llunes paraliz\u00f3 por completu la Pen\u00ednsula Ib\u00e9rica. Gracies al bon tiempu, munchos asturianos optaron por \u201cdesconectar\u201d del llunes negru que dex\u00f3 ensin electricid\u00e1 tol pa\u00eds a la vera del Cant\u00e1bricu. Eso s\u00ed, el mar, ent\u00e1 fr\u00edu, solo foi aptu para los m\u00e1s valientes. Pero sobro&#8217;l sable les temperatures dexaron esfrutar de bonos ba\u00f1os de sol.<\/p>\n<p><strong>Esti \u00abpreverano\u00bb va durar pocu y la toballa y la sombriella van tener que guardase de nuevu nos pr\u00f3ximos d\u00edes.<\/strong> Seg\u00fan el pron\u00f3sticu de l&#8217;Aemet, ma\u00f1ana mi\u00e9rcoles el d\u00eda na rex\u00f3n va empezar siendo poco nublu, anque les nubes van dir a m\u00e1s mientres la ma\u00f1ana y acabar\u00e1n per cubrir per completu los cielos pela tarde.<\/p>\n<p><strong>Tami\u00e9n s&#8217;esperen ag\u00fces y bastios<\/strong>, que se van estender d&#8217;oeste a este a partir del mediud\u00eda y que van poder dir acompa\u00f1aos dacuando de nubes. Les temperatures van baxar, anque tampoco demasiaos. Los term\u00f3metros van rondar los 22, 23 o 24 graos.<\/p>\n<p>&nbsp;<\/p>\n<p>\u00bfY pa&#8217;l 1 de mayu festivu? M\u00e1s ag\u00fces y temperatures en descensu. En concretu, l&#8217;Aemet preve cielos nublos con ag\u00fces o bastios esvalixaos, m\u00e1s probables mientres la madrugada y pela tarde. La baxada del mercuriu va notase especialmente na franxa mariniega. Y el vienres podr\u00eda llover nuevamente, pero les temperatures volver\u00e1n xubir.<\/p>\n","protected":false},"excerpt":{"rendered":"<p>La localid\u00e1 m\u00e1s \u00abcaliente\u00bb de too el pa\u00eds ta g\u00fcei n&#8217;Asturies: 29,4 graos. Munchos asturianos viven la matinada\u00bb del apag\u00f3n nes sableres con un tiempu cien per cien veraniega que ma\u00f1ana s&#8217;acaba&#8230; Fonte: LNE \/Aemet \/ El puntu m\u00e1s templ\u00e1u de toa Espa\u00f1a ta n&#8217;Asturies y m\u00e1s en concretu en Mieres. Los term\u00f3metros algamaron esti [&hellip;]<\/p>\n","protected":false},"author":117,"featured_media":0,"comment_status":"open","ping_status":"open","sticky":false,"template":"","format":"standard","meta":{"footnotes":""},"categories":[1],"tags":[],"class_list":["post-47024","post","type-post","status-publish","format-standard","hentry","category-sin-categoria"],"_links":{"self":[{"href":"https:\/\/edublog.educastur.es\/ixuxu\/wp-json\/wp\/v2\/posts\/47024","targetHints":{"allow":["GET"]}}],"collection":[{"href":"https:\/\/edublog.educastur.es\/ixuxu\/wp-json\/wp\/v2\/posts"}],"about":[{"href":"https:\/\/edublog.educastur.es\/ixuxu\/wp-json\/wp\/v2\/types\/post"}],"author":[{"embeddable":true,"href":"https:\/\/edublog.educastur.es\/ixuxu\/wp-json\/wp\/v2\/users\/117"}],"replies":[{"embeddable":true,"href":"https:\/\/edublog.educastur.es\/ixuxu\/wp-json\/wp\/v2\/comments?post=47024"}],"version-history":[{"count":3,"href":"https:\/\/edublog.educastur.es\/ixuxu\/wp-json\/wp\/v2\/posts\/47024\/revisions"}],"predecessor-version":[{"id":47033,"href":"https:\/\/edublog.educastur.es\/ixuxu\/wp-json\/wp\/v2\/posts\/47024\/revisions\/47033"}],"wp:attachment":[{"href":"https:\/\/edublog.educastur.es\/ixuxu\/wp-json\/wp\/v2\/media?parent=47024"}],"wp:term":[{"taxonomy":"category","embeddable":true,"href":"https:\/\/edublog.educastur.es\/ixuxu\/wp-json\/wp\/v2\/categories?post=47024"},{"taxonomy":"post_tag","embeddable":true,"href":"https:\/\/edublog.educastur.es\/ixuxu\/wp-json\/wp\/v2\/tags?post=47024"}],"curies":[{"name":"wp","href":"https:\/\/api.w.org\/{rel}","templated":true}]}}